{"id":5761,"date":"2021-10-21T14:44:37","date_gmt":"2021-10-21T14:44:37","guid":{"rendered":"https:\/\/www.folk-travel.com\/?p=5761"},"modified":"2021-11-14T15:01:59","modified_gmt":"2021-11-14T15:01:59","slug":"train-vapeur-martel","status":"publish","type":"post","link":"https:\/\/www.folk-travel.com\/en\/train-steam-martel","title":{"rendered":"Steam Train of Martel"},"content":{"rendered":"<div data-elementor-type=\"wp-post\" data-elementor-id=\"5761\" class=\"elementor elementor-5761\" data-elementor-settings=\"[]\">\n\t\t\t\t\t\t<div class=\"elementor-inner\">\n\t\t\t\t\t\t\t<div class=\"elementor-section-wrap\">\n\t\t\t\t\t\t\t<section class=\"elementor-section elementor-top-section elementor-element elementor-element-a5bb854 elementor-section-stretched elementor-section-full_width elementor-section-height-min-height elementor-section-height-default elementor-section-items-middle\" data-id=\"a5bb854\" data-element_type=\"section\" data-settings=\"{&quot;stretch_section&quot;:&quot;section-stretched&quot;,&quot;background_background&quot;:&quot;classic&quot;}\">\n\t\t\t\t\t\t<div class=\"elementor-container elementor-column-gap-extended\">\n\t\t\t\t\t\t\t<div class=\"elementor-row\">\n\t\t\t\t\t<div class=\"elementor-column elementor-col-100 elementor-top-column elementor-element elementor-element-d5d55e0 sc_layouts_column_icons_position_left\" data-id=\"d5d55e0\" data-element_type=\"column\">\n\t\t\t<div class=\"elementor-column-wrap elementor-element-populated\">\n\t\t\t\t\t\t\t<div class=\"elementor-widget-wrap\">\n\t\t\t\t\t\t<div class=\"elementor-element elementor-element-e60327b style-text-descr elementor-widget elementor-widget-heading\" data-id=\"e60327b\" data-element_type=\"widget\" data-widget_type=\"heading.default\">\n\t\t\t\t<div class=\"elementor-widget-container\">\n\t\t\t<h1 class=\"elementor-heading-title elementor-size-xxl\"><br>Martel and his Steam Train<\/h1>\t\t<\/div>\n\t\t\t\t<\/div>\n\t\t\t\t\t\t<\/div>\n\t\t\t\t\t<\/div>\n\t\t<\/div>\n\t\t\t\t\t\t\t\t<\/div>\n\t\t\t\t\t<\/div>\n\t\t<\/section>\n\t\t\t\t<section class=\"elementor-section elementor-top-section elementor-element elementor-element-f8baba9 elementor-section-stretched elementor-section-boxed elementor-section-height-default elementor-section-height-default\" data-id=\"f8baba9\" data-element_type=\"section\" data-settings=\"{&quot;stretch_section&quot;:&quot;section-stretched&quot;}\">\n\t\t\t\t\t\t<div class=\"elementor-container elementor-column-gap-extended\">\n\t\t\t\t\t\t\t<div class=\"elementor-row\">\n\t\t\t\t\t<div class=\"elementor-column elementor-col-100 elementor-top-column elementor-element elementor-element-1bd83e9 sc_layouts_column_icons_position_left\" data-id=\"1bd83e9\" data-element_type=\"column\">\n\t\t\t<div class=\"elementor-column-wrap elementor-element-populated\">\n\t\t\t\t\t\t\t<div class=\"elementor-widget-wrap\">\n\t\t\t\t\t\t<div class=\"elementor-element elementor-element-dd5be74 elementor-widget elementor-widget-text-editor\" data-id=\"dd5be74\" data-element_type=\"widget\" data-widget_type=\"text-editor.default\">\n\t\t\t\t<div class=\"elementor-widget-container\">\n\t\t\t\t\t\t\t\t<div class=\"elementor-text-editor elementor-clearfix\">\n\t\t\t\t<p><span style=\"font-weight: 400;\">To begin with, if you visit Martel, focus your visit on the steam train programme first. It's a real step back in time that we were lucky enough to enjoy.<\/span><\/p><p>The <b>village of Martel<\/b> is a must-see in the Lot! This village is the starting point of our road trip in the Dordogne Valley before continuing the visit to Carennac and Collonges la Rouge.<\/p>\t\t\t\t\t<\/div>\n\t\t\t\t\t\t<\/div>\n\t\t\t\t<\/div>\n\t\t\t\t\t\t<\/div>\n\t\t\t\t\t<\/div>\n\t\t<\/div>\n\t\t\t\t\t\t\t\t<\/div>\n\t\t\t\t\t<\/div>\n\t\t<\/section>\n\t\t\t\t<section class=\"elementor-section elementor-top-section elementor-element elementor-element-8189dd6 elementor-section-full_width elementor-section-height-default elementor-section-height-default\" data-id=\"8189dd6\" data-element_type=\"section\">\n\t\t\t\t\t\t<div class=\"elementor-container elementor-column-gap-narrow\">\n\t\t\t\t\t\t\t<div class=\"elementor-row\">\n\t\t\t\t\t<div class=\"elementor-column elementor-col-100 elementor-top-column elementor-element elementor-element-6834ab7 sc_layouts_column_icons_position_left\" data-id=\"6834ab7\" data-element_type=\"column\">\n\t\t\t<div class=\"elementor-column-wrap elementor-element-populated\">\n\t\t\t\t\t\t\t<div class=\"elementor-widget-wrap\">\n\t\t\t\t\t\t<div class=\"elementor-element elementor-element-1f61dc7 elementor-widget elementor-widget-heading\" data-id=\"1f61dc7\" data-element_type=\"widget\" data-widget_type=\"heading.default\">\n\t\t\t\t<div class=\"elementor-widget-container\">\n\t\t\t<h2 class=\"elementor-heading-title elementor-size-default\">The Steam Train of Martel<\/h2>\t\t<\/div>\n\t\t\t\t<\/div>\n\t\t\t\t<div class=\"elementor-element elementor-element-05d8b6c elementor-widget elementor-widget-text-editor\" data-id=\"05d8b6c\" data-element_type=\"widget\" data-widget_type=\"text-editor.default\">\n\t\t\t\t<div class=\"elementor-widget-container\">\n\t\t\t\t\t\t\t\t<div class=\"elementor-text-editor elementor-clearfix\">\n\t\t\t\t<p><span style=\"font-weight: 400;\">The railway line is cut into the Mirandol cliff. It used to serve as a link between Bordeaux and Aurillac in the 1889s.<\/span><\/p><p><span style=\"font-weight: 400;\">Today it has been taken over by an association since 1991. Indeed, volunteers worked on the repair of the line from 1991 to 1997 before putting it into service.<\/span><\/p><p><span style=\"font-weight: 400;\">It operates 8km of line but only a 6.5km section is currently in use. Work is underway to extend the route. For a <\/span><b>11 euros per adult and 7 euros per child<\/b><span style=\"font-weight: 400;\">In short, you will be helping the <a href=\"https:\/\/trainduhautquercy.info\/\" target=\"_blank\" rel=\"noopener\">steam train of Martel in haut Quercy<\/a> to maintain this beautiful course.<\/span><\/p>\t\t\t\t\t<\/div>\n\t\t\t\t\t\t<\/div>\n\t\t\t\t<\/div>\n\t\t\t\t<section class=\"elementor-section elementor-inner-section elementor-element elementor-element-d2f243e elementor-section-boxed elementor-section-height-default elementor-section-height-default\" data-id=\"d2f243e\" data-element_type=\"section\">\n\t\t\t\t\t\t<div class=\"elementor-container elementor-column-gap-extended\">\n\t\t\t\t\t\t\t<div class=\"elementor-row\">\n\t\t\t\t\t<div class=\"elementor-column elementor-col-100 elementor-inner-column elementor-element elementor-element-4821f21 sc_layouts_column_icons_position_left\" data-id=\"4821f21\" data-element_type=\"column\">\n\t\t\t<div class=\"elementor-column-wrap elementor-element-populated\">\n\t\t\t\t\t\t\t<div class=\"elementor-widget-wrap\">\n\t\t\t\t\t\t<div class=\"elementor-element elementor-element-1e1c1a3 elementor-widget elementor-widget-image\" data-id=\"1e1c1a3\" data-element_type=\"widget\" data-widget_type=\"image.default\">\n\t\t\t\t<div class=\"elementor-widget-container\">\n\t\t\t\t\t\t\t\t<div class=\"elementor-image\">\n\t\t\t\t\t\t\t\t\t\t\t\t\t<a href=\"https:\/\/www.folk-travel.com\/wp-content\/uploads\/2021\/09\/Gare-train-vapeur-Martel.jpg\" data-elementor-open-lightbox=\"yes\" data-elementor-lightbox-title=\"Gare du Train \u00e0 Vapeur de Martel\" data-elementor-lightbox-description=\"depuis l&#039;entr\u00e9e de la gare de Martel\">\n\t\t\t\t\t\t\t<img src=\"https:\/\/www.folk-travel.com\/wp-content\/uploads\/elementor\/thumbs\/Gare-train-vapeur-Martel-ptui53gtmxsr6rj50bwmgbrq5kheswphomofuzp1q8.jpg\" title=\"Martel Steam Train Station\" alt=\"Martel Steam Train Station\" \/>\t\t\t\t\t\t\t\t<\/a>\n\t\t\t\t\t\t\t\t\t\t\t\t\t\t<\/div>\n\t\t\t\t\t\t<\/div>\n\t\t\t\t<\/div>\n\t\t\t\t\t\t<\/div>\n\t\t\t\t\t<\/div>\n\t\t<\/div>\n\t\t\t\t\t\t\t\t<\/div>\n\t\t\t\t\t<\/div>\n\t\t<\/section>\n\t\t\t\t<section class=\"elementor-section elementor-inner-section elementor-element elementor-element-078dc74 elementor-section-boxed elementor-section-height-default elementor-section-height-default\" data-id=\"078dc74\" data-element_type=\"section\">\n\t\t\t\t\t\t<div class=\"elementor-container elementor-column-gap-extended\">\n\t\t\t\t\t\t\t<div class=\"elementor-row\">\n\t\t\t\t\t<div class=\"elementor-column elementor-col-50 elementor-inner-column elementor-element elementor-element-b3fa652 sc_layouts_column_icons_position_left\" data-id=\"b3fa652\" data-element_type=\"column\">\n\t\t\t<div class=\"elementor-column-wrap elementor-element-populated\">\n\t\t\t\t\t\t\t<div class=\"elementor-widget-wrap\">\n\t\t\t\t\t\t<div class=\"elementor-element elementor-element-0d3256f elementor-widget elementor-widget-image\" data-id=\"0d3256f\" data-element_type=\"widget\" data-widget_type=\"image.default\">\n\t\t\t\t<div class=\"elementor-widget-container\">\n\t\t\t\t\t\t\t\t<div class=\"elementor-image\">\n\t\t\t\t\t\t\t\t\t\t\t\t<img src=\"https:\/\/www.folk-travel.com\/wp-content\/uploads\/elementor\/thumbs\/Locomotive-train-vapeur-Martel-scaled-ptui53gtmxsr6rj50bwmgbrq5kheswphomofuzp1q8.jpg\" title=\"Locomotive train vapeur Martel\" alt=\"Locomotive \u00e0 vapeur de Martel\" \/>\t\t\t\t\t\t\t\t\t\t\t\t\t\t<\/div>\n\t\t\t\t\t\t<\/div>\n\t\t\t\t<\/div>\n\t\t\t\t\t\t<\/div>\n\t\t\t\t\t<\/div>\n\t\t<\/div>\n\t\t\t\t<div class=\"elementor-column elementor-col-50 elementor-inner-column elementor-element elementor-element-c123e4e sc_layouts_column_icons_position_left\" data-id=\"c123e4e\" data-element_type=\"column\">\n\t\t\t<div class=\"elementor-column-wrap elementor-element-populated\">\n\t\t\t\t\t\t\t<div class=\"elementor-widget-wrap\">\n\t\t\t\t\t\t<div class=\"elementor-element elementor-element-08956b8 elementor-widget elementor-widget-image\" data-id=\"08956b8\" data-element_type=\"widget\" data-widget_type=\"image.default\">\n\t\t\t\t<div class=\"elementor-widget-container\">\n\t\t\t\t\t\t\t\t<div class=\"elementor-image\">\n\t\t\t\t\t\t\t\t\t\t\t\t\t<a href=\"https:\/\/www.folk-travel.com\/wp-content\/uploads\/2021\/09\/Pont-train-Martel-scaled.jpg\" data-elementor-open-lightbox=\"yes\" data-elementor-lightbox-title=\"Pont depuis le train de Martel\" data-elementor-lightbox-description=\"les locomotives avec wagons ouvert pour une vue panoramique sur la vall\u00e9e de la Dordogne\">\n\t\t\t\t\t\t\t<img src=\"https:\/\/www.folk-travel.com\/wp-content\/uploads\/elementor\/thumbs\/Pont-train-Martel-scaled-ptui51l599q6jjlvbb3dbc8sysqodii10ddgwfru2o.jpg\" title=\"Bridge from the Martel train\" alt=\"Bridge from the Martel train\" \/>\t\t\t\t\t\t\t\t<\/a>\n\t\t\t\t\t\t\t\t\t\t\t\t\t\t<\/div>\n\t\t\t\t\t\t<\/div>\n\t\t\t\t<\/div>\n\t\t\t\t\t\t<\/div>\n\t\t\t\t\t<\/div>\n\t\t<\/div>\n\t\t\t\t\t\t\t\t<\/div>\n\t\t\t\t\t<\/div>\n\t\t<\/section>\n\t\t\t\t<div class=\"elementor-element elementor-element-7de106f elementor-widget elementor-widget-heading\" data-id=\"7de106f\" data-element_type=\"widget\" data-widget_type=\"heading.default\">\n\t\t\t\t<div class=\"elementor-widget-container\">\n\t\t\t<h3 class=\"elementor-heading-title elementor-size-default\">Steam Train Itinerary<\/h3>\t\t<\/div>\n\t\t\t\t<\/div>\n\t\t\t\t\t\t<\/div>\n\t\t\t\t\t<\/div>\n\t\t<\/div>\n\t\t\t\t\t\t\t\t<\/div>\n\t\t\t\t\t<\/div>\n\t\t<\/section>\n\t\t\t\t<section class=\"elementor-section elementor-top-section elementor-element elementor-element-18ca80e elementor-section-boxed elementor-section-height-default elementor-section-height-default\" data-id=\"18ca80e\" data-element_type=\"section\">\n\t\t\t\t\t\t<div class=\"elementor-container elementor-column-gap-extended\">\n\t\t\t\t\t\t\t<div class=\"elementor-row\">\n\t\t\t\t\t<div class=\"elementor-column elementor-col-100 elementor-top-column elementor-element elementor-element-4da8179 sc_layouts_column_icons_position_left\" data-id=\"4da8179\" data-element_type=\"column\">\n\t\t\t<div class=\"elementor-column-wrap elementor-element-populated\">\n\t\t\t\t\t\t\t<div class=\"elementor-widget-wrap\">\n\t\t\t\t\t\t<div class=\"elementor-element elementor-element-6600922 elementor-widget elementor-widget-text-editor\" data-id=\"6600922\" data-element_type=\"widget\" data-widget_type=\"text-editor.default\">\n\t\t\t\t<div class=\"elementor-widget-container\">\n\t\t\t\t\t\t\t\t<div class=\"elementor-text-editor elementor-clearfix\">\n\t\t\t\t<p>The train leaves Martel from the old station, you can find it by looking for the Chemin de Fer Touristique du Haut Quercy.<br \/><span style=\"font-size: 17px; letter-spacing: -0.6px;\"><br \/>The journey takes about 1 hour. The Martel train route has various stops on the way there and on the way back. A small refreshment stand is set up to quench one's thirst while the locomotive is being pressurised again.\u00a0<\/span><span style=\"font-size: 17px; letter-spacing: -0.6px;\">We really wanted to do this trip with the steam train. There is also the possibility of doing the route by diesel train, but this reduces the charm of the route.<\/span><span style=\"font-size: 17px; letter-spacing: -0.6px;\"><br \/><\/span><\/p>\t\t\t\t\t<\/div>\n\t\t\t\t\t\t<\/div>\n\t\t\t\t<\/div>\n\t\t\t\t<div class=\"elementor-element elementor-element-824df7d elementor-widget elementor-widget-image\" data-id=\"824df7d\" data-element_type=\"widget\" data-widget_type=\"image.default\">\n\t\t\t\t<div class=\"elementor-widget-container\">\n\t\t\t\t\t\t\t\t<div class=\"elementor-image\">\n\t\t\t\t\t\t\t\t\t\t\t\t\t<a href=\"https:\/\/www.folk-travel.com\/wp-content\/uploads\/2021\/09\/Vue-falaise-train-martel.jpg\" data-elementor-open-lightbox=\"yes\" data-elementor-lightbox-title=\"les falaises depuis le train \u00e0 vapeur de Martel\" data-elementor-lightbox-description=\"Itin\u00e9raire en Train \u00e0 Martel au Haut Quercy\">\n\t\t\t\t\t\t\t<img width=\"1024\" height=\"683\" src=\"https:\/\/www.folk-travel.com\/wp-content\/uploads\/2021\/09\/Vue-falaise-train-martel-1024x683.jpg\" class=\"attachment-large size-large\" alt=\"Falaise visible lors du trajet du train \u00e0 vapeur de Martel\" loading=\"lazy\" srcset=\"https:\/\/www.folk-travel.com\/wp-content\/uploads\/2021\/09\/Vue-falaise-train-martel-1024x683.jpg 1024w, https:\/\/www.folk-travel.com\/wp-content\/uploads\/2021\/09\/Vue-falaise-train-martel-300x200.jpg 300w, https:\/\/www.folk-travel.com\/wp-content\/uploads\/2021\/09\/Vue-falaise-train-martel-768x512.jpg 768w, https:\/\/www.folk-travel.com\/wp-content\/uploads\/2021\/09\/Vue-falaise-train-martel-1536x1024.jpg 1536w, https:\/\/www.folk-travel.com\/wp-content\/uploads\/2021\/09\/Vue-falaise-train-martel-16x12.jpg 16w, https:\/\/www.folk-travel.com\/wp-content\/uploads\/2021\/09\/Vue-falaise-train-martel-370x247.jpg 370w, https:\/\/www.folk-travel.com\/wp-content\/uploads\/2021\/09\/Vue-falaise-train-martel-760x507.jpg 760w, https:\/\/www.folk-travel.com\/wp-content\/uploads\/2021\/09\/Vue-falaise-train-martel.jpg 1800w\" sizes=\"(max-width: 1024px) 100vw, 1024px\" \/>\t\t\t\t\t\t\t\t<\/a>\n\t\t\t\t\t\t\t\t\t\t\t\t\t\t<\/div>\n\t\t\t\t\t\t<\/div>\n\t\t\t\t<\/div>\n\t\t\t\t<section class=\"elementor-section elementor-inner-section elementor-element elementor-element-211469e elementor-section-boxed elementor-section-height-default elementor-section-height-default\" data-id=\"211469e\" data-element_type=\"section\">\n\t\t\t\t\t\t<div class=\"elementor-container elementor-column-gap-extended\">\n\t\t\t\t\t\t\t<div class=\"elementor-row\">\n\t\t\t\t\t<div class=\"elementor-column elementor-col-50 elementor-inner-column elementor-element elementor-element-b4f4fa0 sc_layouts_column_icons_position_left\" data-id=\"b4f4fa0\" data-element_type=\"column\">\n\t\t\t<div class=\"elementor-column-wrap elementor-element-populated\">\n\t\t\t\t\t\t\t<div class=\"elementor-widget-wrap\">\n\t\t\t\t\t\t<div class=\"elementor-element elementor-element-35dae34 elementor-widget elementor-widget-image\" data-id=\"35dae34\" data-element_type=\"widget\" data-widget_type=\"image.default\">\n\t\t\t\t<div class=\"elementor-widget-container\">\n\t\t\t\t\t\t\t\t<div class=\"elementor-image\">\n\t\t\t\t\t\t\t\t\t\t\t\t\t<a href=\"https:\/\/www.folk-travel.com\/wp-content\/uploads\/2021\/09\/Interieur-wagon-train-Martel-scaled.jpg\" data-elementor-open-lightbox=\"yes\" data-elementor-lightbox-title=\"Interieur du wagon de Martel\" data-elementor-lightbox-description=\"Si\u00e8ge en bois ancien pour s&#039;assoir dans le train de Martel\">\n\t\t\t\t\t\t\t<img width=\"768\" height=\"1024\" src=\"https:\/\/www.folk-travel.com\/wp-content\/uploads\/2021\/09\/Interieur-wagon-train-Martel-768x1024.jpg\" class=\"attachment-medium_large size-medium_large\" alt=\"wagon fauteuil bois du train vapeur de Martel\" loading=\"lazy\" srcset=\"https:\/\/www.folk-travel.com\/wp-content\/uploads\/2021\/09\/Interieur-wagon-train-Martel-768x1024.jpg 768w, https:\/\/www.folk-travel.com\/wp-content\/uploads\/2021\/09\/Interieur-wagon-train-Martel-225x300.jpg 225w, https:\/\/www.folk-travel.com\/wp-content\/uploads\/2021\/09\/Interieur-wagon-train-Martel-1152x1536.jpg 1152w, https:\/\/www.folk-travel.com\/wp-content\/uploads\/2021\/09\/Interieur-wagon-train-Martel-scaled.jpg 1536w, https:\/\/www.folk-travel.com\/wp-content\/uploads\/2021\/09\/Interieur-wagon-train-Martel-9x12.jpg 9w, https:\/\/www.folk-travel.com\/wp-content\/uploads\/2021\/09\/Interieur-wagon-train-Martel-370x493.jpg 370w, https:\/\/www.folk-travel.com\/wp-content\/uploads\/2021\/09\/Interieur-wagon-train-Martel-760x1013.jpg 760w\" sizes=\"(max-width: 768px) 100vw, 768px\" \/>\t\t\t\t\t\t\t\t<\/a>\n\t\t\t\t\t\t\t\t\t\t\t\t\t\t<\/div>\n\t\t\t\t\t\t<\/div>\n\t\t\t\t<\/div>\n\t\t\t\t\t\t<\/div>\n\t\t\t\t\t<\/div>\n\t\t<\/div>\n\t\t\t\t<div class=\"elementor-column elementor-col-50 elementor-inner-column elementor-element elementor-element-4456e1a sc_layouts_column_icons_position_left\" data-id=\"4456e1a\" data-element_type=\"column\">\n\t\t\t<div class=\"elementor-column-wrap elementor-element-populated\">\n\t\t\t\t\t\t\t<div class=\"elementor-widget-wrap\">\n\t\t\t\t\t\t<div class=\"elementor-element elementor-element-1683cc0 elementor-widget elementor-widget-image\" data-id=\"1683cc0\" data-element_type=\"widget\" data-widget_type=\"image.default\">\n\t\t\t\t<div class=\"elementor-widget-container\">\n\t\t\t\t\t\t\t\t<div class=\"elementor-image\">\n\t\t\t\t\t\t\t\t\t\t\t\t\t<a href=\"https:\/\/www.folk-travel.com\/wp-content\/uploads\/2021\/10\/Guichet-train-Martel-scaled.jpg\" data-elementor-open-lightbox=\"yes\" data-elementor-lightbox-title=\"Guichet-train-Martel\">\n\t\t\t\t\t\t\t<img width=\"768\" height=\"1024\" src=\"https:\/\/www.folk-travel.com\/wp-content\/uploads\/2021\/10\/Guichet-train-Martel-768x1024.jpg\" class=\"attachment-medium_large size-medium_large\" alt=\"guichet mus\u00e9e gare train vapeur Martel\" loading=\"lazy\" srcset=\"https:\/\/www.folk-travel.com\/wp-content\/uploads\/2021\/10\/Guichet-train-Martel-768x1024.jpg 768w, https:\/\/www.folk-travel.com\/wp-content\/uploads\/2021\/10\/Guichet-train-Martel-225x300.jpg 225w, https:\/\/www.folk-travel.com\/wp-content\/uploads\/2021\/10\/Guichet-train-Martel-1152x1536.jpg 1152w, https:\/\/www.folk-travel.com\/wp-content\/uploads\/2021\/10\/Guichet-train-Martel-scaled.jpg 1536w, https:\/\/www.folk-travel.com\/wp-content\/uploads\/2021\/10\/Guichet-train-Martel-9x12.jpg 9w, https:\/\/www.folk-travel.com\/wp-content\/uploads\/2021\/10\/Guichet-train-Martel-370x493.jpg 370w, https:\/\/www.folk-travel.com\/wp-content\/uploads\/2021\/10\/Guichet-train-Martel-760x1013.jpg 760w\" sizes=\"(max-width: 768px) 100vw, 768px\" \/>\t\t\t\t\t\t\t\t<\/a>\n\t\t\t\t\t\t\t\t\t\t\t\t\t\t<\/div>\n\t\t\t\t\t\t<\/div>\n\t\t\t\t<\/div>\n\t\t\t\t\t\t<\/div>\n\t\t\t\t\t<\/div>\n\t\t<\/div>\n\t\t\t\t\t\t\t\t<\/div>\n\t\t\t\t\t<\/div>\n\t\t<\/section>\n\t\t\t\t<section class=\"elementor-section elementor-inner-section elementor-element elementor-element-2398edb elementor-section-boxed elementor-section-height-default elementor-section-height-default\" data-id=\"2398edb\" data-element_type=\"section\">\n\t\t\t\t\t\t<div class=\"elementor-container elementor-column-gap-extended\">\n\t\t\t\t\t\t\t<div class=\"elementor-row\">\n\t\t\t\t\t<div class=\"elementor-column elementor-col-50 elementor-inner-column elementor-element elementor-element-6be306b sc_layouts_column_icons_position_left\" data-id=\"6be306b\" data-element_type=\"column\">\n\t\t\t<div class=\"elementor-column-wrap elementor-element-populated\">\n\t\t\t\t\t\t\t<div class=\"elementor-widget-wrap\">\n\t\t\t\t\t\t<div class=\"elementor-element elementor-element-d34b9d3 elementor-widget elementor-widget-image\" data-id=\"d34b9d3\" data-element_type=\"widget\" data-widget_type=\"image.default\">\n\t\t\t\t<div class=\"elementor-widget-container\">\n\t\t\t\t\t\t\t\t<div class=\"elementor-image\">\n\t\t\t\t\t\t\t\t\t\t\t\t\t<a href=\"https:\/\/www.folk-travel.com\/wp-content\/uploads\/2021\/09\/Rocher-train-Martel-scaled.jpg\" data-elementor-open-lightbox=\"yes\" data-elementor-lightbox-title=\"Rocher imposant falaise\" data-elementor-lightbox-description=\"sur le c\u00f4t\u00e9 vous longez la falaise\">\n\t\t\t\t\t\t\t<img width=\"768\" height=\"1024\" src=\"https:\/\/www.folk-travel.com\/wp-content\/uploads\/2021\/09\/Rocher-train-Martel-768x1024.jpg\" class=\"attachment-medium_large size-medium_large\" alt=\"Rocher sur la voie du train \u00e0 vapeur de Martel\" loading=\"lazy\" srcset=\"https:\/\/www.folk-travel.com\/wp-content\/uploads\/2021\/09\/Rocher-train-Martel-768x1024.jpg 768w, https:\/\/www.folk-travel.com\/wp-content\/uploads\/2021\/09\/Rocher-train-Martel-225x300.jpg 225w, https:\/\/www.folk-travel.com\/wp-content\/uploads\/2021\/09\/Rocher-train-Martel-1152x1536.jpg 1152w, https:\/\/www.folk-travel.com\/wp-content\/uploads\/2021\/09\/Rocher-train-Martel-scaled.jpg 1536w, https:\/\/www.folk-travel.com\/wp-content\/uploads\/2021\/09\/Rocher-train-Martel-9x12.jpg 9w, https:\/\/www.folk-travel.com\/wp-content\/uploads\/2021\/09\/Rocher-train-Martel-370x493.jpg 370w, https:\/\/www.folk-travel.com\/wp-content\/uploads\/2021\/09\/Rocher-train-Martel-760x1013.jpg 760w\" sizes=\"(max-width: 768px) 100vw, 768px\" \/>\t\t\t\t\t\t\t\t<\/a>\n\t\t\t\t\t\t\t\t\t\t\t\t\t\t<\/div>\n\t\t\t\t\t\t<\/div>\n\t\t\t\t<\/div>\n\t\t\t\t\t\t<\/div>\n\t\t\t\t\t<\/div>\n\t\t<\/div>\n\t\t\t\t<div class=\"elementor-column elementor-col-50 elementor-inner-column elementor-element elementor-element-8f20186 sc_layouts_column_icons_position_left\" data-id=\"8f20186\" data-element_type=\"column\">\n\t\t\t<div class=\"elementor-column-wrap elementor-element-populated\">\n\t\t\t\t\t\t\t<div class=\"elementor-widget-wrap\">\n\t\t\t\t\t\t<div class=\"elementor-element elementor-element-c76f51b elementor-widget elementor-widget-image\" data-id=\"c76f51b\" data-element_type=\"widget\" data-widget_type=\"image.default\">\n\t\t\t\t<div class=\"elementor-widget-container\">\n\t\t\t\t\t\t\t\t<div class=\"elementor-image\">\n\t\t\t\t\t\t\t\t\t\t\t\t\t<a href=\"https:\/\/www.folk-travel.com\/wp-content\/uploads\/2021\/09\/Tunnel-tour-train-Martel-scaled.jpg\" data-elementor-open-lightbox=\"yes\" data-elementor-lightbox-title=\"Tunnel train\">\n\t\t\t\t\t\t\t<img width=\"768\" height=\"1024\" src=\"https:\/\/www.folk-travel.com\/wp-content\/uploads\/2021\/09\/Tunnel-tour-train-Martel-768x1024.jpg\" class=\"attachment-medium_large size-medium_large\" alt=\"Tunnel du train \u00e0 vapeur de Martel dans le Lot\" loading=\"lazy\" srcset=\"https:\/\/www.folk-travel.com\/wp-content\/uploads\/2021\/09\/Tunnel-tour-train-Martel-768x1024.jpg 768w, https:\/\/www.folk-travel.com\/wp-content\/uploads\/2021\/09\/Tunnel-tour-train-Martel-225x300.jpg 225w, https:\/\/www.folk-travel.com\/wp-content\/uploads\/2021\/09\/Tunnel-tour-train-Martel-1152x1536.jpg 1152w, https:\/\/www.folk-travel.com\/wp-content\/uploads\/2021\/09\/Tunnel-tour-train-Martel-scaled.jpg 1536w, https:\/\/www.folk-travel.com\/wp-content\/uploads\/2021\/09\/Tunnel-tour-train-Martel-9x12.jpg 9w, https:\/\/www.folk-travel.com\/wp-content\/uploads\/2021\/09\/Tunnel-tour-train-Martel-370x493.jpg 370w, https:\/\/www.folk-travel.com\/wp-content\/uploads\/2021\/09\/Tunnel-tour-train-Martel-760x1013.jpg 760w\" sizes=\"(max-width: 768px) 100vw, 768px\" \/>\t\t\t\t\t\t\t\t<\/a>\n\t\t\t\t\t\t\t\t\t\t\t\t\t\t<\/div>\n\t\t\t\t\t\t<\/div>\n\t\t\t\t<\/div>\n\t\t\t\t\t\t<\/div>\n\t\t\t\t\t<\/div>\n\t\t<\/div>\n\t\t\t\t\t\t\t\t<\/div>\n\t\t\t\t\t<\/div>\n\t\t<\/section>\n\t\t\t\t<div class=\"elementor-element elementor-element-39d6416 elementor-widget elementor-widget-heading\" data-id=\"39d6416\" data-element_type=\"widget\" data-widget_type=\"heading.default\">\n\t\t\t\t<div class=\"elementor-widget-container\">\n\t\t\t<h3 class=\"elementor-heading-title elementor-size-default\">When does the steam train run?<\/h3>\t\t<\/div>\n\t\t\t\t<\/div>\n\t\t\t\t<div class=\"elementor-element elementor-element-124b1b4 elementor-widget elementor-widget-text-editor\" data-id=\"124b1b4\" data-element_type=\"widget\" data-widget_type=\"text-editor.default\">\n\t\t\t\t<div class=\"elementor-widget-container\">\n\t\t\t\t\t\t\t\t<div class=\"elementor-text-editor elementor-clearfix\">\n\t\t\t\t<p><span style=\"font-family: Convergence, sans-serif; font-size: 17px; font-weight: 400; font-style: normal; letter-spacing: -0.6px;\">The steam train runs<span style=\"font-weight: 700; color: rgb(50, 41, 35);\">&nbsp;from April to June on Sundays and public holidays at 11 am \/ 2.30 pm and 4 pm.<br>In July until 10 July on Wednesdays and Sundays and until the end of August every day except Saturday.<br>In September only on Sundays<\/span>.<br><\/span><span style=\"font-family: Convergence, sans-serif; font-size: 17px; font-weight: 400; font-style: normal; margin-bottom: 0px; letter-spacing: -0.6px;\"><br>Please note that you have to arrive 1 hour before to get a seat, even if you book online the seat is not guaranteed. In the train there are seats but also standing places. Please note that the benches are rather uncomfortable but we move constantly to take pictures.<\/span><span style=\"font-size: 17px; letter-spacing: -0.6px;\"><br><\/span><\/p>\t\t\t\t\t<\/div>\n\t\t\t\t\t\t<\/div>\n\t\t\t\t<\/div>\n\t\t\t\t<div class=\"elementor-element elementor-element-a53abb2 elementor-widget elementor-widget-heading\" data-id=\"a53abb2\" data-element_type=\"widget\" data-widget_type=\"heading.default\">\n\t\t\t\t<div class=\"elementor-widget-container\">\n\t\t\t<h3 class=\"elementor-heading-title elementor-size-default\">The best seat in the train for the best view<\/h3>\t\t<\/div>\n\t\t\t\t<\/div>\n\t\t\t\t\t\t<\/div>\n\t\t\t\t\t<\/div>\n\t\t<\/div>\n\t\t\t\t\t\t\t\t<\/div>\n\t\t\t\t\t<\/div>\n\t\t<\/section>\n\t\t\t\t<section class=\"elementor-section elementor-top-section elementor-element elementor-element-1f3013b elementor-section-boxed elementor-section-height-default elementor-section-height-default\" data-id=\"1f3013b\" data-element_type=\"section\">\n\t\t\t\t\t\t<div class=\"elementor-container elementor-column-gap-extended\">\n\t\t\t\t\t\t\t<div class=\"elementor-row\">\n\t\t\t\t\t<div class=\"elementor-column elementor-col-100 elementor-top-column elementor-element elementor-element-68ff56d sc_layouts_column_icons_position_left\" data-id=\"68ff56d\" data-element_type=\"column\">\n\t\t\t<div class=\"elementor-column-wrap elementor-element-populated\">\n\t\t\t\t\t\t\t<div class=\"elementor-widget-wrap\">\n\t\t\t\t\t\t<div class=\"elementor-element elementor-element-a69d2b4 elementor-widget elementor-widget-text-editor\" data-id=\"a69d2b4\" data-element_type=\"widget\" data-widget_type=\"text-editor.default\">\n\t\t\t\t<div class=\"elementor-widget-container\">\n\t\t\t\t\t\t\t\t<div class=\"elementor-text-editor elementor-clearfix\">\n\t\t\t\t<p>Friends photographers, this is the main element where to position yourself to take the best views of the course ?\u00a0When you look at the route, it goes from Martel to St-Denis-Les-Martel, place yourself on the right side when you look at the nose of the locomotive.<br \/>Indeed, on the outward journey the locomotive goes in reverse because everything is downhill, on the return journey it pulls and shows all its power on the way up.<\/p><p>Note: you will pass through tunnels, some of which are 400 metres long, the experience is unforgettable with the coal steam rushing in! We got some soot on our faces and clothes, yes obviously going back leaves its mark.<\/p><p>Did you know that? The train from Martel is called the <b>Truffadou <\/b>because it allowed the transport of the Truffle in the 1890s. To transport it to Paris in less than 15 hours as opposed to 60 hours with the stagecoach in 1840. This guaranteed the best freshness and aroused the jealousy of the \"gabariers\" who on several occasions ransacked the railway line.\u00a0<\/p>\t\t\t\t\t<\/div>\n\t\t\t\t\t\t<\/div>\n\t\t\t\t<\/div>\n\t\t\t\t<div class=\"elementor-element elementor-element-5eacf80 elementor-widget elementor-widget-heading\" data-id=\"5eacf80\" data-element_type=\"widget\" data-widget_type=\"heading.default\">\n\t\t\t\t<div class=\"elementor-widget-container\">\n\t\t\t<h2 class=\"elementor-heading-title elementor-size-default\">Martel : <br>the City of Seven Towers<\/h2>\t\t<\/div>\n\t\t\t\t<\/div>\n\t\t\t\t<section class=\"elementor-section elementor-inner-section elementor-element elementor-element-26bb04a elementor-section-boxed elementor-section-height-default elementor-section-height-default\" data-id=\"26bb04a\" data-element_type=\"section\">\n\t\t\t\t\t\t<div class=\"elementor-container elementor-column-gap-extended\">\n\t\t\t\t\t\t\t<div class=\"elementor-row\">\n\t\t\t\t\t<div class=\"elementor-column elementor-col-50 elementor-inner-column elementor-element elementor-element-76f98ec sc_layouts_column_icons_position_left\" data-id=\"76f98ec\" data-element_type=\"column\">\n\t\t\t<div class=\"elementor-column-wrap elementor-element-populated\">\n\t\t\t\t\t\t\t<div class=\"elementor-widget-wrap\">\n\t\t\t\t\t\t<div class=\"elementor-element elementor-element-b6db50f elementor-widget elementor-widget-image\" data-id=\"b6db50f\" data-element_type=\"widget\" data-widget_type=\"image.default\">\n\t\t\t\t<div class=\"elementor-widget-container\">\n\t\t\t\t\t\t\t\t<div class=\"elementor-image\">\n\t\t\t\t\t\t\t\t\t\t\t\t<img width=\"768\" height=\"1024\" src=\"https:\/\/www.folk-travel.com\/wp-content\/uploads\/2021\/10\/Ruelle-Martel-Lot-2-768x1024.jpg\" class=\"attachment-medium_large size-medium_large\" alt=\"Martel lane Lot of stone house church\" loading=\"lazy\" srcset=\"https:\/\/www.folk-travel.com\/wp-content\/uploads\/2021\/10\/Ruelle-Martel-Lot-2-768x1024.jpg 768w, https:\/\/www.folk-travel.com\/wp-content\/uploads\/2021\/10\/Ruelle-Martel-Lot-2-225x300.jpg 225w, https:\/\/www.folk-travel.com\/wp-content\/uploads\/2021\/10\/Ruelle-Martel-Lot-2-1152x1536.jpg 1152w, https:\/\/www.folk-travel.com\/wp-content\/uploads\/2021\/10\/Ruelle-Martel-Lot-2-scaled.jpg 1536w, https:\/\/www.folk-travel.com\/wp-content\/uploads\/2021\/10\/Ruelle-Martel-Lot-2-9x12.jpg 9w, https:\/\/www.folk-travel.com\/wp-content\/uploads\/2021\/10\/Ruelle-Martel-Lot-2-370x493.jpg 370w, https:\/\/www.folk-travel.com\/wp-content\/uploads\/2021\/10\/Ruelle-Martel-Lot-2-760x1013.jpg 760w\" sizes=\"(max-width: 768px) 100vw, 768px\" \/>\t\t\t\t\t\t\t\t\t\t\t\t\t\t<\/div>\n\t\t\t\t\t\t<\/div>\n\t\t\t\t<\/div>\n\t\t\t\t\t\t<\/div>\n\t\t\t\t\t<\/div>\n\t\t<\/div>\n\t\t\t\t<div class=\"elementor-column elementor-col-50 elementor-inner-column elementor-element elementor-element-22b774e sc_layouts_column_icons_position_left\" data-id=\"22b774e\" data-element_type=\"column\">\n\t\t\t<div class=\"elementor-column-wrap elementor-element-populated\">\n\t\t\t\t\t\t\t<div class=\"elementor-widget-wrap\">\n\t\t\t\t\t\t<div class=\"elementor-element elementor-element-e19e72d elementor-widget elementor-widget-image\" data-id=\"e19e72d\" data-element_type=\"widget\" data-widget_type=\"image.default\">\n\t\t\t\t<div class=\"elementor-widget-container\">\n\t\t\t\t\t\t\t\t<div class=\"elementor-image\">\n\t\t\t\t\t\t\t\t\t\t\t\t<img width=\"768\" height=\"1024\" src=\"https:\/\/www.folk-travel.com\/wp-content\/uploads\/2021\/10\/Cave-vin-Cahors-768x1024.jpg\" class=\"attachment-medium_large size-medium_large\" alt=\"Boutique Cave du Leopard avec du vin \u00e0 Martel Lot France\" loading=\"lazy\" srcset=\"https:\/\/www.folk-travel.com\/wp-content\/uploads\/2021\/10\/Cave-vin-Cahors-768x1024.jpg 768w, https:\/\/www.folk-travel.com\/wp-content\/uploads\/2021\/10\/Cave-vin-Cahors-225x300.jpg 225w, https:\/\/www.folk-travel.com\/wp-content\/uploads\/2021\/10\/Cave-vin-Cahors-1152x1536.jpg 1152w, https:\/\/www.folk-travel.com\/wp-content\/uploads\/2021\/10\/Cave-vin-Cahors-scaled.jpg 1536w, https:\/\/www.folk-travel.com\/wp-content\/uploads\/2021\/10\/Cave-vin-Cahors-9x12.jpg 9w, https:\/\/www.folk-travel.com\/wp-content\/uploads\/2021\/10\/Cave-vin-Cahors-370x493.jpg 370w, https:\/\/www.folk-travel.com\/wp-content\/uploads\/2021\/10\/Cave-vin-Cahors-760x1013.jpg 760w\" sizes=\"(max-width: 768px) 100vw, 768px\" \/>\t\t\t\t\t\t\t\t\t\t\t\t\t\t<\/div>\n\t\t\t\t\t\t<\/div>\n\t\t\t\t<\/div>\n\t\t\t\t\t\t<\/div>\n\t\t\t\t\t<\/div>\n\t\t<\/div>\n\t\t\t\t\t\t\t\t<\/div>\n\t\t\t\t\t<\/div>\n\t\t<\/section>\n\t\t\t\t<section class=\"elementor-section elementor-inner-section elementor-element elementor-element-05e4a40 elementor-section-boxed elementor-section-height-default elementor-section-height-default\" data-id=\"05e4a40\" data-element_type=\"section\">\n\t\t\t\t\t\t<div class=\"elementor-container elementor-column-gap-extended\">\n\t\t\t\t\t\t\t<div class=\"elementor-row\">\n\t\t\t\t\t<div class=\"elementor-column elementor-col-50 elementor-inner-column elementor-element elementor-element-0bf360c sc_layouts_column_icons_position_left\" data-id=\"0bf360c\" data-element_type=\"column\">\n\t\t\t<div class=\"elementor-column-wrap elementor-element-populated\">\n\t\t\t\t\t\t\t<div class=\"elementor-widget-wrap\">\n\t\t\t\t\t\t<div class=\"elementor-element elementor-element-9cd918c elementor-widget elementor-widget-image\" data-id=\"9cd918c\" data-element_type=\"widget\" data-widget_type=\"image.default\">\n\t\t\t\t<div class=\"elementor-widget-container\">\n\t\t\t\t\t\t\t\t<div class=\"elementor-image\">\n\t\t\t\t\t\t\t\t\t\t\t\t<img width=\"768\" height=\"1024\" src=\"https:\/\/www.folk-travel.com\/wp-content\/uploads\/2021\/10\/Restaurant-Martel-Lot-768x1024.jpg\" class=\"attachment-medium_large size-medium_large\" alt=\"Restaurant le Cr\u00e9puscule \u00e0 Martel Lot France\" loading=\"lazy\" srcset=\"https:\/\/www.folk-travel.com\/wp-content\/uploads\/2021\/10\/Restaurant-Martel-Lot-768x1024.jpg 768w, https:\/\/www.folk-travel.com\/wp-content\/uploads\/2021\/10\/Restaurant-Martel-Lot-225x300.jpg 225w, https:\/\/www.folk-travel.com\/wp-content\/uploads\/2021\/10\/Restaurant-Martel-Lot-1152x1536.jpg 1152w, https:\/\/www.folk-travel.com\/wp-content\/uploads\/2021\/10\/Restaurant-Martel-Lot-scaled.jpg 1536w, https:\/\/www.folk-travel.com\/wp-content\/uploads\/2021\/10\/Restaurant-Martel-Lot-9x12.jpg 9w, https:\/\/www.folk-travel.com\/wp-content\/uploads\/2021\/10\/Restaurant-Martel-Lot-370x493.jpg 370w, https:\/\/www.folk-travel.com\/wp-content\/uploads\/2021\/10\/Restaurant-Martel-Lot-760x1013.jpg 760w\" sizes=\"(max-width: 768px) 100vw, 768px\" \/>\t\t\t\t\t\t\t\t\t\t\t\t\t\t<\/div>\n\t\t\t\t\t\t<\/div>\n\t\t\t\t<\/div>\n\t\t\t\t\t\t<\/div>\n\t\t\t\t\t<\/div>\n\t\t<\/div>\n\t\t\t\t<div class=\"elementor-column elementor-col-50 elementor-inner-column elementor-element elementor-element-f73205f sc_layouts_column_icons_position_left\" data-id=\"f73205f\" data-element_type=\"column\">\n\t\t\t<div class=\"elementor-column-wrap elementor-element-populated\">\n\t\t\t\t\t\t\t<div class=\"elementor-widget-wrap\">\n\t\t\t\t\t\t<div class=\"elementor-element elementor-element-45c0765 elementor-widget elementor-widget-image\" data-id=\"45c0765\" data-element_type=\"widget\" data-widget_type=\"image.default\">\n\t\t\t\t<div class=\"elementor-widget-container\">\n\t\t\t\t\t\t\t\t<div class=\"elementor-image\">\n\t\t\t\t\t\t\t\t\t\t\t\t<img width=\"768\" height=\"1024\" src=\"https:\/\/www.folk-travel.com\/wp-content\/uploads\/2021\/10\/Place-Fleurs-Martel-768x1024.jpg\" class=\"attachment-medium_large size-medium_large\" alt=\"Office de Tourisme Martel Lot peintres\" loading=\"lazy\" srcset=\"https:\/\/www.folk-travel.com\/wp-content\/uploads\/2021\/10\/Place-Fleurs-Martel-768x1024.jpg 768w, https:\/\/www.folk-travel.com\/wp-content\/uploads\/2021\/10\/Place-Fleurs-Martel-225x300.jpg 225w, https:\/\/www.folk-travel.com\/wp-content\/uploads\/2021\/10\/Place-Fleurs-Martel-1152x1536.jpg 1152w, https:\/\/www.folk-travel.com\/wp-content\/uploads\/2021\/10\/Place-Fleurs-Martel-scaled.jpg 1536w, https:\/\/www.folk-travel.com\/wp-content\/uploads\/2021\/10\/Place-Fleurs-Martel-9x12.jpg 9w, https:\/\/www.folk-travel.com\/wp-content\/uploads\/2021\/10\/Place-Fleurs-Martel-370x493.jpg 370w, https:\/\/www.folk-travel.com\/wp-content\/uploads\/2021\/10\/Place-Fleurs-Martel-760x1013.jpg 760w\" sizes=\"(max-width: 768px) 100vw, 768px\" \/>\t\t\t\t\t\t\t\t\t\t\t\t\t\t<\/div>\n\t\t\t\t\t\t<\/div>\n\t\t\t\t<\/div>\n\t\t\t\t\t\t<\/div>\n\t\t\t\t\t<\/div>\n\t\t<\/div>\n\t\t\t\t\t\t\t\t<\/div>\n\t\t\t\t\t<\/div>\n\t\t<\/section>\n\t\t\t\t<div class=\"elementor-element elementor-element-3d1d512 elementor-widget elementor-widget-text-editor\" data-id=\"3d1d512\" data-element_type=\"widget\" data-widget_type=\"text-editor.default\">\n\t\t\t\t<div class=\"elementor-widget-container\">\n\t\t\t\t\t\t\t\t<div class=\"elementor-text-editor elementor-clearfix\">\n\t\t\t\t<p>Martel, is the<b> the City of Seven Towers <\/b>where one likes to stroll at any time of the year. Lose yourself in each alley, you will feel like in the Middle Ages with its fortified houses that have made a unique architectural heritage.<\/p>\t\t\t\t\t<\/div>\n\t\t\t\t\t\t<\/div>\n\t\t\t\t<\/div>\n\t\t\t\t<div class=\"elementor-element elementor-element-28d618d elementor-widget elementor-widget-heading\" data-id=\"28d618d\" data-element_type=\"widget\" data-widget_type=\"heading.default\">\n\t\t\t\t<div class=\"elementor-widget-container\">\n\t\t\t<h3 class=\"elementor-heading-title elementor-size-default\">Martel, a merchant city<\/h3>\t\t<\/div>\n\t\t\t\t<\/div>\n\t\t\t\t<div class=\"elementor-element elementor-element-8c86b97 elementor-widget elementor-widget-text-editor\" data-id=\"8c86b97\" data-element_type=\"widget\" data-widget_type=\"text-editor.default\">\n\t\t\t\t<div class=\"elementor-widget-container\">\n\t\t\t\t\t\t\t\t<div class=\"elementor-text-editor elementor-clearfix\">\n\t\t\t\t<p><span style=\"font-size: 17px; letter-spacing: -0.6px;\">It was founded in the 11th century by the Viscounts of Turenne, who we invite you to see our article on <b>Turenne<\/b> here. Martel was for 500 years the capital of the Quercy region.<br \/><\/span><span style=\"font-size: 17px; letter-spacing: -0.6px;\"><br \/>Unlike other villages of the time, for example Rocamadour, Martel was not born of a religious foundation but owes its creation to its strategic location.\u00a0 It is situated on a choice North-South axis at the crossroads of the West-East route for the transport of salt and wine from Aquitaine. It was not until the 19th century that the line became successful thanks to the truffle trade.<br \/><\/span><span style=\"font-size: 17px; letter-spacing: -0.6px;\"><br \/>It quickly became a rich trading town from the 1100s. Later it became an essential stop for pilgrims on their way to Rocamadour.<\/span><\/p>\t\t\t\t\t<\/div>\n\t\t\t\t\t\t<\/div>\n\t\t\t\t<\/div>\n\t\t\t\t<div class=\"elementor-element elementor-element-961fbf4 elementor-widget elementor-widget-heading\" data-id=\"961fbf4\" data-element_type=\"widget\" data-widget_type=\"heading.default\">\n\t\t\t\t<div class=\"elementor-widget-container\">\n\t\t\t<h3 class=\"elementor-heading-title elementor-size-default\">The belly of Martel: the Place des Consuls<\/h3>\t\t<\/div>\n\t\t\t\t<\/div>\n\t\t\t\t<div class=\"elementor-element elementor-element-2f4a0aa elementor-widget elementor-widget-text-editor\" data-id=\"2f4a0aa\" data-element_type=\"widget\" data-widget_type=\"text-editor.default\">\n\t\t\t\t<div class=\"elementor-widget-container\">\n\t\t\t\t\t\t\t\t<div class=\"elementor-text-editor elementor-clearfix\">\n\t\t\t\t<p><span style=\"font-size: 17px; letter-spacing: -0.6px;\">As proof, when you arrive in Martel, you will be surprised by its&nbsp;<\/span><b style=\"font-family: inherit; font-style: inherit; letter-spacing: -0.6px;\">traditional market&nbsp;<\/b><span style=\"font-size: 17px; letter-spacing: -0.6px;\">under the covered market hall in the centre of the square called the Place des Consuls. Indeed, the market of Martel takes place on Wednesday and Saturday mornings where breeders and sellers of the region stroll. Let yourself be tempted to taste the best local products.<\/span><\/p>\n<p>Enjoy the <b>Palace of the Raymondi <\/b>built between 1280 and 1330 by the tax collector Bernard Raimondi. Its large tower later became a bell tower.\u00a0 The Tournemire square tower is one of the largest in Martel and was used as a prison for the town.<\/p>\n<p>A little further on you will see the high bell tower of the church of Saint-Maur which served as a defence of the town for fear that it would be attacked like the capture of Bergerac in August 1345.<\/p>\t\t\t\t\t<\/div>\n\t\t\t\t\t\t<\/div>\n\t\t\t\t<\/div>\n\t\t\t\t<div class=\"elementor-element elementor-element-4d4e530 elementor-widget elementor-widget-heading\" data-id=\"4d4e530\" data-element_type=\"widget\" data-widget_type=\"heading.default\">\n\t\t\t\t<div class=\"elementor-widget-container\">\n\t\t\t<h3 class=\"elementor-heading-title elementor-size-default\">Folk-Travel's advice<\/h3>\t\t<\/div>\n\t\t\t\t<\/div>\n\t\t\t\t<div class=\"elementor-element elementor-element-25f35d1 elementor-widget elementor-widget-text-editor\" data-id=\"25f35d1\" data-element_type=\"widget\" data-widget_type=\"text-editor.default\">\n\t\t\t\t<div class=\"elementor-widget-container\">\n\t\t\t\t\t\t\t\t<div class=\"elementor-text-editor elementor-clearfix\">\n\t\t\t\t<p style=\"font-family: Convergence, sans-serif; font-size: 17px; font-weight: 400; font-style: normal; letter-spacing: -0.6px;\">Finally, we advise you to park in the free Martel car park<span style=\"font-weight: bold; color: #322923;\">\u00a0parking monti\u00a0<\/span>north of Martel.<\/p><p style=\"font-family: Convergence, sans-serif; font-size: 17px; font-weight: 400; font-style: normal; letter-spacing: -0.6px;\"><u>Restaurants in Martel\u00a0<\/u>:<br \/>Nous avons test\u00e9 le\u00a0<span style=\"font-weight: bold; color: #322923;\">Bistrot des Consuls<\/span>\u00a0for local dishes and the<span style=\"font-weight: bold; color: #322923;\">\u00a0Sans-Lys<\/span>\u00a0for these large, hearty pizzas.<br \/>Like us, Martel will delight you for a stopover during your stay in the Lot.\u00a0<\/p>\t\t\t\t\t<\/div>\n\t\t\t\t\t\t<\/div>\n\t\t\t\t<\/div>\n\t\t\t\t\t\t<\/div>\n\t\t\t\t\t<\/div>\n\t\t<\/div>\n\t\t\t\t\t\t\t\t<\/div>\n\t\t\t\t\t<\/div>\n\t\t<\/section>\n\t\t\t\t<section class=\"elementor-section elementor-top-section elementor-element elementor-element-e391d98 elementor-section-boxed elementor-section-height-default elementor-section-height-default\" data-id=\"e391d98\" data-element_type=\"section\">\n\t\t\t\t\t\t<div class=\"elementor-container elementor-column-gap-extended\">\n\t\t\t\t\t\t\t<div class=\"elementor-row\">\n\t\t\t\t\t<div class=\"elementor-column elementor-col-100 elementor-top-column elementor-element elementor-element-2870060 sc_layouts_column_icons_position_left\" data-id=\"2870060\" data-element_type=\"column\">\n\t\t\t<div class=\"elementor-column-wrap elementor-element-populated\">\n\t\t\t\t\t\t\t<div class=\"elementor-widget-wrap\">\n\t\t\t\t\t\t<div class=\"elementor-element elementor-element-6976574 elementor-widget elementor-widget-template\" data-id=\"6976574\" data-element_type=\"widget\" data-widget_type=\"template.default\">\n\t\t\t\t<div class=\"elementor-widget-container\">\n\t\t\t\t\t<div class=\"elementor-template\">\n\t\t\t\t\t<div data-elementor-type=\"section\" data-elementor-id=\"5097\" class=\"elementor elementor-5097\" data-elementor-settings=\"[]\">\n\t\t<div class=\"elementor-section-wrap\">\n\t\t\t\t\t<section class=\"elementor-section elementor-top-section elementor-element elementor-element-9f88506 elementor-section-content-top elementor-section-boxed elementor-section-height-default elementor-section-height-default\" data-id=\"9f88506\" data-element_type=\"section\" data-settings=\"{&quot;background_background&quot;:&quot;classic&quot;}\">\n\t\t\t\t\t\t<div class=\"elementor-container elementor-column-gap-no\">\n\t\t\t\t\t\t\t<div class=\"elementor-row\">\n\t\t\t\t\t<div class=\"elementor-column elementor-col-50 elementor-top-column elementor-element elementor-element-5532853 sc_layouts_column_icons_position_left\" data-id=\"5532853\" data-element_type=\"column\">\n\t\t\t<div class=\"elementor-column-wrap elementor-element-populated\">\n\t\t\t\t\t\t\t<div class=\"elementor-widget-wrap\">\n\t\t\t\t\t\t<div class=\"elementor-element elementor-element-b2588f8 elementor-widget elementor-widget-image\" data-id=\"b2588f8\" data-element_type=\"widget\" data-widget_type=\"image.default\">\n\t\t\t\t<div class=\"elementor-widget-container\">\n\t\t\t\t\t\t\t\t<div class=\"elementor-image\">\n\t\t\t\t\t\t\t\t\t\t\t\t<img width=\"150\" height=\"150\" src=\"https:\/\/www.folk-travel.com\/wp-content\/uploads\/2020\/07\/Xavier-Florence-couple-photographes-150x150.jpg\" class=\"attachment-thumbnail size-thumbnail\" alt=\"photo couple photographe\" loading=\"lazy\" srcset=\"https:\/\/www.folk-travel.com\/wp-content\/uploads\/2020\/07\/Xavier-Florence-couple-photographes-150x150.jpg 150w, https:\/\/www.folk-travel.com\/wp-content\/uploads\/2020\/07\/Xavier-Florence-couple-photographes-90x90.jpg 90w, https:\/\/www.folk-travel.com\/wp-content\/uploads\/2020\/07\/Xavier-Florence-couple-photographes-370x370.jpg 370w\" sizes=\"(max-width: 150px) 100vw, 150px\" \/>\t\t\t\t\t\t\t\t\t\t\t\t\t\t<\/div>\n\t\t\t\t\t\t<\/div>\n\t\t\t\t<\/div>\n\t\t\t\t<div class=\"elementor-element elementor-element-bcd2314 elementor-widget elementor-widget-template\" data-id=\"bcd2314\" data-element_type=\"widget\" data-widget_type=\"template.default\">\n\t\t\t\t<div class=\"elementor-widget-container\">\n\t\t\t\t\t<div class=\"elementor-template\">\n\t\t\t\t\t<div data-elementor-type=\"section\" data-elementor-id=\"5112\" class=\"elementor elementor-5112\" data-elementor-settings=\"[]\">\n\t\t<div class=\"elementor-section-wrap\">\n\t\t\t\t\t<section class=\"elementor-section elementor-top-section elementor-element elementor-element-3612ca8 elementor-section-boxed elementor-section-height-default elementor-section-height-default\" data-id=\"3612ca8\" data-element_type=\"section\">\n\t\t\t\t\t\t<div class=\"elementor-container elementor-column-gap-extended\">\n\t\t\t\t\t\t\t<div class=\"elementor-row\">\n\t\t\t\t\t<div class=\"elementor-column elementor-col-100 elementor-top-column elementor-element elementor-element-781524e sc_layouts_column_icons_position_left\" data-id=\"781524e\" data-element_type=\"column\">\n\t\t\t<div class=\"elementor-column-wrap elementor-element-populated\">\n\t\t\t\t\t\t\t<div class=\"elementor-widget-wrap\">\n\t\t\t\t\t\t<div class=\"elementor-element elementor-element-2500df2 elementor-widget elementor-widget-image\" data-id=\"2500df2\" data-element_type=\"widget\" data-widget_type=\"image.default\">\n\t\t\t\t<div class=\"elementor-widget-container\">\n\t\t\t\t\t\t\t\t<div class=\"elementor-image\">\n\t\t\t\t\t\t\t\t\t\t\t\t\t<a href=\"https:\/\/www.instagram.com\/flography33\" target=\"_blank\">\n\t\t\t\t\t\t\t<img src=\"https:\/\/www.folk-travel.com\/wp-content\/uploads\/elementor\/thumbs\/instagram-icon-black-logo-ptui3sgwhhzma3cm6e07xu3riga4ludv69j1oq3t3s.png\" title=\"compte Instagram\" alt=\"logo noir instagram\" \/>\t\t\t\t\t\t\t\t<\/a>\n\t\t\t\t\t\t\t\t\t\t\t\t\t\t<\/div>\n\t\t\t\t\t\t<\/div>\n\t\t\t\t<\/div>\n\t\t\t\t<div class=\"elementor-element elementor-element-a2c2d0d elementor-absolute elementor-widget elementor-widget-image\" data-id=\"a2c2d0d\" data-element_type=\"widget\" data-settings=\"{&quot;_position&quot;:&quot;absolute&quot;}\" data-widget_type=\"image.default\">\n\t\t\t\t<div class=\"elementor-widget-container\">\n\t\t\t\t\t\t\t\t<div class=\"elementor-image\">\n\t\t\t\t\t\t\t\t\t\t\t\t\t<a href=\"https:\/\/www.instagram.com\/xavierdigitalnomad\" target=\"_blank\">\n\t\t\t\t\t\t\t<img src=\"https:\/\/www.folk-travel.com\/wp-content\/uploads\/elementor\/thumbs\/instagram-icon-black-logo-ptui3sgwhhzma3cm6e07xu3riga4ludv69j1oq3t3s.png\" title=\"compte Instagram\" alt=\"logo noir instagram\" \/>\t\t\t\t\t\t\t\t<\/a>\n\t\t\t\t\t\t\t\t\t\t\t\t\t\t<\/div>\n\t\t\t\t\t\t<\/div>\n\t\t\t\t<\/div>\n\t\t\t\t\t\t<\/div>\n\t\t\t\t\t<\/div>\n\t\t<\/div>\n\t\t\t\t\t\t\t\t<\/div>\n\t\t\t\t\t<\/div>\n\t\t<\/section>\n\t\t\t\t<\/div>\n\t\t<\/div>\n\t\t\t\t<\/div>\n\t\t\t\t<\/div>\n\t\t\t\t<\/div>\n\t\t\t\t\t\t<\/div>\n\t\t\t\t\t<\/div>\n\t\t<\/div>\n\t\t\t\t<div class=\"elementor-column elementor-col-50 elementor-top-column elementor-element elementor-element-9f5d2a5 sc_layouts_column_icons_position_left\" data-id=\"9f5d2a5\" data-element_type=\"column\">\n\t\t\t<div class=\"elementor-column-wrap elementor-element-populated\">\n\t\t\t\t\t\t\t<div class=\"elementor-widget-wrap\">\n\t\t\t\t\t\t<div class=\"elementor-element elementor-element-40d123e elementor-widget elementor-widget-heading\" data-id=\"40d123e\" data-element_type=\"widget\" data-widget_type=\"heading.default\">\n\t\t\t\t<div class=\"elementor-widget-container\">\n\t\t\t<span class=\"elementor-heading-title elementor-size-default\"><a href=\"https:\/\/www.folk-travel.com\/en\/about-us\/\" target=\"_blank\">Florence & Xavier<\/a><\/span>\t\t<\/div>\n\t\t\t\t<\/div>\n\t\t\t\t<div class=\"elementor-element elementor-element-76167c4 elementor-widget elementor-widget-spacer\" data-id=\"76167c4\" data-element_type=\"widget\" data-widget_type=\"spacer.default\">\n\t\t\t\t<div class=\"elementor-widget-container\">\n\t\t\t\t\t<div class=\"elementor-spacer\">\n\t\t\t<div class=\"elementor-spacer-inner\"><\/div>\n\t\t<\/div>\n\t\t\t\t<\/div>\n\t\t\t\t<\/div>\n\t\t\t\t<div class=\"elementor-element elementor-element-5c47899 elementor-widget elementor-widget-text-editor\" data-id=\"5c47899\" data-element_type=\"widget\" data-widget_type=\"text-editor.default\">\n\t\t\t\t<div class=\"elementor-widget-container\">\n\t\t\t\t\t\t\t\t<div class=\"elementor-text-editor elementor-clearfix\">\n\t\t\t\t<p>Founders of Folk-Travel<\/p>\t\t\t\t\t<\/div>\n\t\t\t\t\t\t<\/div>\n\t\t\t\t<\/div>\n\t\t\t\t<div class=\"elementor-element elementor-element-b70fcb3 elementor-widget elementor-widget-text-editor\" data-id=\"b70fcb3\" data-element_type=\"widget\" data-widget_type=\"text-editor.default\">\n\t\t\t\t<div class=\"elementor-widget-container\">\n\t\t\t\t\t\t\t\t<div class=\"elementor-text-editor elementor-clearfix\">\n\t\t\t\t<p>\u26f0\ufe0f Globetrotters and landscape photographer. We had a passion in common when we met, that of great landscapes.\u00a0 It was enough for us to travel all over the world in search of the most beautiful photogenic spots. We take time for details, authenticity while remaining natural. Back from our road-trips we reveal our best places.<br>&nbsp;We take time for details and authenticity while remaining natural. Back from our road-trips we reveal our best places.<\/p>\t\t\t\t\t<\/div>\n\t\t\t\t\t\t<\/div>\n\t\t\t\t<\/div>\n\t\t\t\t<div class=\"elementor-element elementor-element-49b5f32 elementor-widget elementor-widget-text-editor\" data-id=\"49b5f32\" data-element_type=\"widget\" data-widget_type=\"text-editor.default\">\n\t\t\t\t<div class=\"elementor-widget-container\">\n\t\t\t\t\t\t\t\t<div class=\"elementor-text-editor elementor-clearfix\">\n\t\t\t\t<p>Article published on :\u00a0<\/p>\t\t\t\t\t<\/div>\n\t\t\t\t\t\t<\/div>\n\t\t\t\t<\/div>\n\t\t\t\t<div class=\"elementor-element elementor-element-0693bd2 elementor-widget elementor-widget-post-info\" data-id=\"0693bd2\" data-element_type=\"widget\" data-widget_type=\"post-info.default\">\n\t\t\t\t<div class=\"elementor-widget-container\">\n\t\t\t\t\t<ul class=\"elementor-inline-items elementor-icon-list-items elementor-post-info\">\n\t\t\t\t\t\t\t\t<li class=\"elementor-icon-list-item elementor-repeater-item-cdab7de elementor-inline-item\" =\"datePublished\">\n\t\t\t\t\t\t<a href=\"https:\/\/www.folk-travel.com\/en\/2021\/10\/21\">\n\t\t\t\t\t\t\t\t\t\t\t<span class=\"elementor-icon-list-icon\">\n\t\t\t\t\t\t\t\t<svg aria-hidden=\"true\" class=\"e-font-icon-svg\"><use xlink:href=\"#fas-calendar\" \/><\/svg>\t\t\t\t\t\t\t<\/span>\n\t\t\t\t\t\t\t\t\t<span class=\"elementor-icon-list-text elementor-post-info__item elementor-post-info__item--type-date\">\n\t\t\t\t\t\t\t\t\t\tOctober 21, 2021\t\t\t\t\t<\/span>\n\t\t\t\t\t\t\t\t\t<\/a>\n\t\t\t\t<\/li>\n\t\t\t\t<li class=\"elementor-icon-list-item elementor-repeater-item-198aebd elementor-inline-item\">\n\t\t\t\t\t\t\t\t\t\t<span class=\"elementor-icon-list-icon\">\n\t\t\t\t\t\t\t\t<svg aria-hidden=\"true\" class=\"e-font-icon-svg\"><use xlink:href=\"#far-clock\" \/><\/svg>\t\t\t\t\t\t\t<\/span>\n\t\t\t\t\t\t\t\t\t<span class=\"elementor-icon-list-text elementor-post-info__item elementor-post-info__item--type-time\">\n\t\t\t\t\t\t\t\t\t\t14:44\t\t\t\t\t<\/span>\n\t\t\t\t\t\t\t\t<\/li>\n\t\t\t\t<li class=\"elementor-icon-list-item elementor-repeater-item-c167582 elementor-inline-item\" =\"commentCount\">\n\t\t\t\t\t\t<a href=\"https:\/\/www.folk-travel.com\/en\/train-steam-martel?noamp=mobile#respond\">\n\t\t\t\t\t\t\t\t\t\t\t<span class=\"elementor-icon-list-icon\">\n\t\t\t\t\t\t\t\t<svg aria-hidden=\"true\" class=\"e-font-icon-svg\"><use xlink:href=\"#far-comment-dots\" \/><\/svg>\t\t\t\t\t\t\t<\/span>\n\t\t\t\t\t\t\t\t\t<span class=\"elementor-icon-list-text elementor-post-info__item elementor-post-info__item--type-comments\">\n\t\t\t\t\t\t\t\t\t\tNo Comments\t\t\t\t\t<\/span>\n\t\t\t\t\t\t\t\t\t<\/a>\n\t\t\t\t<\/li>\n\t\t\t\t<\/ul>\n\t\t\t\t<\/div>\n\t\t\t\t<\/div>\n\t\t\t\t\t\t<\/div>\n\t\t\t\t\t<\/div>\n\t\t<\/div>\n\t\t\t\t\t\t\t\t<\/div>\n\t\t\t\t\t<\/div>\n\t\t<\/section>\n\t\t\t\t<section class=\"elementor-section elementor-top-section elementor-element elementor-element-0cfcd3c elementor-section-boxed elementor-section-height-default elementor-section-height-default\" data-id=\"0cfcd3c\" data-element_type=\"section\">\n\t\t\t\t\t\t<div class=\"elementor-container elementor-column-gap-extended\">\n\t\t\t\t\t\t\t<div class=\"elementor-row\">\n\t\t\t\t\t<div class=\"elementor-column elementor-col-50 elementor-top-column elementor-element elementor-element-87bc567 sc_layouts_column_icons_position_left\" data-id=\"87bc567\" data-element_type=\"column\">\n\t\t\t<div class=\"elementor-column-wrap\">\n\t\t\t\t\t\t\t<div class=\"elementor-widget-wrap\">\n\t\t\t\t\t\t\t\t<\/div>\n\t\t\t\t\t<\/div>\n\t\t<\/div>\n\t\t\t\t<div class=\"elementor-column elementor-col-50 elementor-top-column elementor-element elementor-element-eafb3cc sc_layouts_column_icons_position_left\" data-id=\"eafb3cc\" data-element_type=\"column\">\n\t\t\t<div class=\"elementor-column-wrap\">\n\t\t\t\t\t\t\t<div class=\"elementor-widget-wrap\">\n\t\t\t\t\t\t\t\t<\/div>\n\t\t\t\t\t<\/div>\n\t\t<\/div>\n\t\t\t\t\t\t\t\t<\/div>\n\t\t\t\t\t<\/div>\n\t\t<\/section>\n\t\t\t\t<\/div>\n\t\t<\/div>\n\t\t\t\t<\/div>\n\t\t\t\t<\/div>\n\t\t\t\t<\/div>\n\t\t\t\t\t\t<\/div>\n\t\t\t\t\t<\/div>\n\t\t<\/div>\n\t\t\t\t\t\t\t\t<\/div>\n\t\t\t\t\t<\/div>\n\t\t<\/section>\n\t\t\t\t\t\t<\/div>\n\t\t\t\t\t\t<\/div>\n\t\t\t\t\t<\/div>","protected":false},"excerpt":{"rendered":"<p>Martel et son Train \u00e0 Vapeur Pour commencer , si vous visitez Martel, axez d&#8217;abord votre visite lorsque la programmation du train \u00e0 vapeur est&hellip;<\/p>","protected":false},"author":1,"featured_media":5912,"comment_status":"open","ping_status":"open","sticky":false,"template":"","format":"standard","meta":[],"categories":[75],"tags":[234,235],"yoast_head":"<!-- This site is optimized with the Yoast SEO plugin v17.3 - https:\/\/yoast.com\/wordpress\/plugins\/seo\/ -->\n<title>Train \u00e0 vapeur et Village de Martel dans le Lot - Itin\u00e9raire et Tarifs<\/title>\n<meta name=\"description\" content=\"Ne manquez pas le train \u00e0 vapeur de Martel. Folk Travel vous d\u00e9taille o\u00f9 prendre le train et vous fait d\u00e9couvrir le village de Martel.\" \/>\n<meta name=\"robots\" content=\"index, follow, max-snippet:-1, max-image-preview:large, max-video-preview:-1\" \/>\n<link rel=\"canonical\" href=\"https:\/\/www.folk-travel.com\/en\/train-steam-martel\/\" \/>\n<meta property=\"og:locale\" content=\"en_US\" \/>\n<meta property=\"og:type\" content=\"article\" \/>\n<meta property=\"og:title\" content=\"Train \u00e0 vapeur et Village de Martel dans le Lot - Itin\u00e9raire et Tarifs\" \/>\n<meta property=\"og:description\" content=\"Ne manquez pas le train \u00e0 vapeur de Martel. Folk Travel vous d\u00e9taille o\u00f9 prendre le train et vous fait d\u00e9couvrir le village de Martel.\" \/>\n<meta property=\"og:url\" content=\"https:\/\/www.folk-travel.com\/en\/train-steam-martel\/\" \/>\n<meta property=\"og:site_name\" content=\"FOLK-TRAVEL : Blog du voyage populaire\" \/>\n<meta property=\"article:published_time\" content=\"2021-10-21T14:44:37+00:00\" \/>\n<meta property=\"article:modified_time\" content=\"2021-11-14T15:01:59+00:00\" \/>\n<meta property=\"og:image\" content=\"https:\/\/www.folk-travel.com\/wp-content\/uploads\/2021\/09\/vue-Village-Martel-train.jpg\" \/>\n\t<meta property=\"og:image:width\" content=\"1800\" \/>\n\t<meta property=\"og:image:height\" content=\"1200\" \/>\n<meta name=\"twitter:card\" content=\"summary_large_image\" \/>\n<meta name=\"twitter:label1\" content=\"Written by\" \/>\n\t<meta name=\"twitter:data1\" content=\"Folk Travel\" \/>\n\t<meta name=\"twitter:label2\" content=\"Est. reading time\" \/>\n\t<meta name=\"twitter:data2\" content=\"10 minutes\" \/>\n<!-- \/ Yoast SEO plugin. -->","yoast_head_json":{"title":"Train \u00e0 vapeur et Village de Martel dans le Lot - Itin\u00e9raire et Tarifs","description":"Ne manquez pas le train \u00e0 vapeur de Martel. Folk Travel vous d\u00e9taille o\u00f9 prendre le train et vous fait d\u00e9couvrir le village de Martel.","robots":{"index":"index","follow":"follow","max-snippet":"max-snippet:-1","max-image-preview":"max-image-preview:large","max-video-preview":"max-video-preview:-1"},"canonical":"https:\/\/www.folk-travel.com\/en\/train-steam-martel\/","og_locale":"en_US","og_type":"article","og_title":"Train \u00e0 vapeur et Village de Martel dans le Lot - Itin\u00e9raire et Tarifs","og_description":"Ne manquez pas le train \u00e0 vapeur de Martel. Folk Travel vous d\u00e9taille o\u00f9 prendre le train et vous fait d\u00e9couvrir le village de Martel.","og_url":"https:\/\/www.folk-travel.com\/en\/train-steam-martel\/","og_site_name":"FOLK-TRAVEL : Blog du voyage populaire","article_published_time":"2021-10-21T14:44:37+00:00","article_modified_time":"2021-11-14T15:01:59+00:00","og_image":[{"width":1800,"height":1200,"url":"https:\/\/www.folk-travel.com\/wp-content\/uploads\/2021\/09\/vue-Village-Martel-train.jpg","type":"image\/jpeg"}],"twitter_card":"summary_large_image","twitter_misc":{"Written by":"Folk Travel","Est. reading time":"10 minutes"},"schema":{"@context":"https:\/\/schema.org","@graph":[{"@type":"WebSite","@id":"https:\/\/www.folk-travel.com\/#website","url":"https:\/\/www.folk-travel.com\/","name":"FOLK-TRAVEL : Blog du voyage populaire","description":"Voyageons autour du monde","publisher":{"@id":"https:\/\/www.folk-travel.com\/#\/schema\/person\/ee3201678fc1acb9e44c537d3af4d403"},"potentialAction":[{"@type":"SearchAction","target":{"@type":"EntryPoint","urlTemplate":"https:\/\/www.folk-travel.com\/?s={search_term_string}"},"query-input":"required name=search_term_string"}],"inLanguage":"en-US"},{"@type":"ImageObject","@id":"https:\/\/www.folk-travel.com\/train-vapeur-martel#primaryimage","inLanguage":"en-US","url":"https:\/\/www.folk-travel.com\/wp-content\/uploads\/2021\/09\/vue-Village-Martel-train.jpg","contentUrl":"https:\/\/www.folk-travel.com\/wp-content\/uploads\/2021\/09\/vue-Village-Martel-train.jpg","width":1800,"height":1200,"caption":"ville de MARTEL vue depuis le train \u00e0 vapeur"},{"@type":"WebPage","@id":"https:\/\/www.folk-travel.com\/train-vapeur-martel#webpage","url":"https:\/\/www.folk-travel.com\/train-vapeur-martel","name":"Train \u00e0 vapeur et Village de Martel dans le Lot - Itin\u00e9raire et Tarifs","isPartOf":{"@id":"https:\/\/www.folk-travel.com\/#website"},"primaryImageOfPage":{"@id":"https:\/\/www.folk-travel.com\/train-vapeur-martel#primaryimage"},"datePublished":"2021-10-21T14:44:37+00:00","dateModified":"2021-11-14T15:01:59+00:00","description":"Ne manquez pas le train \u00e0 vapeur de Martel. Folk Travel vous d\u00e9taille o\u00f9 prendre le train et vous fait d\u00e9couvrir le village de Martel.","breadcrumb":{"@id":"https:\/\/www.folk-travel.com\/train-vapeur-martel#breadcrumb"},"inLanguage":"en-US","potentialAction":[{"@type":"ReadAction","target":["https:\/\/www.folk-travel.com\/train-vapeur-martel"]}]},{"@type":"BreadcrumbList","@id":"https:\/\/www.folk-travel.com\/train-vapeur-martel#breadcrumb","itemListElement":[{"@type":"ListItem","position":1,"name":"Accueil","item":"https:\/\/www.folk-travel.com\/"},{"@type":"ListItem","position":2,"name":"Train \u00e0 Vapeur de Martel"}]},{"@type":"Article","@id":"https:\/\/www.folk-travel.com\/train-vapeur-martel#article","isPartOf":{"@id":"https:\/\/www.folk-travel.com\/train-vapeur-martel#webpage"},"author":{"@id":"https:\/\/www.folk-travel.com\/#\/schema\/person\/ee3201678fc1acb9e44c537d3af4d403"},"headline":"Train \u00e0 Vapeur de Martel","datePublished":"2021-10-21T14:44:37+00:00","dateModified":"2021-11-14T15:01:59+00:00","mainEntityOfPage":{"@id":"https:\/\/www.folk-travel.com\/train-vapeur-martel#webpage"},"wordCount":1018,"commentCount":0,"publisher":{"@id":"https:\/\/www.folk-travel.com\/#\/schema\/person\/ee3201678fc1acb9e44c537d3af4d403"},"image":{"@id":"https:\/\/www.folk-travel.com\/train-vapeur-martel#primaryimage"},"thumbnailUrl":"https:\/\/www.folk-travel.com\/wp-content\/uploads\/2021\/09\/vue-Village-Martel-train.jpg","keywords":["lot","martel"],"articleSection":["Voyage"],"inLanguage":"en-US","potentialAction":[{"@type":"CommentAction","name":"Comment","target":["https:\/\/www.folk-travel.com\/train-vapeur-martel#respond"]}]},{"@type":["Person","Organization"],"@id":"https:\/\/www.folk-travel.com\/#\/schema\/person\/ee3201678fc1acb9e44c537d3af4d403","name":"Folk Travel","image":{"@type":"ImageObject","@id":"https:\/\/www.folk-travel.com\/#personlogo","inLanguage":"en-US","url":"https:\/\/www.folk-travel.com\/wp-content\/uploads\/2020\/07\/Xavier-Florence-couple-photographes-scaled-e1636901092934.jpg","contentUrl":"https:\/\/www.folk-travel.com\/wp-content\/uploads\/2020\/07\/Xavier-Florence-couple-photographes-scaled-e1636901092934.jpg","caption":"Folk Travel"},"logo":{"@id":"https:\/\/www.folk-travel.com\/#personlogo"},"url":"https:\/\/www.folk-travel.com\/en\/author\/folktravel33"}]}},"amp_enabled":true,"_links":{"self":[{"href":"https:\/\/www.folk-travel.com\/en\/wp-json\/wp\/v2\/posts\/5761"}],"collection":[{"href":"https:\/\/www.folk-travel.com\/en\/wp-json\/wp\/v2\/posts"}],"about":[{"href":"https:\/\/www.folk-travel.com\/en\/wp-json\/wp\/v2\/types\/post"}],"author":[{"embeddable":true,"href":"https:\/\/www.folk-travel.com\/en\/wp-json\/wp\/v2\/users\/1"}],"replies":[{"embeddable":true,"href":"https:\/\/www.folk-travel.com\/en\/wp-json\/wp\/v2\/comments?post=5761"}],"version-history":[{"count":198,"href":"https:\/\/www.folk-travel.com\/en\/wp-json\/wp\/v2\/posts\/5761\/revisions"}],"predecessor-version":[{"id":6120,"href":"https:\/\/www.folk-travel.com\/en\/wp-json\/wp\/v2\/posts\/5761\/revisions\/6120"}],"wp:featuredmedia":[{"embeddable":true,"href":"https:\/\/www.folk-travel.com\/en\/wp-json\/wp\/v2\/media\/5912"}],"wp:attachment":[{"href":"https:\/\/www.folk-travel.com\/en\/wp-json\/wp\/v2\/media?parent=5761"}],"wp:term":[{"taxonomy":"category","embeddable":true,"href":"https:\/\/www.folk-travel.com\/en\/wp-json\/wp\/v2\/categories?post=5761"},{"taxonomy":"post_tag","embeddable":true,"href":"https:\/\/www.folk-travel.com\/en\/wp-json\/wp\/v2\/tags?post=5761"}],"curies":[{"name":"wp","href":"https:\/\/api.w.org\/{rel}","templated":true}]}}