{"id":4819,"date":"2020-06-20T17:43:20","date_gmt":"2020-06-20T17:43:20","guid":{"rendered":"https:\/\/www.folk-travel.com\/?p=4819"},"modified":"2021-10-18T14:07:41","modified_gmt":"2021-10-18T14:07:41","slug":"village-obidos","status":"publish","type":"post","link":"https:\/\/www.folk-travel.com\/en\/village-obidos","title":{"rendered":"Obidos: The most beautiful medieval village in Portugal"},"content":{"rendered":"<div data-elementor-type=\"wp-post\" data-elementor-id=\"4819\" class=\"elementor elementor-4819\" data-elementor-settings=\"[]\">\n\t\t\t\t\t\t<div class=\"elementor-inner\">\n\t\t\t\t\t\t\t<div class=\"elementor-section-wrap\">\n\t\t\t\t\t\t\t<section class=\"elementor-section elementor-top-section elementor-element elementor-element-784ead3 elementor-section-stretched elementor-section-height-min-height elementor-section-boxed elementor-section-height-default elementor-section-items-middle\" data-id=\"784ead3\" data-element_type=\"section\" data-settings=\"{&quot;stretch_section&quot;:&quot;section-stretched&quot;,&quot;background_background&quot;:&quot;classic&quot;,&quot;background_motion_fx_motion_fx_scrolling&quot;:&quot;yes&quot;,&quot;background_motion_fx_opacity_effect&quot;:&quot;yes&quot;,&quot;background_motion_fx_opacity_direction&quot;:&quot;in-out&quot;,&quot;background_motion_fx_opacity_level&quot;:{&quot;unit&quot;:&quot;px&quot;,&quot;size&quot;:5.9,&quot;sizes&quot;:[]},&quot;background_motion_fx_opacity_range&quot;:{&quot;unit&quot;:&quot;%&quot;,&quot;size&quot;:&quot;&quot;,&quot;sizes&quot;:{&quot;start&quot;:58,&quot;end&quot;:80}},&quot;background_motion_fx_blur_effect&quot;:&quot;yes&quot;,&quot;background_motion_fx_blur_direction&quot;:&quot;in-out&quot;,&quot;background_motion_fx_blur_level&quot;:{&quot;unit&quot;:&quot;px&quot;,&quot;size&quot;:10,&quot;sizes&quot;:[]},&quot;background_motion_fx_blur_range&quot;:{&quot;unit&quot;:&quot;%&quot;,&quot;size&quot;:&quot;&quot;,&quot;sizes&quot;:{&quot;start&quot;:53,&quot;end&quot;:80}},&quot;background_motion_fx_devices&quot;:[&quot;desktop&quot;,&quot;tablet&quot;,&quot;mobile&quot;]}\">\n\t\t\t\t\t\t\t<div class=\"elementor-background-overlay\"><\/div>\n\t\t\t\t\t\t\t<div class=\"elementor-container elementor-column-gap-extended\">\n\t\t\t\t\t\t\t<div class=\"elementor-row\">\n\t\t\t\t\t<div class=\"elementor-column elementor-col-100 elementor-top-column elementor-element elementor-element-182458d sc_layouts_column_icons_position_left\" data-id=\"182458d\" data-element_type=\"column\">\n\t\t\t<div class=\"elementor-column-wrap elementor-element-populated\">\n\t\t\t\t\t\t\t<div class=\"elementor-widget-wrap\">\n\t\t\t\t\t\t<div class=\"elementor-element elementor-element-e60327b style-text-descr elementor-widget elementor-widget-heading\" data-id=\"e60327b\" data-element_type=\"widget\" data-widget_type=\"heading.default\">\n\t\t\t\t<div class=\"elementor-widget-container\">\n\t\t\t<h1 class=\"elementor-heading-title elementor-size-xxl\">Obidos: a village not to be missed<\/h1>\t\t<\/div>\n\t\t\t\t<\/div>\n\t\t\t\t\t\t<\/div>\n\t\t\t\t\t<\/div>\n\t\t<\/div>\n\t\t\t\t\t\t\t\t<\/div>\n\t\t\t\t\t<\/div>\n\t\t<\/section>\n\t\t\t\t<section class=\"elementor-section elementor-top-section elementor-element elementor-element-f8baba9 elementor-section-boxed elementor-section-height-default elementor-section-height-default\" data-id=\"f8baba9\" data-element_type=\"section\">\n\t\t\t\t\t\t<div class=\"elementor-container elementor-column-gap-wider\">\n\t\t\t\t\t\t\t<div class=\"elementor-row\">\n\t\t\t\t\t<div class=\"elementor-column elementor-col-100 elementor-top-column elementor-element elementor-element-1bd83e9 sc_layouts_column_icons_position_left\" data-id=\"1bd83e9\" data-element_type=\"column\">\n\t\t\t<div class=\"elementor-column-wrap elementor-element-populated\">\n\t\t\t\t\t\t\t<div class=\"elementor-widget-wrap\">\n\t\t\t\t\t\t<div class=\"elementor-element elementor-element-dd5be74 elementor-widget elementor-widget-text-editor\" data-id=\"dd5be74\" data-element_type=\"widget\" data-widget_type=\"text-editor.default\">\n\t\t\t\t<div class=\"elementor-widget-container\">\n\t\t\t\t\t\t\t\t<div class=\"elementor-text-editor elementor-clearfix\">\n\t\t\t\t<p>Our last day of road trip ends here in Obidos, after our day yesterday from Ericeira to Peniche, we had to finish in beauty. Without regrets we explored this magnificent<b> medieval village of Obidos<\/b>. In half a day you can see the main attractions of this fortified city which was given as a wedding present by King Dinis to Queen Isabel.<br \/><span style=\"font-size: 17px; background-color: rgba(229, 229, 229, 0); letter-spacing: -0.6px;\">It can be reached by a steep road. Before reaching the heights, the impression of another world already overwhelms us.<\/span><\/p><p>The little houses are whitewashed we fell in love with this place. The only downside is that this place is a magnificent omen for a horde of tourists. You'll have to arrive early in the morning to find space on the large parking lot. Let's go to discover the best of the village and <b>our good addresses to visit Obidos<\/b>.<\/p>\t\t\t\t\t<\/div>\n\t\t\t\t\t\t<\/div>\n\t\t\t\t<\/div>\n\t\t\t\t<section class=\"elementor-section elementor-inner-section elementor-element elementor-element-bc07810 elementor-section-boxed elementor-section-height-default elementor-section-height-default\" data-id=\"bc07810\" data-element_type=\"section\">\n\t\t\t\t\t\t<div class=\"elementor-container elementor-column-gap-extended\">\n\t\t\t\t\t\t\t<div class=\"elementor-row\">\n\t\t\t\t\t<div class=\"elementor-column elementor-col-50 elementor-inner-column elementor-element elementor-element-2bc1d0d sc_layouts_column_icons_position_left\" data-id=\"2bc1d0d\" data-element_type=\"column\">\n\t\t\t<div class=\"elementor-column-wrap elementor-element-populated\">\n\t\t\t\t\t\t\t<div class=\"elementor-widget-wrap\">\n\t\t\t\t\t\t<div class=\"elementor-element elementor-element-8c337a8 elementor-widget elementor-widget-image\" data-id=\"8c337a8\" data-element_type=\"widget\" data-widget_type=\"image.default\">\n\t\t\t\t<div class=\"elementor-widget-container\">\n\t\t\t\t\t\t\t\t<div class=\"elementor-image\">\n\t\t\t\t\t\t\t\t\t\t\t\t<img width=\"768\" height=\"1024\" src=\"https:\/\/www.folk-travel.com\/wp-content\/uploads\/2020\/06\/Obidos-ruelle-Portugal-scaled-768x1024.jpg\" class=\"attachment-large size-large\" alt=\"rue d&#039;Obidos au Portugal avec maison jaune et bleu et l&#039;\u00e9glise\" loading=\"lazy\" srcset=\"https:\/\/www.folk-travel.com\/wp-content\/uploads\/2020\/06\/Obidos-ruelle-Portugal-scaled-768x1024.jpg 768w, https:\/\/www.folk-travel.com\/wp-content\/uploads\/2020\/06\/Obidos-ruelle-Portugal-scaled-225x300.jpg 225w, https:\/\/www.folk-travel.com\/wp-content\/uploads\/2020\/06\/Obidos-ruelle-Portugal-scaled-1152x1536.jpg 1152w, https:\/\/www.folk-travel.com\/wp-content\/uploads\/2020\/06\/Obidos-ruelle-Portugal-scaled-9x12.jpg 9w, https:\/\/www.folk-travel.com\/wp-content\/uploads\/2020\/06\/Obidos-ruelle-Portugal-scaled-370x493.jpg 370w, https:\/\/www.folk-travel.com\/wp-content\/uploads\/2020\/06\/Obidos-ruelle-Portugal-scaled-760x1013.jpg 760w, https:\/\/www.folk-travel.com\/wp-content\/uploads\/2020\/06\/Obidos-ruelle-Portugal-scaled.jpg 1600w\" sizes=\"(max-width: 768px) 100vw, 768px\" \/>\t\t\t\t\t\t\t\t\t\t\t\t\t\t<\/div>\n\t\t\t\t\t\t<\/div>\n\t\t\t\t<\/div>\n\t\t\t\t\t\t<\/div>\n\t\t\t\t\t<\/div>\n\t\t<\/div>\n\t\t\t\t<div class=\"elementor-column elementor-col-50 elementor-inner-column elementor-element elementor-element-e54e18e sc_layouts_column_icons_position_left\" data-id=\"e54e18e\" data-element_type=\"column\">\n\t\t\t<div class=\"elementor-column-wrap elementor-element-populated\">\n\t\t\t\t\t\t\t<div class=\"elementor-widget-wrap\">\n\t\t\t\t\t\t<div class=\"elementor-element elementor-element-8a5d51c elementor-widget elementor-widget-image\" data-id=\"8a5d51c\" data-element_type=\"widget\" data-widget_type=\"image.default\">\n\t\t\t\t<div class=\"elementor-widget-container\">\n\t\t\t\t\t\t\t\t<div class=\"elementor-image\">\n\t\t\t\t\t\t\t\t\t\t\t\t<img width=\"768\" height=\"1024\" src=\"https:\/\/www.folk-travel.com\/wp-content\/uploads\/2020\/06\/Obidos-Portugal-medieval-village-768x1024.jpg\" class=\"attachment-large size-large\" alt=\"village d&#039;Obidos au Portugal avec des maisons color\u00e9es et petite ruelle\" loading=\"lazy\" srcset=\"https:\/\/www.folk-travel.com\/wp-content\/uploads\/2020\/06\/Obidos-Portugal-medieval-village-768x1024.jpg 768w, https:\/\/www.folk-travel.com\/wp-content\/uploads\/2020\/06\/Obidos-Portugal-medieval-village-225x300.jpg 225w, https:\/\/www.folk-travel.com\/wp-content\/uploads\/2020\/06\/Obidos-Portugal-medieval-village-1152x1536.jpg 1152w, https:\/\/www.folk-travel.com\/wp-content\/uploads\/2020\/06\/Obidos-Portugal-medieval-village-1536x2048.jpg 1536w, https:\/\/www.folk-travel.com\/wp-content\/uploads\/2020\/06\/Obidos-Portugal-medieval-village-9x12.jpg 9w, https:\/\/www.folk-travel.com\/wp-content\/uploads\/2020\/06\/Obidos-Portugal-medieval-village-370x493.jpg 370w, https:\/\/www.folk-travel.com\/wp-content\/uploads\/2020\/06\/Obidos-Portugal-medieval-village-760x1013.jpg 760w, https:\/\/www.folk-travel.com\/wp-content\/uploads\/2020\/06\/Obidos-Portugal-medieval-village-scaled.jpg 1600w\" sizes=\"(max-width: 768px) 100vw, 768px\" \/>\t\t\t\t\t\t\t\t\t\t\t\t\t\t<\/div>\n\t\t\t\t\t\t<\/div>\n\t\t\t\t<\/div>\n\t\t\t\t\t\t<\/div>\n\t\t\t\t\t<\/div>\n\t\t<\/div>\n\t\t\t\t\t\t\t\t<\/div>\n\t\t\t\t\t<\/div>\n\t\t<\/section>\n\t\t\t\t\t\t<\/div>\n\t\t\t\t\t<\/div>\n\t\t<\/div>\n\t\t\t\t\t\t\t\t<\/div>\n\t\t\t\t\t<\/div>\n\t\t<\/section>\n\t\t\t\t<section class=\"elementor-section elementor-top-section elementor-element elementor-element-c12914b elementor-section-boxed elementor-section-height-default elementor-section-height-default\" data-id=\"c12914b\" data-element_type=\"section\">\n\t\t\t\t\t\t<div class=\"elementor-container elementor-column-gap-extended\">\n\t\t\t\t\t\t\t<div class=\"elementor-row\">\n\t\t\t\t\t<div class=\"elementor-column elementor-col-100 elementor-top-column elementor-element elementor-element-07af789 sc_layouts_column_icons_position_left\" data-id=\"07af789\" data-element_type=\"column\">\n\t\t\t<div class=\"elementor-column-wrap elementor-element-populated\">\n\t\t\t\t\t\t\t<div class=\"elementor-widget-wrap\">\n\t\t\t\t\t\t<div class=\"elementor-element elementor-element-b50ba6e elementor-widget elementor-widget-heading\" data-id=\"b50ba6e\" data-element_type=\"widget\" data-widget_type=\"heading.default\">\n\t\t\t\t<div class=\"elementor-widget-container\">\n\t\t\t<h2 class=\"elementor-heading-title elementor-size-default\">How to get to Obidos<\/h2>\t\t<\/div>\n\t\t\t\t<\/div>\n\t\t\t\t<div class=\"elementor-element elementor-element-ae6b323 elementor-widget elementor-widget-text-editor\" data-id=\"ae6b323\" data-element_type=\"widget\" data-widget_type=\"text-editor.default\">\n\t\t\t\t<div class=\"elementor-widget-container\">\n\t\t\t\t\t\t\t\t<div class=\"elementor-text-editor elementor-clearfix\">\n\t\t\t\t<p>To get to \u00d3bidos it's quite easy if you take the bus from Lisbon for a getaway it will only take you an hour with the <b>Rapida Verde company for 8\u20ac one way <\/b>from the Campo Grande bus station north of Lisbon.&nbsp;<span style=\"font-size: 17px; background-color: rgba(229, 229, 229, 0); letter-spacing: -0.6px;\">But if you leave from Cais do Sodre there it will take more than an hour and 45 minutes.<\/span><\/p>\n<p>Nevertheless the comfort in these buses is of setting with air-conditioning, wifi, comfortable seats, you can&nbsp;<u style=\"font-size: 17px; background-color: rgba(229, 229, 229, 0); letter-spacing: -0.6px;\"><a style=\"font-size: 17px; background-color: rgba(229, 229, 229, 0); letter-spacing: -0.6px;\" href=\"https:\/\/www.rome2rio.com\/fr\/map\/Cais-do-Sodre\/%C3%93bidos-Leiria-Portugal\" target=\"_blank\" rel=\"noopener\">see the schedule for Obidos here&nbsp;<\/a><\/u> Ideal for digital nomads or to rest before discovering this medieval city of Portugal.<\/p>\n<p><span style=\"font-size: 17px; background-color: rgba(229, 229, 229, 0); letter-spacing: -0.6px;\">Alternatively, renting a car in Portugal will allow you to reach Obidos in only 1 hour from the south of Lisbon. All the more so as once there, you have a large parking lot on the ground but depending on the time of day it can be filled very quickly. The advantage is that it is very close to the medieval city gate.<\/span><\/p>\t\t\t\t\t<\/div>\n\t\t\t\t\t\t<\/div>\n\t\t\t\t<\/div>\n\t\t\t\t<div class=\"elementor-element elementor-element-233f1d5 elementor-widget elementor-widget-heading\" data-id=\"233f1d5\" data-element_type=\"widget\" data-widget_type=\"heading.default\">\n\t\t\t\t<div class=\"elementor-widget-container\">\n\t\t\t<h2 class=\"elementor-heading-title elementor-size-default\">Obidos' Must-See<\/h2>\t\t<\/div>\n\t\t\t\t<\/div>\n\t\t\t\t\t\t<\/div>\n\t\t\t\t\t<\/div>\n\t\t<\/div>\n\t\t\t\t\t\t\t\t<\/div>\n\t\t\t\t\t<\/div>\n\t\t<\/section>\n\t\t\t\t<section class=\"elementor-section elementor-top-section elementor-element elementor-element-18ca80e elementor-section-boxed elementor-section-height-default elementor-section-height-default\" data-id=\"18ca80e\" data-element_type=\"section\">\n\t\t\t\t\t\t<div class=\"elementor-container elementor-column-gap-extended\">\n\t\t\t\t\t\t\t<div class=\"elementor-row\">\n\t\t\t\t\t<div class=\"elementor-column elementor-col-100 elementor-top-column elementor-element elementor-element-4da8179 sc_layouts_column_icons_position_left\" data-id=\"4da8179\" data-element_type=\"column\">\n\t\t\t<div class=\"elementor-column-wrap elementor-element-populated\">\n\t\t\t\t\t\t\t<div class=\"elementor-widget-wrap\">\n\t\t\t\t\t\t<div class=\"elementor-element elementor-element-67619cc elementor-widget elementor-widget-text-editor\" data-id=\"67619cc\" data-element_type=\"widget\" data-widget_type=\"text-editor.default\">\n\t\t\t\t<div class=\"elementor-widget-container\">\n\t\t\t\t\t\t\t\t<div class=\"elementor-text-editor elementor-clearfix\">\n\t\t\t\t<p>This city alone is one of the most beautiful cities in Portugal.\u00a0 The old town is surrounded by ramparts with watchtowers at each end.\u00a0<br \/>There is an air of Greece with the houses painted white and the yellow, orange or blue coloured lines and windows.\u00a0 The city is almost pedestrian only the residents drive around, the roads are paved, be careful not to fall as the ground is often not flat. We were amazed by the atmosphere that reigns there.<\/p>\t\t\t\t\t<\/div>\n\t\t\t\t\t\t<\/div>\n\t\t\t\t<\/div>\n\t\t\t\t<section class=\"elementor-section elementor-inner-section elementor-element elementor-element-7b77757 elementor-section-boxed elementor-section-height-default elementor-section-height-default\" data-id=\"7b77757\" data-element_type=\"section\">\n\t\t\t\t\t\t<div class=\"elementor-container elementor-column-gap-extended\">\n\t\t\t\t\t\t\t<div class=\"elementor-row\">\n\t\t\t\t\t<div class=\"elementor-column elementor-col-50 elementor-inner-column elementor-element elementor-element-4b8a800 sc_layouts_column_icons_position_left\" data-id=\"4b8a800\" data-element_type=\"column\">\n\t\t\t<div class=\"elementor-column-wrap elementor-element-populated\">\n\t\t\t\t\t\t\t<div class=\"elementor-widget-wrap\">\n\t\t\t\t\t\t<div class=\"elementor-element elementor-element-9cf9650 elementor-widget elementor-widget-image\" data-id=\"9cf9650\" data-element_type=\"widget\" data-widget_type=\"image.default\">\n\t\t\t\t<div class=\"elementor-widget-container\">\n\t\t\t\t\t\t\t\t<div class=\"elementor-image\">\n\t\t\t\t\t\t\t\t\t\t\t\t<img width=\"768\" height=\"1024\" src=\"https:\/\/www.folk-travel.com\/wp-content\/uploads\/2020\/06\/Obidos-Portugal-maisons-colorees-768x1024.jpg\" class=\"attachment-large size-large\" alt=\"village d&#039;Obidos au Portugal avec des maisons color\u00e9es et escalier bleu jaune rue pav\u00e9s\" loading=\"lazy\" srcset=\"https:\/\/www.folk-travel.com\/wp-content\/uploads\/2020\/06\/Obidos-Portugal-maisons-colorees-768x1024.jpg 768w, https:\/\/www.folk-travel.com\/wp-content\/uploads\/2020\/06\/Obidos-Portugal-maisons-colorees-225x300.jpg 225w, https:\/\/www.folk-travel.com\/wp-content\/uploads\/2020\/06\/Obidos-Portugal-maisons-colorees-1152x1536.jpg 1152w, https:\/\/www.folk-travel.com\/wp-content\/uploads\/2020\/06\/Obidos-Portugal-maisons-colorees-1536x2048.jpg 1536w, https:\/\/www.folk-travel.com\/wp-content\/uploads\/2020\/06\/Obidos-Portugal-maisons-colorees-9x12.jpg 9w, https:\/\/www.folk-travel.com\/wp-content\/uploads\/2020\/06\/Obidos-Portugal-maisons-colorees-370x493.jpg 370w, https:\/\/www.folk-travel.com\/wp-content\/uploads\/2020\/06\/Obidos-Portugal-maisons-colorees-760x1013.jpg 760w, https:\/\/www.folk-travel.com\/wp-content\/uploads\/2020\/06\/Obidos-Portugal-maisons-colorees-scaled.jpg 1600w\" sizes=\"(max-width: 768px) 100vw, 768px\" \/>\t\t\t\t\t\t\t\t\t\t\t\t\t\t<\/div>\n\t\t\t\t\t\t<\/div>\n\t\t\t\t<\/div>\n\t\t\t\t\t\t<\/div>\n\t\t\t\t\t<\/div>\n\t\t<\/div>\n\t\t\t\t<div class=\"elementor-column elementor-col-50 elementor-inner-column elementor-element elementor-element-5605eec sc_layouts_column_icons_position_left\" data-id=\"5605eec\" data-element_type=\"column\">\n\t\t\t<div class=\"elementor-column-wrap elementor-element-populated\">\n\t\t\t\t\t\t\t<div class=\"elementor-widget-wrap\">\n\t\t\t\t\t\t<div class=\"elementor-element elementor-element-7b41e16 elementor-widget elementor-widget-image\" data-id=\"7b41e16\" data-element_type=\"widget\" data-widget_type=\"image.default\">\n\t\t\t\t<div class=\"elementor-widget-container\">\n\t\t\t\t\t\t\t\t<div class=\"elementor-image\">\n\t\t\t\t\t\t\t\t\t\t\t\t<img width=\"819\" height=\"1024\" src=\"https:\/\/www.folk-travel.com\/wp-content\/uploads\/2020\/06\/Obidos-maisons-fleuries-Portugal-819x1024.jpg\" class=\"attachment-large size-large\" alt=\"maison fleurit avec bougainvilliers \u00e0 Obidos au Portugal\" loading=\"lazy\" srcset=\"https:\/\/www.folk-travel.com\/wp-content\/uploads\/2020\/06\/Obidos-maisons-fleuries-Portugal-819x1024.jpg 819w, https:\/\/www.folk-travel.com\/wp-content\/uploads\/2020\/06\/Obidos-maisons-fleuries-Portugal-240x300.jpg 240w, https:\/\/www.folk-travel.com\/wp-content\/uploads\/2020\/06\/Obidos-maisons-fleuries-Portugal-768x960.jpg 768w, https:\/\/www.folk-travel.com\/wp-content\/uploads\/2020\/06\/Obidos-maisons-fleuries-Portugal-10x12.jpg 10w, https:\/\/www.folk-travel.com\/wp-content\/uploads\/2020\/06\/Obidos-maisons-fleuries-Portugal-370x463.jpg 370w, https:\/\/www.folk-travel.com\/wp-content\/uploads\/2020\/06\/Obidos-maisons-fleuries-Portugal-760x950.jpg 760w, https:\/\/www.folk-travel.com\/wp-content\/uploads\/2020\/06\/Obidos-maisons-fleuries-Portugal.jpg 1200w\" sizes=\"(max-width: 819px) 100vw, 819px\" \/>\t\t\t\t\t\t\t\t\t\t\t\t\t\t<\/div>\n\t\t\t\t\t\t<\/div>\n\t\t\t\t<\/div>\n\t\t\t\t\t\t<\/div>\n\t\t\t\t\t<\/div>\n\t\t<\/div>\n\t\t\t\t\t\t\t\t<\/div>\n\t\t\t\t\t<\/div>\n\t\t<\/section>\n\t\t\t\t<div class=\"elementor-element elementor-element-eb29136 elementor-widget elementor-widget-heading\" data-id=\"eb29136\" data-element_type=\"widget\" data-widget_type=\"heading.default\">\n\t\t\t\t<div class=\"elementor-widget-container\">\n\t\t\t<h3 class=\"elementor-heading-title elementor-size-default\">1. The City Gate<\/h3>\t\t<\/div>\n\t\t\t\t<\/div>\n\t\t\t\t<div class=\"elementor-element elementor-element-4ec2cf6 elementor-widget elementor-widget-text-editor\" data-id=\"4ec2cf6\" data-element_type=\"widget\" data-widget_type=\"text-editor.default\">\n\t\t\t\t<div class=\"elementor-widget-container\">\n\t\t\t\t\t\t\t\t<div class=\"elementor-text-editor elementor-clearfix\">\n\t\t\t\t<p>We arrive by the main entrance of \u00d3bidos the city gate. Inside, a high chapel with blue tiles catches our eye. The vault is tiled with flowers coloured with vine drawings. It thus opens onto the narrow streets of the old town.<\/p>\t\t\t\t\t<\/div>\n\t\t\t\t\t\t<\/div>\n\t\t\t\t<\/div>\n\t\t\t\t<div class=\"elementor-element elementor-element-dbbf52f elementor-widget elementor-widget-heading\" data-id=\"dbbf52f\" data-element_type=\"widget\" data-widget_type=\"heading.default\">\n\t\t\t\t<div class=\"elementor-widget-container\">\n\t\t\t<h3 class=\"elementor-heading-title elementor-size-default\">2. The ramparts of the castle<\/h3>\t\t<\/div>\n\t\t\t\t<\/div>\n\t\t\t\t<div class=\"elementor-element elementor-element-3da9efb elementor-widget elementor-widget-text-editor\" data-id=\"3da9efb\" data-element_type=\"widget\" data-widget_type=\"text-editor.default\">\n\t\t\t\t<div class=\"elementor-widget-container\">\n\t\t\t\t\t\t\t\t<div class=\"elementor-text-editor elementor-clearfix\">\n\t\t\t\t<p><span style=\"font-size: 17px; background-color: rgba(229, 229, 229, 0); letter-spacing: -0.6px;\">The walls of \u00d3bidos are part of the very DNA of this village.\u00a0 They protect it all around giving the impression of being in a place out of time. Often some parts of the walls are being renovated but towards the back you can even walk along these walls from the big stairs to the lookout area where you can admire the panoramic view of the valley before behind you the castle and the old town.<br \/><\/span><\/p>\t\t\t\t\t<\/div>\n\t\t\t\t\t\t<\/div>\n\t\t\t\t<\/div>\n\t\t\t\t<section class=\"elementor-section elementor-inner-section elementor-element elementor-element-83dd243 elementor-section-boxed elementor-section-height-default elementor-section-height-default\" data-id=\"83dd243\" data-element_type=\"section\">\n\t\t\t\t\t\t<div class=\"elementor-container elementor-column-gap-extended\">\n\t\t\t\t\t\t\t<div class=\"elementor-row\">\n\t\t\t\t\t<div class=\"elementor-column elementor-col-50 elementor-inner-column elementor-element elementor-element-aec2a30 sc_layouts_column_icons_position_left\" data-id=\"aec2a30\" data-element_type=\"column\">\n\t\t\t<div class=\"elementor-column-wrap elementor-element-populated\">\n\t\t\t\t\t\t\t<div class=\"elementor-widget-wrap\">\n\t\t\t\t\t\t<div class=\"elementor-element elementor-element-d14774e elementor-widget elementor-widget-image\" data-id=\"d14774e\" data-element_type=\"widget\" data-widget_type=\"image.default\">\n\t\t\t\t<div class=\"elementor-widget-container\">\n\t\t\t\t\t\t\t\t<div class=\"elementor-image\">\n\t\t\t\t\t\t\t\t\t\t\t\t<img width=\"768\" height=\"1024\" src=\"https:\/\/www.folk-travel.com\/wp-content\/uploads\/2020\/06\/Obidos-maisons-ramparts-Portugal-768x1024.jpg\" class=\"attachment-medium_large size-medium_large\" alt=\"village d&#039;Obidos-maisons-ramparts Portugal maisons bleu et jaunes\" loading=\"lazy\" srcset=\"https:\/\/www.folk-travel.com\/wp-content\/uploads\/2020\/06\/Obidos-maisons-ramparts-Portugal-768x1024.jpg 768w, https:\/\/www.folk-travel.com\/wp-content\/uploads\/2020\/06\/Obidos-maisons-ramparts-Portugal-225x300.jpg 225w, https:\/\/www.folk-travel.com\/wp-content\/uploads\/2020\/06\/Obidos-maisons-ramparts-Portugal-9x12.jpg 9w, https:\/\/www.folk-travel.com\/wp-content\/uploads\/2020\/06\/Obidos-maisons-ramparts-Portugal-370x493.jpg 370w, https:\/\/www.folk-travel.com\/wp-content\/uploads\/2020\/06\/Obidos-maisons-ramparts-Portugal-760x1014.jpg 760w, https:\/\/www.folk-travel.com\/wp-content\/uploads\/2020\/06\/Obidos-maisons-ramparts-Portugal.jpg 800w\" sizes=\"(max-width: 768px) 100vw, 768px\" \/>\t\t\t\t\t\t\t\t\t\t\t\t\t\t<\/div>\n\t\t\t\t\t\t<\/div>\n\t\t\t\t<\/div>\n\t\t\t\t\t\t<\/div>\n\t\t\t\t\t<\/div>\n\t\t<\/div>\n\t\t\t\t<div class=\"elementor-column elementor-col-50 elementor-inner-column elementor-element elementor-element-0e79ea4 sc_layouts_column_icons_position_left\" data-id=\"0e79ea4\" data-element_type=\"column\">\n\t\t\t<div class=\"elementor-column-wrap elementor-element-populated\">\n\t\t\t\t\t\t\t<div class=\"elementor-widget-wrap\">\n\t\t\t\t\t\t<div class=\"elementor-element elementor-element-f7d8def elementor-widget elementor-widget-image\" data-id=\"f7d8def\" data-element_type=\"widget\" data-widget_type=\"image.default\">\n\t\t\t\t<div class=\"elementor-widget-container\">\n\t\t\t\t\t\t\t\t<div class=\"elementor-image\">\n\t\t\t\t\t\t\t\t\t\t\t\t<img width=\"768\" height=\"1024\" src=\"https:\/\/www.folk-travel.com\/wp-content\/uploads\/2020\/06\/Obidos-ruelle-village-Portugal-768x1024.jpg\" class=\"attachment-large size-large\" alt=\"Obidos un village de petites ruelles aux maisons m\u00e9di\u00e9val au Portugal avec des lanternes\" loading=\"lazy\" srcset=\"https:\/\/www.folk-travel.com\/wp-content\/uploads\/2020\/06\/Obidos-ruelle-village-Portugal-768x1024.jpg 768w, https:\/\/www.folk-travel.com\/wp-content\/uploads\/2020\/06\/Obidos-ruelle-village-Portugal-225x300.jpg 225w, https:\/\/www.folk-travel.com\/wp-content\/uploads\/2020\/06\/Obidos-ruelle-village-Portugal-1152x1536.jpg 1152w, https:\/\/www.folk-travel.com\/wp-content\/uploads\/2020\/06\/Obidos-ruelle-village-Portugal-1536x2048.jpg 1536w, https:\/\/www.folk-travel.com\/wp-content\/uploads\/2020\/06\/Obidos-ruelle-village-Portugal-9x12.jpg 9w, https:\/\/www.folk-travel.com\/wp-content\/uploads\/2020\/06\/Obidos-ruelle-village-Portugal-370x493.jpg 370w, https:\/\/www.folk-travel.com\/wp-content\/uploads\/2020\/06\/Obidos-ruelle-village-Portugal-760x1013.jpg 760w, https:\/\/www.folk-travel.com\/wp-content\/uploads\/2020\/06\/Obidos-ruelle-village-Portugal-scaled.jpg 1600w\" sizes=\"(max-width: 768px) 100vw, 768px\" \/>\t\t\t\t\t\t\t\t\t\t\t\t\t\t<\/div>\n\t\t\t\t\t\t<\/div>\n\t\t\t\t<\/div>\n\t\t\t\t\t\t<\/div>\n\t\t\t\t\t<\/div>\n\t\t<\/div>\n\t\t\t\t\t\t\t\t<\/div>\n\t\t\t\t\t<\/div>\n\t\t<\/section>\n\t\t\t\t<div class=\"elementor-element elementor-element-8dcc117 elementor-widget elementor-widget-heading\" data-id=\"8dcc117\" data-element_type=\"widget\" data-widget_type=\"heading.default\">\n\t\t\t\t<div class=\"elementor-widget-container\">\n\t\t\t<h3 class=\"elementor-heading-title elementor-size-default\">3. The medieval castle<\/h3>\t\t<\/div>\n\t\t\t\t<\/div>\n\t\t\t\t<div class=\"elementor-element elementor-element-fae03e6 elementor-widget elementor-widget-text-editor\" data-id=\"fae03e6\" data-element_type=\"widget\" data-widget_type=\"text-editor.default\">\n\t\t\t\t<div class=\"elementor-widget-container\">\n\t\t\t\t\t\t\t\t<div class=\"elementor-text-editor elementor-clearfix\">\n\t\t\t\t<p><span style=\"font-size: 17px; background-color: rgba(229, 229, 229, 0); letter-spacing: -0.6px;\">The town of \u00d3bidos began to receive inhabitants when the construction of the castle began in the X\u1d49 century on the upper part of the hill. Several royalties succeeded each other there during this century until it was handed over to the Queen of Portugal in XI\u1d49 century.<br \/><br \/>At the back a huge gate stands out, which you pass through to reach the old town. Now the castle has become a hotel, which cannot be visited except as a guest for one night. Several rooms are available and you will feel like privileged to discover this place you will find the\u00a0<\/span><a href=\"https:\/\/www.booking.com\/hotel\/pt\/pousada-de-abidos-castelo-de-abidos.en.html?aid=2010668&amp;no_rooms=1&amp;group_adults=2\" target=\"_blank\" rel=\"noopener\">best night at Obidos Castle here.<\/a><span style=\"font-size: 17px; background-color: rgba(229, 229, 229, 0); letter-spacing: -0.6px;\">.<\/span><\/p>\t\t\t\t\t<\/div>\n\t\t\t\t\t\t<\/div>\n\t\t\t\t<\/div>\n\t\t\t\t<div class=\"elementor-element elementor-element-d7eef62 elementor-widget elementor-widget-heading\" data-id=\"d7eef62\" data-element_type=\"widget\" data-widget_type=\"heading.default\">\n\t\t\t\t<div class=\"elementor-widget-container\">\n\t\t\t<h2 class=\"elementor-heading-title elementor-size-default\">4. Taste the local drink: Ginjinha<\/h2>\t\t<\/div>\n\t\t\t\t<\/div>\n\t\t\t\t<div class=\"elementor-element elementor-element-1520e09 elementor-widget elementor-widget-text-editor\" data-id=\"1520e09\" data-element_type=\"widget\" data-widget_type=\"text-editor.default\">\n\t\t\t\t<div class=\"elementor-widget-container\">\n\t\t\t\t\t\t\t\t<div class=\"elementor-text-editor elementor-clearfix\">\n\t\t\t\t<p>Served as an aperitif, Obidos' Ginjinha differs from the others in that it has a more full-bodied and creamy taste. It is a cherry-based liqueur. Often you will find it on sale in storefronts served in a chocolate dome. Try it and you will be surprised and will surely leave with a bottle.<\/p><p>\u00a0<\/p>\t\t\t\t\t<\/div>\n\t\t\t\t\t\t<\/div>\n\t\t\t\t<\/div>\n\t\t\t\t<section class=\"elementor-section elementor-inner-section elementor-element elementor-element-3b095e4 elementor-section-boxed elementor-section-height-default elementor-section-height-default\" data-id=\"3b095e4\" data-element_type=\"section\">\n\t\t\t\t\t\t<div class=\"elementor-container elementor-column-gap-extended\">\n\t\t\t\t\t\t\t<div class=\"elementor-row\">\n\t\t\t\t\t<div class=\"elementor-column elementor-col-50 elementor-inner-column elementor-element elementor-element-44f5af6 sc_layouts_column_icons_position_left\" data-id=\"44f5af6\" data-element_type=\"column\">\n\t\t\t<div class=\"elementor-column-wrap elementor-element-populated\">\n\t\t\t\t\t\t\t<div class=\"elementor-widget-wrap\">\n\t\t\t\t\t\t<div class=\"elementor-element elementor-element-ba565f4 elementor-widget elementor-widget-image\" data-id=\"ba565f4\" data-element_type=\"widget\" data-widget_type=\"image.default\">\n\t\t\t\t<div class=\"elementor-widget-container\">\n\t\t\t\t\t\t\t\t<div class=\"elementor-image\">\n\t\t\t\t\t\t\t\t\t\t\t\t<img width=\"768\" height=\"1024\" src=\"https:\/\/www.folk-travel.com\/wp-content\/uploads\/2020\/06\/Ginjinha-boisson-liqueur-Portugal-768x1024.jpg\" class=\"attachment-medium_large size-medium_large\" alt=\"Ginjinha une boisson de liqueur de cerises au Portugal une sp\u00e9cialit\u00e9 local avec de l&#039;alcool\" loading=\"lazy\" srcset=\"https:\/\/www.folk-travel.com\/wp-content\/uploads\/2020\/06\/Ginjinha-boisson-liqueur-Portugal-768x1024.jpg 768w, https:\/\/www.folk-travel.com\/wp-content\/uploads\/2020\/06\/Ginjinha-boisson-liqueur-Portugal-225x300.jpg 225w, https:\/\/www.folk-travel.com\/wp-content\/uploads\/2020\/06\/Ginjinha-boisson-liqueur-Portugal-1152x1536.jpg 1152w, https:\/\/www.folk-travel.com\/wp-content\/uploads\/2020\/06\/Ginjinha-boisson-liqueur-Portugal-1536x2048.jpg 1536w, https:\/\/www.folk-travel.com\/wp-content\/uploads\/2020\/06\/Ginjinha-boisson-liqueur-Portugal-9x12.jpg 9w, https:\/\/www.folk-travel.com\/wp-content\/uploads\/2020\/06\/Ginjinha-boisson-liqueur-Portugal-370x493.jpg 370w, https:\/\/www.folk-travel.com\/wp-content\/uploads\/2020\/06\/Ginjinha-boisson-liqueur-Portugal-760x1013.jpg 760w, https:\/\/www.folk-travel.com\/wp-content\/uploads\/2020\/06\/Ginjinha-boisson-liqueur-Portugal-scaled.jpg 1600w\" sizes=\"(max-width: 768px) 100vw, 768px\" \/>\t\t\t\t\t\t\t\t\t\t\t\t\t\t<\/div>\n\t\t\t\t\t\t<\/div>\n\t\t\t\t<\/div>\n\t\t\t\t\t\t<\/div>\n\t\t\t\t\t<\/div>\n\t\t<\/div>\n\t\t\t\t<div class=\"elementor-column elementor-col-50 elementor-inner-column elementor-element elementor-element-7bca1a0 sc_layouts_column_icons_position_left\" data-id=\"7bca1a0\" data-element_type=\"column\">\n\t\t\t<div class=\"elementor-column-wrap elementor-element-populated\">\n\t\t\t\t\t\t\t<div class=\"elementor-widget-wrap\">\n\t\t\t\t\t\t<div class=\"elementor-element elementor-element-748868b elementor-widget elementor-widget-image\" data-id=\"748868b\" data-element_type=\"widget\" data-widget_type=\"image.default\">\n\t\t\t\t<div class=\"elementor-widget-container\">\n\t\t\t\t\t\t\t\t<div class=\"elementor-image\">\n\t\t\t\t\t\t\t\t\t\t\t\t<img width=\"768\" height=\"1024\" src=\"https:\/\/www.folk-travel.com\/wp-content\/uploads\/2020\/06\/Obidos-ruelle-commerces-Portugal-768x1024.jpg\" class=\"attachment-large size-large\" alt=\"Obidos ruelle de commerces au Portugal avec des touristes\" loading=\"lazy\" srcset=\"https:\/\/www.folk-travel.com\/wp-content\/uploads\/2020\/06\/Obidos-ruelle-commerces-Portugal-768x1024.jpg 768w, https:\/\/www.folk-travel.com\/wp-content\/uploads\/2020\/06\/Obidos-ruelle-commerces-Portugal-225x300.jpg 225w, https:\/\/www.folk-travel.com\/wp-content\/uploads\/2020\/06\/Obidos-ruelle-commerces-Portugal-1152x1536.jpg 1152w, https:\/\/www.folk-travel.com\/wp-content\/uploads\/2020\/06\/Obidos-ruelle-commerces-Portugal-1536x2048.jpg 1536w, https:\/\/www.folk-travel.com\/wp-content\/uploads\/2020\/06\/Obidos-ruelle-commerces-Portugal-9x12.jpg 9w, https:\/\/www.folk-travel.com\/wp-content\/uploads\/2020\/06\/Obidos-ruelle-commerces-Portugal-370x493.jpg 370w, https:\/\/www.folk-travel.com\/wp-content\/uploads\/2020\/06\/Obidos-ruelle-commerces-Portugal-760x1013.jpg 760w, https:\/\/www.folk-travel.com\/wp-content\/uploads\/2020\/06\/Obidos-ruelle-commerces-Portugal-scaled.jpg 1600w\" sizes=\"(max-width: 768px) 100vw, 768px\" \/>\t\t\t\t\t\t\t\t\t\t\t\t\t\t<\/div>\n\t\t\t\t\t\t<\/div>\n\t\t\t\t<\/div>\n\t\t\t\t\t\t<\/div>\n\t\t\t\t\t<\/div>\n\t\t<\/div>\n\t\t\t\t\t\t\t\t<\/div>\n\t\t\t\t\t<\/div>\n\t\t<\/section>\n\t\t\t\t<div class=\"elementor-element elementor-element-2277e4c elementor-widget elementor-widget-heading\" data-id=\"2277e4c\" data-element_type=\"widget\" data-widget_type=\"heading.default\">\n\t\t\t\t<div class=\"elementor-widget-container\">\n\t\t\t<h2 class=\"elementor-heading-title elementor-size-default\">5. See the aqueduct<\/h2>\t\t<\/div>\n\t\t\t\t<\/div>\n\t\t\t\t<div class=\"elementor-element elementor-element-1ca9d78 elementor-widget elementor-widget-text-editor\" data-id=\"1ca9d78\" data-element_type=\"widget\" data-widget_type=\"text-editor.default\">\n\t\t\t\t<div class=\"elementor-widget-container\">\n\t\t\t\t\t\t\t\t<div class=\"elementor-text-editor elementor-clearfix\">\n\t\t\t\t<p><span style=\"background-color: rgba(229, 229, 229, 0);\">The \u00d3bidos aqueduct owes its origin to one of the queens who directed it in the 16th century to help make the surrounding land fertile for the development of vineyards and orchards. It was he who made the water flow in the village fountains that you can see. It stretches over 3 kilometres and is now the boundary of the large car park and one of the few still intact.<\/span><\/p>\t\t\t\t\t<\/div>\n\t\t\t\t\t\t<\/div>\n\t\t\t\t<\/div>\n\t\t\t\t<div class=\"elementor-element elementor-element-0baaedb elementor-widget elementor-widget-heading\" data-id=\"0baaedb\" data-element_type=\"widget\" data-widget_type=\"heading.default\">\n\t\t\t\t<div class=\"elementor-widget-container\">\n\t\t\t<h2 class=\"elementor-heading-title elementor-size-default\">6. Take a horse-drawn carriage ride around the Santa Maria square.<\/h2>\t\t<\/div>\n\t\t\t\t<\/div>\n\t\t\t\t<div class=\"elementor-element elementor-element-4a80b39 elementor-widget elementor-widget-text-editor\" data-id=\"4a80b39\" data-element_type=\"widget\" data-widget_type=\"text-editor.default\">\n\t\t\t\t<div class=\"elementor-widget-container\">\n\t\t\t\t\t\t\t\t<div class=\"elementor-text-editor elementor-clearfix\">\n\t\t\t\t<p>We liked walking on the big square\u00a0<b> Pra\u00e7a de Santa Maria<\/b>\u00a0and stop here in the sunshine.\u00a0<span style=\"font-size: 17px; background-color: rgba(229, 229, 229, 0); letter-spacing: -0.6px;\">We like to stroll through the streets and alleys, and the opportunity is great to take advantage of it why not in a horse-drawn carriage.<\/span><\/p><p>\u00d3bidos has several churches, each one is unique with traditional decorations. The most important church is the one in this square: the church of Santa Maria.<\/p>\t\t\t\t\t<\/div>\n\t\t\t\t\t\t<\/div>\n\t\t\t\t<\/div>\n\t\t\t\t<div class=\"elementor-element elementor-element-a18d836 elementor-widget elementor-widget-image\" data-id=\"a18d836\" data-element_type=\"widget\" data-widget_type=\"image.default\">\n\t\t\t\t<div class=\"elementor-widget-container\">\n\t\t\t\t\t\t\t\t<div class=\"elementor-image\">\n\t\t\t\t\t\t\t\t\t\t\t\t<img width=\"768\" height=\"1024\" src=\"https:\/\/www.folk-travel.com\/wp-content\/uploads\/2020\/06\/Caleche-chevaux-Obidos-Portugal-rue-scaled-768x1024.jpg\" class=\"attachment-medium_large size-medium_large\" alt=\"Cal\u00e8che de chevaux \u00e0 Obidos au Portugal promenade pour touristes\" loading=\"lazy\" srcset=\"https:\/\/www.folk-travel.com\/wp-content\/uploads\/2020\/06\/Caleche-chevaux-Obidos-Portugal-rue-scaled-768x1024.jpg 768w, https:\/\/www.folk-travel.com\/wp-content\/uploads\/2020\/06\/Caleche-chevaux-Obidos-Portugal-rue-scaled-225x300.jpg 225w, https:\/\/www.folk-travel.com\/wp-content\/uploads\/2020\/06\/Caleche-chevaux-Obidos-Portugal-rue-scaled-1152x1536.jpg 1152w, https:\/\/www.folk-travel.com\/wp-content\/uploads\/2020\/06\/Caleche-chevaux-Obidos-Portugal-rue-scaled-9x12.jpg 9w, https:\/\/www.folk-travel.com\/wp-content\/uploads\/2020\/06\/Caleche-chevaux-Obidos-Portugal-rue-scaled-370x493.jpg 370w, https:\/\/www.folk-travel.com\/wp-content\/uploads\/2020\/06\/Caleche-chevaux-Obidos-Portugal-rue-scaled-760x1013.jpg 760w, https:\/\/www.folk-travel.com\/wp-content\/uploads\/2020\/06\/Caleche-chevaux-Obidos-Portugal-rue-scaled.jpg 1600w\" sizes=\"(max-width: 768px) 100vw, 768px\" \/>\t\t\t\t\t\t\t\t\t\t\t\t\t\t<\/div>\n\t\t\t\t\t\t<\/div>\n\t\t\t\t<\/div>\n\t\t\t\t<div class=\"elementor-element elementor-element-6b53b2e elementor-widget elementor-widget-heading\" data-id=\"6b53b2e\" data-element_type=\"widget\" data-widget_type=\"heading.default\">\n\t\t\t\t<div class=\"elementor-widget-container\">\n\t\t\t<h2 class=\"elementor-heading-title elementor-size-default\">Where to Sleep in Obidos<\/h2>\t\t<\/div>\n\t\t\t\t<\/div>\n\t\t\t\t<div class=\"elementor-element elementor-element-724124a elementor-widget elementor-widget-text-editor\" data-id=\"724124a\" data-element_type=\"widget\" data-widget_type=\"text-editor.default\">\n\t\t\t\t<div class=\"elementor-widget-container\">\n\t\t\t\t\t\t\t\t<div class=\"elementor-text-editor elementor-clearfix\">\n\t\t\t\t<p>If you are looking for cheaper accommodation than the castle mentioned above then La Casa de S. Thiago do Castelo will satisfy you with its authenticity. When you walk down the alley you will see this pretty house with white borders at the corner with its front decorated with bougainvillea flowers.<br \/>The building dates back to the XX\u1d49 century and the current owners decided to furnish it with the furniture of the time, which gives it all its charm: To see in detail the accommodation at the\u00a0<a style=\"font-size: 17px; background-color: rgba(229, 229, 229, 0); letter-spacing: -0.6px;\" href=\"https:\/\/www.booking.com\/hotel\/pt\/casa-de-s-thiago-d-abidos.en.html?aid=2010668&amp;no_rooms=1&amp;group_adults=2\" target=\"_blank\" rel=\"noopener\"><u>Casa de S. Thiago do Castelo click here<\/u><\/a><\/p>\t\t\t\t\t<\/div>\n\t\t\t\t\t\t<\/div>\n\t\t\t\t<\/div>\n\t\t\t\t<div class=\"elementor-element elementor-element-b944b1a elementor-widget elementor-widget-image\" data-id=\"b944b1a\" data-element_type=\"widget\" data-widget_type=\"image.default\">\n\t\t\t\t<div class=\"elementor-widget-container\">\n\t\t\t\t\t\t\t\t<div class=\"elementor-image\">\n\t\t\t\t\t\t\t\t\t\t\t\t<img width=\"768\" height=\"512\" src=\"https:\/\/www.folk-travel.com\/wp-content\/uploads\/2020\/06\/Casa-Thiago-do-Castelo-obidos-Portugal-768x512.jpg\" class=\"attachment-medium_large size-medium_large\" alt=\"Casa-Thiago-do -Castelo-obidos Portugal chambre d&#039;h\u00f4tes\" loading=\"lazy\" srcset=\"https:\/\/www.folk-travel.com\/wp-content\/uploads\/2020\/06\/Casa-Thiago-do-Castelo-obidos-Portugal-768x512.jpg 768w, https:\/\/www.folk-travel.com\/wp-content\/uploads\/2020\/06\/Casa-Thiago-do-Castelo-obidos-Portugal-300x200.jpg 300w, https:\/\/www.folk-travel.com\/wp-content\/uploads\/2020\/06\/Casa-Thiago-do-Castelo-obidos-Portugal-1024x683.jpg 1024w, https:\/\/www.folk-travel.com\/wp-content\/uploads\/2020\/06\/Casa-Thiago-do-Castelo-obidos-Portugal-1536x1024.jpg 1536w, https:\/\/www.folk-travel.com\/wp-content\/uploads\/2020\/06\/Casa-Thiago-do-Castelo-obidos-Portugal-16x12.jpg 16w, https:\/\/www.folk-travel.com\/wp-content\/uploads\/2020\/06\/Casa-Thiago-do-Castelo-obidos-Portugal-370x247.jpg 370w, https:\/\/www.folk-travel.com\/wp-content\/uploads\/2020\/06\/Casa-Thiago-do-Castelo-obidos-Portugal-760x507.jpg 760w, https:\/\/www.folk-travel.com\/wp-content\/uploads\/2020\/06\/Casa-Thiago-do-Castelo-obidos-Portugal.jpg 1600w\" sizes=\"(max-width: 768px) 100vw, 768px\" \/>\t\t\t\t\t\t\t\t\t\t\t\t\t\t<\/div>\n\t\t\t\t\t\t<\/div>\n\t\t\t\t<\/div>\n\t\t\t\t<div class=\"elementor-element elementor-element-8866af0 elementor-widget elementor-widget-heading\" data-id=\"8866af0\" data-element_type=\"widget\" data-widget_type=\"heading.default\">\n\t\t\t\t<div class=\"elementor-widget-container\">\n\t\t\t<h2 class=\"elementor-heading-title elementor-size-default\">Review of our Road-Trip in Portugal<\/h2>\t\t<\/div>\n\t\t\t\t<\/div>\n\t\t\t\t<div class=\"elementor-element elementor-element-9ee7a18 elementor-widget elementor-widget-text-editor\" data-id=\"9ee7a18\" data-element_type=\"widget\" data-widget_type=\"text-editor.default\">\n\t\t\t\t<div class=\"elementor-widget-container\">\n\t\t\t\t\t\t\t\t<div class=\"elementor-text-editor elementor-clearfix\">\n\t\t\t\t<p>It is on this last town that our road trip ends, Obidos was our favorite. We did not expect to discover such a pleasant medieval town. We liked to take the alleys where there were less crowds and discover the souvenir shops. <br \/>We enjoyed our road-trip in Portugal which alternated between heterogeneous cities such as the East and the West. <a href=\"https:\/\/www.folk-travel.com\/en\/visit-lisbon-what-to-do\/\"><u>Lisbon<\/u><\/a> and the Atlantic coast with breathtaking scenery like the coast with <a href=\"https:\/\/www.folk-travel.com\/en\/cabo-da-roca-azenhas-sintra\/\"><u>its fishing villages in Azenhas<\/u><\/a>surfing where the waves are the most beautiful in Europe at <a href=\"https:\/\/www.folk-travel.com\/en\/ereiceira-peniche\/\"><u>Ericeira and Peniche<\/u><\/a>.<\/p>\t\t\t\t\t<\/div>\n\t\t\t\t\t\t<\/div>\n\t\t\t\t<\/div>\n\t\t\t\t\t\t<\/div>\n\t\t\t\t\t<\/div>\n\t\t<\/div>\n\t\t\t\t\t\t\t\t<\/div>\n\t\t\t\t\t<\/div>\n\t\t<\/section>\n\t\t\t\t<section class=\"elementor-section elementor-top-section elementor-element elementor-element-dff1e77 elementor-section-boxed elementor-section-height-default elementor-section-height-default\" data-id=\"dff1e77\" data-element_type=\"section\">\n\t\t\t\t\t\t<div class=\"elementor-container elementor-column-gap-extended\">\n\t\t\t\t\t\t\t<div class=\"elementor-row\">\n\t\t\t\t\t<div class=\"elementor-column elementor-col-100 elementor-top-column elementor-element elementor-element-6901d8c sc_layouts_column_icons_position_left\" data-id=\"6901d8c\" data-element_type=\"column\">\n\t\t\t<div class=\"elementor-column-wrap elementor-element-populated\">\n\t\t\t\t\t\t\t<div class=\"elementor-widget-wrap\">\n\t\t\t\t\t\t<div class=\"elementor-element elementor-element-ae8523d elementor-widget elementor-widget-template\" data-id=\"ae8523d\" data-element_type=\"widget\" data-widget_type=\"template.default\">\n\t\t\t\t<div class=\"elementor-widget-container\">\n\t\t\t\t\t<div class=\"elementor-template\">\n\t\t\t\t\t<div data-elementor-type=\"section\" data-elementor-id=\"4361\" class=\"elementor elementor-4361\" data-elementor-settings=\"[]\">\n\t\t<div class=\"elementor-section-wrap\">\n\t\t\t\t\t<section class=\"elementor-section elementor-top-section elementor-element elementor-element-5664c12a elementor-section-boxed elementor-section-height-default elementor-section-height-default\" data-id=\"5664c12a\" data-element_type=\"section\">\n\t\t\t\t\t\t<div class=\"elementor-container elementor-column-gap-extended\">\n\t\t\t\t\t\t\t<div class=\"elementor-row\">\n\t\t\t\t\t<div class=\"elementor-column elementor-col-33 elementor-top-column elementor-element elementor-element-35a97fe8 sc_layouts_column_icons_position_left\" data-id=\"35a97fe8\" data-element_type=\"column\">\n\t\t\t<div class=\"elementor-column-wrap elementor-element-populated\">\n\t\t\t\t\t\t\t<div class=\"elementor-widget-wrap\">\n\t\t\t\t\t\t<div class=\"elementor-element elementor-element-f4c575d elementor-widget elementor-widget-heading\" data-id=\"f4c575d\" data-element_type=\"widget\" data-widget_type=\"heading.default\">\n\t\t\t\t<div class=\"elementor-widget-container\">\n\t\t\t<h4 class=\"elementor-heading-title elementor-size-default\"><a href=\"https:\/\/www.folk-travel.com\/en\/lx-factory-cristo-rei\/\">Lx Factory Artists' District<\/a><\/h4>\t\t<\/div>\n\t\t\t\t<\/div>\n\t\t\t\t<div class=\"elementor-element elementor-element-72c0a2fe elementor-widget elementor-widget-image\" data-id=\"72c0a2fe\" data-element_type=\"widget\" data-widget_type=\"image.default\">\n\t\t\t\t<div class=\"elementor-widget-container\">\n\t\t\t\t\t\t\t\t<div class=\"elementor-image\">\n\t\t\t\t\t\t\t\t\t\t\t\t\t<a href=\"https:\/\/www.folk-travel.com\/en\/lx-factory-cristo-rei\/\">\n\t\t\t\t\t\t\t<img src=\"https:\/\/www.folk-travel.com\/wp-content\/uploads\/elementor\/thumbs\/librairie-lxfactory-Lisbonne-scaled-ptui45mqggt6c5c78bthwtl65eq6ckpzio87wx5m7g.jpg\" title=\"librairie-lxfactory-lisbonne\" alt=\"la librairie de Lxfactory \u00e0 Lisbonne\" \/>\t\t\t\t\t\t\t\t<\/a>\n\t\t\t\t\t\t\t\t\t\t\t\t\t\t<\/div>\n\t\t\t\t\t\t<\/div>\n\t\t\t\t<\/div>\n\t\t\t\t\t\t<\/div>\n\t\t\t\t\t<\/div>\n\t\t<\/div>\n\t\t\t\t<div class=\"elementor-column elementor-col-33 elementor-top-column elementor-element elementor-element-2398f314 sc_layouts_column_icons_position_left\" data-id=\"2398f314\" data-element_type=\"column\">\n\t\t\t<div class=\"elementor-column-wrap elementor-element-populated\">\n\t\t\t\t\t\t\t<div class=\"elementor-widget-wrap\">\n\t\t\t\t\t\t<div class=\"elementor-element elementor-element-510b0e4b elementor-widget elementor-widget-heading\" data-id=\"510b0e4b\" data-element_type=\"widget\" data-widget_type=\"heading.default\">\n\t\t\t\t<div class=\"elementor-widget-container\">\n\t\t\t<h4 class=\"elementor-heading-title elementor-size-default\"><a href=\"https:\/\/www.folk-travel.com\/en\/cabo-da-roca-azenhas-sintra\/\">Cabo da Roca Pointe and Azenhas do Mar<\/a><\/h4>\t\t<\/div>\n\t\t\t\t<\/div>\n\t\t\t\t<div class=\"elementor-element elementor-element-64c1eaae elementor-widget elementor-widget-image\" data-id=\"64c1eaae\" data-element_type=\"widget\" data-widget_type=\"image.default\">\n\t\t\t\t<div class=\"elementor-widget-container\">\n\t\t\t\t\t\t\t\t<div class=\"elementor-image\">\n\t\t\t\t\t\t\t\t\t\t\t\t\t<a href=\"https:\/\/www.folk-travel.com\/en\/cabo-da-roca-azenhas-sintra\/\">\n\t\t\t\t\t\t\t<img src=\"https:\/\/www.folk-travel.com\/wp-content\/uploads\/elementor\/thumbs\/Plage-Praia-da-Ursa-scaled-ptui48g90yx1az83rv1dmavjxkc9zo16j26ocr1fos.jpg\" title=\"Praia da Ursa Lanzarote\" alt=\"Praia da Ursa au Portugal\" \/>\t\t\t\t\t\t\t\t<\/a>\n\t\t\t\t\t\t\t\t\t\t\t\t\t\t<\/div>\n\t\t\t\t\t\t<\/div>\n\t\t\t\t<\/div>\n\t\t\t\t\t\t<\/div>\n\t\t\t\t\t<\/div>\n\t\t<\/div>\n\t\t\t\t<div class=\"elementor-column elementor-col-33 elementor-top-column elementor-element elementor-element-8f602cd sc_layouts_column_icons_position_left\" data-id=\"8f602cd\" data-element_type=\"column\">\n\t\t\t<div class=\"elementor-column-wrap elementor-element-populated\">\n\t\t\t\t\t\t\t<div class=\"elementor-widget-wrap\">\n\t\t\t\t\t\t<div class=\"elementor-element elementor-element-5d729c8 elementor-widget elementor-widget-heading\" data-id=\"5d729c8\" data-element_type=\"widget\" data-widget_type=\"heading.default\">\n\t\t\t\t<div class=\"elementor-widget-container\">\n\t\t\t<h4 class=\"elementor-heading-title elementor-size-default\"><a href=\"https:\/\/www.folk-travel.com\/en\/visit-lisbon-what-to-do\/\">Visit Lisbon<\/a><\/h4>\t\t<\/div>\n\t\t\t\t<\/div>\n\t\t\t\t<div class=\"elementor-element elementor-element-7d9ef75 elementor-widget elementor-widget-image\" data-id=\"7d9ef75\" data-element_type=\"widget\" data-widget_type=\"image.default\">\n\t\t\t\t<div class=\"elementor-widget-container\">\n\t\t\t\t\t\t\t\t<div class=\"elementor-image\">\n\t\t\t\t\t\t\t\t\t\t\t\t\t<a href=\"https:\/\/www.folk-travel.com\/en\/visit-lisbon-what-to-do\/\">\n\t\t\t\t\t\t\t<img src=\"https:\/\/www.folk-travel.com\/wp-content\/uploads\/elementor\/thumbs\/figuera-Lisbonne-tramway-scaled-ptui47ieu4vqzd9gxcmr1t43c6gwryxg6xj6vh2tv0.jpg\" title=\"praca-figuera-lisbonne-tramway\" alt=\"tramway de figuera \u00e0 Lisbonne\" \/>\t\t\t\t\t\t\t\t<\/a>\n\t\t\t\t\t\t\t\t\t\t\t\t\t\t<\/div>\n\t\t\t\t\t\t<\/div>\n\t\t\t\t<\/div>\n\t\t\t\t\t\t<\/div>\n\t\t\t\t\t<\/div>\n\t\t<\/div>\n\t\t\t\t\t\t\t\t<\/div>\n\t\t\t\t\t<\/div>\n\t\t<\/section>\n\t\t\t\t<\/div>\n\t\t<\/div>\n\t\t\t\t<\/div>\n\t\t\t\t<\/div>\n\t\t\t\t<\/div>\n\t\t\t\t<div class=\"elementor-element elementor-element-8cd60c7 elementor-widget elementor-widget-heading\" data-id=\"8cd60c7\" data-element_type=\"widget\" data-widget_type=\"heading.default\">\n\t\t\t\t<div class=\"elementor-widget-container\">\n\t\t\t<h4 class=\"elementor-heading-title elementor-size-default\">Don't lose our info pinned now.<\/h4>\t\t<\/div>\n\t\t\t\t<\/div>\n\t\t\t\t<div class=\"elementor-element elementor-element-e50a500 elementor-widget elementor-widget-image\" data-id=\"e50a500\" data-element_type=\"widget\" data-widget_type=\"image.default\">\n\t\t\t\t<div class=\"elementor-widget-container\">\n\t\t\t\t\t\t\t\t<div class=\"elementor-image\">\n\t\t\t\t\t\t\t\t\t\t\t\t<img width=\"370\" height=\"555\" src=\"https:\/\/www.folk-travel.com\/wp-content\/uploads\/2020\/06\/Obidos-village-Medieval-Portugal-pinterest-370x555.jpg\" class=\"attachment-post-thumbnail size-post-thumbnail\" alt=\"rue du village Obidos au portugal maisons jaunes et bleues epingle pinterest\" loading=\"lazy\" srcset=\"https:\/\/www.folk-travel.com\/wp-content\/uploads\/2020\/06\/Obidos-village-Medieval-Portugal-pinterest-370x555.jpg 370w, https:\/\/www.folk-travel.com\/wp-content\/uploads\/2020\/06\/Obidos-village-Medieval-Portugal-pinterest-200x300.jpg 200w, https:\/\/www.folk-travel.com\/wp-content\/uploads\/2020\/06\/Obidos-village-Medieval-Portugal-pinterest-683x1024.jpg 683w, https:\/\/www.folk-travel.com\/wp-content\/uploads\/2020\/06\/Obidos-village-Medieval-Portugal-pinterest-8x12.jpg 8w, https:\/\/www.folk-travel.com\/wp-content\/uploads\/2020\/06\/Obidos-village-Medieval-Portugal-pinterest.jpg 700w\" sizes=\"(max-width: 370px) 100vw, 370px\" \/>\t\t\t\t\t\t\t\t\t\t\t\t\t\t<\/div>\n\t\t\t\t\t\t<\/div>\n\t\t\t\t<\/div>\n\t\t\t\t\t\t<\/div>\n\t\t\t\t\t<\/div>\n\t\t<\/div>\n\t\t\t\t\t\t\t\t<\/div>\n\t\t\t\t\t<\/div>\n\t\t<\/section>\n\t\t\t\t<section class=\"elementor-section elementor-top-section elementor-element elementor-element-19c7738 elementor-section-boxed elementor-section-height-default elementor-section-height-default\" data-id=\"19c7738\" data-element_type=\"section\">\n\t\t\t\t\t\t<div class=\"elementor-container elementor-column-gap-extended\">\n\t\t\t\t\t\t\t<div class=\"elementor-row\">\n\t\t\t\t\t<div class=\"elementor-column elementor-col-100 elementor-top-column elementor-element elementor-element-d386eb9 sc_layouts_column_icons_position_left\" data-id=\"d386eb9\" data-element_type=\"column\">\n\t\t\t<div class=\"elementor-column-wrap elementor-element-populated\">\n\t\t\t\t\t\t\t<div class=\"elementor-widget-wrap\">\n\t\t\t\t\t\t<div class=\"elementor-element elementor-element-44ccf51 elementor-widget elementor-widget-template\" data-id=\"44ccf51\" data-element_type=\"widget\" data-widget_type=\"template.default\">\n\t\t\t\t<div class=\"elementor-widget-container\">\n\t\t\t\t\t<div class=\"elementor-template\">\n\t\t\t\t\t<div data-elementor-type=\"section\" data-elementor-id=\"5097\" class=\"elementor elementor-5097\" data-elementor-settings=\"[]\">\n\t\t<div class=\"elementor-section-wrap\">\n\t\t\t\t\t<section class=\"elementor-section elementor-top-section elementor-element elementor-element-9f88506 elementor-section-content-top elementor-section-boxed elementor-section-height-default elementor-section-height-default\" data-id=\"9f88506\" data-element_type=\"section\" data-settings=\"{&quot;background_background&quot;:&quot;classic&quot;}\">\n\t\t\t\t\t\t<div class=\"elementor-container elementor-column-gap-no\">\n\t\t\t\t\t\t\t<div class=\"elementor-row\">\n\t\t\t\t\t<div class=\"elementor-column elementor-col-50 elementor-top-column elementor-element elementor-element-5532853 sc_layouts_column_icons_position_left\" data-id=\"5532853\" data-element_type=\"column\">\n\t\t\t<div class=\"elementor-column-wrap elementor-element-populated\">\n\t\t\t\t\t\t\t<div class=\"elementor-widget-wrap\">\n\t\t\t\t\t\t<div class=\"elementor-element elementor-element-b2588f8 elementor-widget elementor-widget-image\" data-id=\"b2588f8\" data-element_type=\"widget\" data-widget_type=\"image.default\">\n\t\t\t\t<div class=\"elementor-widget-container\">\n\t\t\t\t\t\t\t\t<div class=\"elementor-image\">\n\t\t\t\t\t\t\t\t\t\t\t\t<img width=\"150\" height=\"150\" src=\"https:\/\/www.folk-travel.com\/wp-content\/uploads\/2020\/07\/Xavier-Florence-couple-photographes-150x150.jpg\" class=\"attachment-thumbnail size-thumbnail\" alt=\"photo couple photographe\" loading=\"lazy\" srcset=\"https:\/\/www.folk-travel.com\/wp-content\/uploads\/2020\/07\/Xavier-Florence-couple-photographes-150x150.jpg 150w, https:\/\/www.folk-travel.com\/wp-content\/uploads\/2020\/07\/Xavier-Florence-couple-photographes-90x90.jpg 90w, https:\/\/www.folk-travel.com\/wp-content\/uploads\/2020\/07\/Xavier-Florence-couple-photographes-370x370.jpg 370w\" sizes=\"(max-width: 150px) 100vw, 150px\" \/>\t\t\t\t\t\t\t\t\t\t\t\t\t\t<\/div>\n\t\t\t\t\t\t<\/div>\n\t\t\t\t<\/div>\n\t\t\t\t<div class=\"elementor-element elementor-element-bcd2314 elementor-widget elementor-widget-template\" data-id=\"bcd2314\" data-element_type=\"widget\" data-widget_type=\"template.default\">\n\t\t\t\t<div class=\"elementor-widget-container\">\n\t\t\t\t\t<div class=\"elementor-template\">\n\t\t\t\t\t<div data-elementor-type=\"section\" data-elementor-id=\"5112\" class=\"elementor elementor-5112\" data-elementor-settings=\"[]\">\n\t\t<div class=\"elementor-section-wrap\">\n\t\t\t\t\t<section class=\"elementor-section elementor-top-section elementor-element elementor-element-3612ca8 elementor-section-boxed elementor-section-height-default elementor-section-height-default\" data-id=\"3612ca8\" data-element_type=\"section\">\n\t\t\t\t\t\t<div class=\"elementor-container elementor-column-gap-extended\">\n\t\t\t\t\t\t\t<div class=\"elementor-row\">\n\t\t\t\t\t<div class=\"elementor-column elementor-col-100 elementor-top-column elementor-element elementor-element-781524e sc_layouts_column_icons_position_left\" data-id=\"781524e\" data-element_type=\"column\">\n\t\t\t<div class=\"elementor-column-wrap elementor-element-populated\">\n\t\t\t\t\t\t\t<div class=\"elementor-widget-wrap\">\n\t\t\t\t\t\t<div class=\"elementor-element elementor-element-2500df2 elementor-widget elementor-widget-image\" data-id=\"2500df2\" data-element_type=\"widget\" data-widget_type=\"image.default\">\n\t\t\t\t<div class=\"elementor-widget-container\">\n\t\t\t\t\t\t\t\t<div class=\"elementor-image\">\n\t\t\t\t\t\t\t\t\t\t\t\t\t<a href=\"https:\/\/www.instagram.com\/flography33\" target=\"_blank\">\n\t\t\t\t\t\t\t<img src=\"https:\/\/www.folk-travel.com\/wp-content\/uploads\/elementor\/thumbs\/instagram-icon-black-logo-ptui3sgwhhzma3cm6e07xu3riga4ludv69j1oq3t3s.png\" title=\"compte Instagram\" alt=\"logo noir instagram\" \/>\t\t\t\t\t\t\t\t<\/a>\n\t\t\t\t\t\t\t\t\t\t\t\t\t\t<\/div>\n\t\t\t\t\t\t<\/div>\n\t\t\t\t<\/div>\n\t\t\t\t<div class=\"elementor-element elementor-element-a2c2d0d elementor-absolute elementor-widget elementor-widget-image\" data-id=\"a2c2d0d\" data-element_type=\"widget\" data-settings=\"{&quot;_position&quot;:&quot;absolute&quot;}\" data-widget_type=\"image.default\">\n\t\t\t\t<div class=\"elementor-widget-container\">\n\t\t\t\t\t\t\t\t<div class=\"elementor-image\">\n\t\t\t\t\t\t\t\t\t\t\t\t\t<a href=\"https:\/\/www.instagram.com\/xavierdigitalnomad\" target=\"_blank\">\n\t\t\t\t\t\t\t<img src=\"https:\/\/www.folk-travel.com\/wp-content\/uploads\/elementor\/thumbs\/instagram-icon-black-logo-ptui3sgwhhzma3cm6e07xu3riga4ludv69j1oq3t3s.png\" title=\"compte Instagram\" alt=\"logo noir instagram\" \/>\t\t\t\t\t\t\t\t<\/a>\n\t\t\t\t\t\t\t\t\t\t\t\t\t\t<\/div>\n\t\t\t\t\t\t<\/div>\n\t\t\t\t<\/div>\n\t\t\t\t\t\t<\/div>\n\t\t\t\t\t<\/div>\n\t\t<\/div>\n\t\t\t\t\t\t\t\t<\/div>\n\t\t\t\t\t<\/div>\n\t\t<\/section>\n\t\t\t\t<\/div>\n\t\t<\/div>\n\t\t\t\t<\/div>\n\t\t\t\t<\/div>\n\t\t\t\t<\/div>\n\t\t\t\t\t\t<\/div>\n\t\t\t\t\t<\/div>\n\t\t<\/div>\n\t\t\t\t<div class=\"elementor-column elementor-col-50 elementor-top-column elementor-element elementor-element-9f5d2a5 sc_layouts_column_icons_position_left\" data-id=\"9f5d2a5\" data-element_type=\"column\">\n\t\t\t<div class=\"elementor-column-wrap elementor-element-populated\">\n\t\t\t\t\t\t\t<div class=\"elementor-widget-wrap\">\n\t\t\t\t\t\t<div class=\"elementor-element elementor-element-40d123e elementor-widget elementor-widget-heading\" data-id=\"40d123e\" data-element_type=\"widget\" data-widget_type=\"heading.default\">\n\t\t\t\t<div class=\"elementor-widget-container\">\n\t\t\t<span class=\"elementor-heading-title elementor-size-default\"><a href=\"https:\/\/www.folk-travel.com\/en\/about-us\/\" target=\"_blank\">Florence & Xavier<\/a><\/span>\t\t<\/div>\n\t\t\t\t<\/div>\n\t\t\t\t<div class=\"elementor-element elementor-element-76167c4 elementor-widget elementor-widget-spacer\" data-id=\"76167c4\" data-element_type=\"widget\" data-widget_type=\"spacer.default\">\n\t\t\t\t<div class=\"elementor-widget-container\">\n\t\t\t\t\t<div class=\"elementor-spacer\">\n\t\t\t<div class=\"elementor-spacer-inner\"><\/div>\n\t\t<\/div>\n\t\t\t\t<\/div>\n\t\t\t\t<\/div>\n\t\t\t\t<div class=\"elementor-element elementor-element-5c47899 elementor-widget elementor-widget-text-editor\" data-id=\"5c47899\" data-element_type=\"widget\" data-widget_type=\"text-editor.default\">\n\t\t\t\t<div class=\"elementor-widget-container\">\n\t\t\t\t\t\t\t\t<div class=\"elementor-text-editor elementor-clearfix\">\n\t\t\t\t<p>Founders of Folk-Travel<\/p>\t\t\t\t\t<\/div>\n\t\t\t\t\t\t<\/div>\n\t\t\t\t<\/div>\n\t\t\t\t<div class=\"elementor-element elementor-element-b70fcb3 elementor-widget elementor-widget-text-editor\" data-id=\"b70fcb3\" data-element_type=\"widget\" data-widget_type=\"text-editor.default\">\n\t\t\t\t<div class=\"elementor-widget-container\">\n\t\t\t\t\t\t\t\t<div class=\"elementor-text-editor elementor-clearfix\">\n\t\t\t\t<p>\u26f0\ufe0f Globetrotters and landscape photographer. We had a passion in common when we met, that of great landscapes.\u00a0 It was enough for us to travel all over the world in search of the most beautiful photogenic spots. We take time for details, authenticity while remaining natural. Back from our road-trips we reveal our best places.<br>&nbsp;We take time for details and authenticity while remaining natural. Back from our road-trips we reveal our best places.<\/p>\t\t\t\t\t<\/div>\n\t\t\t\t\t\t<\/div>\n\t\t\t\t<\/div>\n\t\t\t\t<div class=\"elementor-element elementor-element-49b5f32 elementor-widget elementor-widget-text-editor\" data-id=\"49b5f32\" data-element_type=\"widget\" data-widget_type=\"text-editor.default\">\n\t\t\t\t<div class=\"elementor-widget-container\">\n\t\t\t\t\t\t\t\t<div class=\"elementor-text-editor elementor-clearfix\">\n\t\t\t\t<p>Article published on :\u00a0<\/p>\t\t\t\t\t<\/div>\n\t\t\t\t\t\t<\/div>\n\t\t\t\t<\/div>\n\t\t\t\t<div class=\"elementor-element elementor-element-0693bd2 elementor-widget elementor-widget-post-info\" data-id=\"0693bd2\" data-element_type=\"widget\" data-widget_type=\"post-info.default\">\n\t\t\t\t<div class=\"elementor-widget-container\">\n\t\t\t\t\t<ul class=\"elementor-inline-items elementor-icon-list-items elementor-post-info\">\n\t\t\t\t\t\t\t\t<li class=\"elementor-icon-list-item elementor-repeater-item-cdab7de elementor-inline-item\" =\"datePublished\">\n\t\t\t\t\t\t<a href=\"https:\/\/www.folk-travel.com\/en\/2020\/06\/20\">\n\t\t\t\t\t\t\t\t\t\t\t<span class=\"elementor-icon-list-icon\">\n\t\t\t\t\t\t\t\t<svg aria-hidden=\"true\" class=\"e-font-icon-svg\"><use xlink:href=\"#fas-calendar\" \/><\/svg>\t\t\t\t\t\t\t<\/span>\n\t\t\t\t\t\t\t\t\t<span class=\"elementor-icon-list-text elementor-post-info__item elementor-post-info__item--type-date\">\n\t\t\t\t\t\t\t\t\t\tJune 20, 2020\t\t\t\t\t<\/span>\n\t\t\t\t\t\t\t\t\t<\/a>\n\t\t\t\t<\/li>\n\t\t\t\t<li class=\"elementor-icon-list-item elementor-repeater-item-198aebd elementor-inline-item\">\n\t\t\t\t\t\t\t\t\t\t<span class=\"elementor-icon-list-icon\">\n\t\t\t\t\t\t\t\t<svg aria-hidden=\"true\" class=\"e-font-icon-svg\"><use xlink:href=\"#far-clock\" \/><\/svg>\t\t\t\t\t\t\t<\/span>\n\t\t\t\t\t\t\t\t\t<span class=\"elementor-icon-list-text elementor-post-info__item elementor-post-info__item--type-time\">\n\t\t\t\t\t\t\t\t\t\t17:43\t\t\t\t\t<\/span>\n\t\t\t\t\t\t\t\t<\/li>\n\t\t\t\t<li class=\"elementor-icon-list-item elementor-repeater-item-c167582 elementor-inline-item\" =\"commentCount\">\n\t\t\t\t\t\t<a href=\"https:\/\/www.folk-travel.com\/en\/village-obidos?noamp=mobile#respond\">\n\t\t\t\t\t\t\t\t\t\t\t<span class=\"elementor-icon-list-icon\">\n\t\t\t\t\t\t\t\t<svg aria-hidden=\"true\" class=\"e-font-icon-svg\"><use xlink:href=\"#far-comment-dots\" \/><\/svg>\t\t\t\t\t\t\t<\/span>\n\t\t\t\t\t\t\t\t\t<span class=\"elementor-icon-list-text elementor-post-info__item elementor-post-info__item--type-comments\">\n\t\t\t\t\t\t\t\t\t\tNo Comments\t\t\t\t\t<\/span>\n\t\t\t\t\t\t\t\t\t<\/a>\n\t\t\t\t<\/li>\n\t\t\t\t<\/ul>\n\t\t\t\t<\/div>\n\t\t\t\t<\/div>\n\t\t\t\t\t\t<\/div>\n\t\t\t\t\t<\/div>\n\t\t<\/div>\n\t\t\t\t\t\t\t\t<\/div>\n\t\t\t\t\t<\/div>\n\t\t<\/section>\n\t\t\t\t<section class=\"elementor-section elementor-top-section elementor-element elementor-element-0cfcd3c elementor-section-boxed elementor-section-height-default elementor-section-height-default\" data-id=\"0cfcd3c\" data-element_type=\"section\">\n\t\t\t\t\t\t<div class=\"elementor-container elementor-column-gap-extended\">\n\t\t\t\t\t\t\t<div class=\"elementor-row\">\n\t\t\t\t\t<div class=\"elementor-column elementor-col-50 elementor-top-column elementor-element elementor-element-87bc567 sc_layouts_column_icons_position_left\" data-id=\"87bc567\" data-element_type=\"column\">\n\t\t\t<div class=\"elementor-column-wrap\">\n\t\t\t\t\t\t\t<div class=\"elementor-widget-wrap\">\n\t\t\t\t\t\t\t\t<\/div>\n\t\t\t\t\t<\/div>\n\t\t<\/div>\n\t\t\t\t<div class=\"elementor-column elementor-col-50 elementor-top-column elementor-element elementor-element-eafb3cc sc_layouts_column_icons_position_left\" data-id=\"eafb3cc\" data-element_type=\"column\">\n\t\t\t<div class=\"elementor-column-wrap\">\n\t\t\t\t\t\t\t<div class=\"elementor-widget-wrap\">\n\t\t\t\t\t\t\t\t<\/div>\n\t\t\t\t\t<\/div>\n\t\t<\/div>\n\t\t\t\t\t\t\t\t<\/div>\n\t\t\t\t\t<\/div>\n\t\t<\/section>\n\t\t\t\t<\/div>\n\t\t<\/div>\n\t\t\t\t<\/div>\n\t\t\t\t<\/div>\n\t\t\t\t<\/div>\n\t\t\t\t\t\t<\/div>\n\t\t\t\t\t<\/div>\n\t\t<\/div>\n\t\t\t\t\t\t\t\t<\/div>\n\t\t\t\t\t<\/div>\n\t\t<\/section>\n\t\t\t\t\t\t<\/div>\n\t\t\t\t\t\t<\/div>\n\t\t\t\t\t<\/div>","protected":false},"excerpt":{"rendered":"<p>Obidos : un village incontournable Notre dernier jour de road trip s\u2019ach\u00e8ve ici \u00e0 Obidos , apr\u00e8s notre journ\u00e9e hier d\u2019Ericeira \u00e0 Peniche, il nous&hellip;<\/p>","protected":false},"author":1,"featured_media":0,"comment_status":"open","ping_status":"open","sticky":false,"template":"","format":"standard","meta":[],"categories":[75],"tags":[120],"yoast_head":"<!-- This site is optimized with the Yoast SEO plugin v17.3 - https:\/\/yoast.com\/wordpress\/plugins\/seo\/ -->\n<title>Obidos : Le plus beau village m\u00e9dieval du Portugal<\/title>\n<meta name=\"description\" content=\"On a fini notre road-trip par le village d&#039;Obidos : charme, routes pav\u00e9s notre coup de foudre sur ce village m\u00e9di\u00e9val. Visiter Obidos avec notre guide.\" \/>\n<meta name=\"robots\" content=\"index, follow, max-snippet:-1, max-image-preview:large, max-video-preview:-1\" \/>\n<link rel=\"canonical\" href=\"https:\/\/www.folk-travel.com\/en\/village-obidos\/\" \/>\n<meta property=\"og:locale\" content=\"en_US\" \/>\n<meta property=\"og:type\" content=\"article\" \/>\n<meta property=\"og:title\" content=\"Obidos : Le plus beau village m\u00e9dieval du Portugal\" \/>\n<meta property=\"og:description\" content=\"On a fini notre road-trip par le village d&#039;Obidos : charme, routes pav\u00e9s notre coup de foudre sur ce village m\u00e9di\u00e9val. Visiter Obidos avec notre guide.\" \/>\n<meta property=\"og:url\" content=\"https:\/\/www.folk-travel.com\/en\/village-obidos\/\" \/>\n<meta property=\"og:site_name\" content=\"FOLK-TRAVEL : Blog du voyage populaire\" \/>\n<meta property=\"article:published_time\" content=\"2020-06-20T17:43:20+00:00\" \/>\n<meta property=\"article:modified_time\" content=\"2021-10-18T14:07:41+00:00\" \/>\n<meta property=\"og:image\" content=\"https:\/\/www.folk-travel.com\/wp-content\/uploads\/2020\/06\/Obidos-ruelle-Portugal-scaled-768x1024.jpg\" \/>\n<meta name=\"twitter:card\" content=\"summary_large_image\" \/>\n<meta name=\"twitter:label1\" content=\"Written by\" \/>\n\t<meta name=\"twitter:data1\" content=\"Folk Travel\" \/>\n\t<meta name=\"twitter:label2\" content=\"Est. reading time\" \/>\n\t<meta name=\"twitter:data2\" content=\"12 minutes\" \/>\n<!-- \/ Yoast SEO plugin. -->","yoast_head_json":{"title":"Obidos : Le plus beau village m\u00e9dieval du Portugal","description":"On a fini notre road-trip par le village d'Obidos : charme, routes pav\u00e9s notre coup de foudre sur ce village m\u00e9di\u00e9val. Visiter Obidos avec notre guide.","robots":{"index":"index","follow":"follow","max-snippet":"max-snippet:-1","max-image-preview":"max-image-preview:large","max-video-preview":"max-video-preview:-1"},"canonical":"https:\/\/www.folk-travel.com\/en\/village-obidos\/","og_locale":"en_US","og_type":"article","og_title":"Obidos : Le plus beau village m\u00e9dieval du Portugal","og_description":"On a fini notre road-trip par le village d'Obidos : charme, routes pav\u00e9s notre coup de foudre sur ce village m\u00e9di\u00e9val. Visiter Obidos avec notre guide.","og_url":"https:\/\/www.folk-travel.com\/en\/village-obidos\/","og_site_name":"FOLK-TRAVEL : Blog du voyage populaire","article_published_time":"2020-06-20T17:43:20+00:00","article_modified_time":"2021-10-18T14:07:41+00:00","og_image":[{"url":"https:\/\/www.folk-travel.com\/wp-content\/uploads\/2020\/06\/Obidos-ruelle-Portugal-scaled-768x1024.jpg"}],"twitter_card":"summary_large_image","twitter_misc":{"Written by":"Folk Travel","Est. reading time":"12 minutes"},"schema":{"@context":"https:\/\/schema.org","@graph":[{"@type":"WebSite","@id":"https:\/\/www.folk-travel.com\/#website","url":"https:\/\/www.folk-travel.com\/","name":"FOLK-TRAVEL : Blog du voyage populaire","description":"Voyageons autour du monde","publisher":{"@id":"https:\/\/www.folk-travel.com\/#\/schema\/person\/ee3201678fc1acb9e44c537d3af4d403"},"potentialAction":[{"@type":"SearchAction","target":{"@type":"EntryPoint","urlTemplate":"https:\/\/www.folk-travel.com\/?s={search_term_string}"},"query-input":"required name=search_term_string"}],"inLanguage":"en-US"},{"@type":"ImageObject","@id":"https:\/\/www.folk-travel.com\/village-obidos#primaryimage","inLanguage":"en-US","url":"https:\/\/www.folk-travel.com\/wp-content\/uploads\/2020\/06\/Obidos-ruelle-Portugal-scaled.jpg","contentUrl":"https:\/\/www.folk-travel.com\/wp-content\/uploads\/2020\/06\/Obidos-ruelle-Portugal-scaled.jpg","width":1600,"height":2133,"caption":"rue d'Obidos au Portugal avec maison jaune et bleu et l'\u00e9glise"},{"@type":"WebPage","@id":"https:\/\/www.folk-travel.com\/village-obidos#webpage","url":"https:\/\/www.folk-travel.com\/village-obidos","name":"Obidos : Le plus beau village m\u00e9dieval du Portugal","isPartOf":{"@id":"https:\/\/www.folk-travel.com\/#website"},"primaryImageOfPage":{"@id":"https:\/\/www.folk-travel.com\/village-obidos#primaryimage"},"datePublished":"2020-06-20T17:43:20+00:00","dateModified":"2021-10-18T14:07:41+00:00","description":"On a fini notre road-trip par le village d'Obidos : charme, routes pav\u00e9s notre coup de foudre sur ce village m\u00e9di\u00e9val. Visiter Obidos avec notre guide.","breadcrumb":{"@id":"https:\/\/www.folk-travel.com\/village-obidos#breadcrumb"},"inLanguage":"en-US","potentialAction":[{"@type":"ReadAction","target":["https:\/\/www.folk-travel.com\/village-obidos"]}]},{"@type":"BreadcrumbList","@id":"https:\/\/www.folk-travel.com\/village-obidos#breadcrumb","itemListElement":[{"@type":"ListItem","position":1,"name":"Accueil","item":"https:\/\/www.folk-travel.com\/"},{"@type":"ListItem","position":2,"name":"Obidos : plus beau village du Portugal"}]},{"@type":"Article","@id":"https:\/\/www.folk-travel.com\/village-obidos#article","isPartOf":{"@id":"https:\/\/www.folk-travel.com\/village-obidos#webpage"},"author":{"@id":"https:\/\/www.folk-travel.com\/#\/schema\/person\/ee3201678fc1acb9e44c537d3af4d403"},"headline":"Obidos : plus beau village du Portugal","datePublished":"2020-06-20T17:43:20+00:00","dateModified":"2021-10-18T14:07:41+00:00","mainEntityOfPage":{"@id":"https:\/\/www.folk-travel.com\/village-obidos#webpage"},"wordCount":1154,"commentCount":0,"publisher":{"@id":"https:\/\/www.folk-travel.com\/#\/schema\/person\/ee3201678fc1acb9e44c537d3af4d403"},"image":{"@id":"https:\/\/www.folk-travel.com\/village-obidos#primaryimage"},"thumbnailUrl":"https:\/\/www.folk-travel.com\/wp-content\/uploads\/2020\/06\/Obidos-ruelle-Portugal-scaled-768x1024.jpg","keywords":["portugal"],"articleSection":["Voyage"],"inLanguage":"en-US","potentialAction":[{"@type":"CommentAction","name":"Comment","target":["https:\/\/www.folk-travel.com\/village-obidos#respond"]}]},{"@type":["Person","Organization"],"@id":"https:\/\/www.folk-travel.com\/#\/schema\/person\/ee3201678fc1acb9e44c537d3af4d403","name":"Folk Travel","image":{"@type":"ImageObject","@id":"https:\/\/www.folk-travel.com\/#personlogo","inLanguage":"en-US","url":"https:\/\/www.folk-travel.com\/wp-content\/uploads\/2020\/07\/Xavier-Florence-couple-photographes-scaled-e1636901092934.jpg","contentUrl":"https:\/\/www.folk-travel.com\/wp-content\/uploads\/2020\/07\/Xavier-Florence-couple-photographes-scaled-e1636901092934.jpg","caption":"Folk Travel"},"logo":{"@id":"https:\/\/www.folk-travel.com\/#personlogo"},"url":"https:\/\/www.folk-travel.com\/en\/author\/folktravel33"}]}},"amp_enabled":true,"_links":{"self":[{"href":"https:\/\/www.folk-travel.com\/en\/wp-json\/wp\/v2\/posts\/4819"}],"collection":[{"href":"https:\/\/www.folk-travel.com\/en\/wp-json\/wp\/v2\/posts"}],"about":[{"href":"https:\/\/www.folk-travel.com\/en\/wp-json\/wp\/v2\/types\/post"}],"author":[{"embeddable":true,"href":"https:\/\/www.folk-travel.com\/en\/wp-json\/wp\/v2\/users\/1"}],"replies":[{"embeddable":true,"href":"https:\/\/www.folk-travel.com\/en\/wp-json\/wp\/v2\/comments?post=4819"}],"version-history":[{"count":3,"href":"https:\/\/www.folk-travel.com\/en\/wp-json\/wp\/v2\/posts\/4819\/revisions"}],"predecessor-version":[{"id":5944,"href":"https:\/\/www.folk-travel.com\/en\/wp-json\/wp\/v2\/posts\/4819\/revisions\/5944"}],"wp:attachment":[{"href":"https:\/\/www.folk-travel.com\/en\/wp-json\/wp\/v2\/media?parent=4819"}],"wp:term":[{"taxonomy":"category","embeddable":true,"href":"https:\/\/www.folk-travel.com\/en\/wp-json\/wp\/v2\/categories?post=4819"},{"taxonomy":"post_tag","embeddable":true,"href":"https:\/\/www.folk-travel.com\/en\/wp-json\/wp\/v2\/tags?post=4819"}],"curies":[{"name":"wp","href":"https:\/\/api.w.org\/{rel}","templated":true}]}}