{"id":4534,"date":"2020-05-31T14:05:42","date_gmt":"2020-05-31T14:05:42","guid":{"rendered":"https:\/\/www.folk-travel.com\/?p=4534"},"modified":"2021-06-29T17:38:38","modified_gmt":"2021-06-29T17:38:38","slug":"pastel-de-nata","status":"publish","type":"post","link":"https:\/\/www.folk-travel.com\/en\/pastel-de-nata","title":{"rendered":"Pasteis de Nata"},"content":{"rendered":"<div data-elementor-type=\"wp-post\" data-elementor-id=\"4534\" class=\"elementor elementor-4534\" data-elementor-settings=\"[]\">\n\t\t\t\t\t\t<div class=\"elementor-inner\">\n\t\t\t\t\t\t\t<div class=\"elementor-section-wrap\">\n\t\t\t\t\t\t\t<section class=\"elementor-section elementor-top-section elementor-element elementor-element-784ead3 elementor-section-stretched elementor-section-height-min-height elementor-section-boxed elementor-section-height-default elementor-section-items-middle\" data-id=\"784ead3\" data-element_type=\"section\" data-settings=\"{&quot;stretch_section&quot;:&quot;section-stretched&quot;,&quot;background_background&quot;:&quot;classic&quot;,&quot;background_motion_fx_motion_fx_scrolling&quot;:&quot;yes&quot;,&quot;background_motion_fx_opacity_effect&quot;:&quot;yes&quot;,&quot;background_motion_fx_opacity_direction&quot;:&quot;in-out&quot;,&quot;background_motion_fx_opacity_level&quot;:{&quot;unit&quot;:&quot;px&quot;,&quot;size&quot;:5.9,&quot;sizes&quot;:[]},&quot;background_motion_fx_opacity_range&quot;:{&quot;unit&quot;:&quot;%&quot;,&quot;size&quot;:&quot;&quot;,&quot;sizes&quot;:{&quot;start&quot;:61,&quot;end&quot;:80}},&quot;background_motion_fx_blur_effect&quot;:&quot;yes&quot;,&quot;background_motion_fx_blur_direction&quot;:&quot;in-out&quot;,&quot;background_motion_fx_blur_level&quot;:{&quot;unit&quot;:&quot;px&quot;,&quot;size&quot;:10,&quot;sizes&quot;:[]},&quot;background_motion_fx_blur_range&quot;:{&quot;unit&quot;:&quot;%&quot;,&quot;size&quot;:&quot;&quot;,&quot;sizes&quot;:{&quot;start&quot;:61,&quot;end&quot;:80}},&quot;background_motion_fx_devices&quot;:[&quot;desktop&quot;,&quot;tablet&quot;,&quot;mobile&quot;]}\">\n\t\t\t\t\t\t<div class=\"elementor-container elementor-column-gap-extended\">\n\t\t\t\t\t\t\t<div class=\"elementor-row\">\n\t\t\t\t\t<div class=\"elementor-column elementor-col-100 elementor-top-column elementor-element elementor-element-182458d sc_layouts_column_icons_position_left\" data-id=\"182458d\" data-element_type=\"column\">\n\t\t\t<div class=\"elementor-column-wrap elementor-element-populated\">\n\t\t\t\t\t\t\t<div class=\"elementor-widget-wrap\">\n\t\t\t\t\t\t<div class=\"elementor-element elementor-element-e60327b style-text-descr elementor-widget elementor-widget-heading\" data-id=\"e60327b\" data-element_type=\"widget\" data-widget_type=\"heading.default\">\n\t\t\t\t<div class=\"elementor-widget-container\">\n\t\t\t<h1 class=\"elementor-heading-title elementor-size-xxl\">Pastel of Nata Recipe and Origin<\/h1>\t\t<\/div>\n\t\t\t\t<\/div>\n\t\t\t\t\t\t<\/div>\n\t\t\t\t\t<\/div>\n\t\t<\/div>\n\t\t\t\t\t\t\t\t<\/div>\n\t\t\t\t\t<\/div>\n\t\t<\/section>\n\t\t\t\t<section class=\"elementor-section elementor-top-section elementor-element elementor-element-f8baba9 elementor-section-stretched elementor-section-boxed elementor-section-height-default elementor-section-height-default\" data-id=\"f8baba9\" data-element_type=\"section\" data-settings=\"{&quot;stretch_section&quot;:&quot;section-stretched&quot;}\">\n\t\t\t\t\t\t<div class=\"elementor-container elementor-column-gap-wider\">\n\t\t\t\t\t\t\t<div class=\"elementor-row\">\n\t\t\t\t\t<div class=\"elementor-column elementor-col-100 elementor-top-column elementor-element elementor-element-1bd83e9 sc_layouts_column_icons_position_left\" data-id=\"1bd83e9\" data-element_type=\"column\">\n\t\t\t<div class=\"elementor-column-wrap elementor-element-populated\">\n\t\t\t\t\t\t\t<div class=\"elementor-widget-wrap\">\n\t\t\t\t\t\t<div class=\"elementor-element elementor-element-dd5be74 elementor-widget elementor-widget-text-editor\" data-id=\"dd5be74\" data-element_type=\"widget\" data-widget_type=\"text-editor.default\">\n\t\t\t\t<div class=\"elementor-widget-container\">\n\t\t\t\t\t\t\t\t<div class=\"elementor-text-editor elementor-clearfix\">\n\t\t\t\t<p>We couldn't not tell you about the <b>Pastel de Nata <\/b>that we enjoyed during our visit to Lisbon. A real temptation, this pastry from Portugal is worth so much praise that we set off on an adventure by investigating its origins, offering you the <b>recipe for pastel de nata <\/b>dedicated to secrecy but you will also know where to eat the best pasteis de nata in Lisbon.<\/p>\t\t\t\t\t<\/div>\n\t\t\t\t\t\t<\/div>\n\t\t\t\t<\/div>\n\t\t\t\t\t\t<\/div>\n\t\t\t\t\t<\/div>\n\t\t<\/div>\n\t\t\t\t\t\t\t\t<\/div>\n\t\t\t\t\t<\/div>\n\t\t<\/section>\n\t\t\t\t<section class=\"elementor-section elementor-top-section elementor-element elementor-element-c12914b elementor-section-stretched elementor-section-boxed elementor-section-height-default elementor-section-height-default\" data-id=\"c12914b\" data-element_type=\"section\" data-settings=\"{&quot;stretch_section&quot;:&quot;section-stretched&quot;}\">\n\t\t\t\t\t\t<div class=\"elementor-container elementor-column-gap-wider\">\n\t\t\t\t\t\t\t<div class=\"elementor-row\">\n\t\t\t\t\t<div class=\"elementor-column elementor-col-100 elementor-top-column elementor-element elementor-element-07af789 sc_layouts_column_icons_position_left\" data-id=\"07af789\" data-element_type=\"column\">\n\t\t\t<div class=\"elementor-column-wrap elementor-element-populated\">\n\t\t\t\t\t\t\t<div class=\"elementor-widget-wrap\">\n\t\t\t\t\t\t<div class=\"elementor-element elementor-element-b50ba6e elementor-widget elementor-widget-heading\" data-id=\"b50ba6e\" data-element_type=\"widget\" data-widget_type=\"heading.default\">\n\t\t\t\t<div class=\"elementor-widget-container\">\n\t\t\t<h2 class=\"elementor-heading-title elementor-size-default\">Origin of the Pastel of Nata<\/h2>\t\t<\/div>\n\t\t\t\t<\/div>\n\t\t\t\t<div class=\"elementor-element elementor-element-ae6b323 elementor-widget elementor-widget-text-editor\" data-id=\"ae6b323\" data-element_type=\"widget\" data-widget_type=\"text-editor.default\">\n\t\t\t\t<div class=\"elementor-widget-container\">\n\t\t\t\t\t\t\t\t<div class=\"elementor-text-editor elementor-clearfix\">\n\t\t\t\t<p>Where did this delicious pastry come from? What is the origin of Pastel de nata? This tartlet has become the emblem of Lisbon, just like the cannel\u00e9 of Bordeaux.<\/p><p>We have to go back to 1837 in Bel\u00e9m to the Monastery of the Hieronymites when the monks sold their pastry of small tarts with cream at the bakery right next door in the city of Bel\u00e8m which is now a district of Lisbon. Tourists revel in this new pastry shop: the <b>Past\u00e9is de Bel\u00e8m\u00a0<\/b><\/p><p><b><\/b>The monks are known not to speak and they quickly understand that their recipe is sacred and must remain well guarded.<br \/>Only a few master pastry chefs know it, but for the others, each pastry chef is assigned to only one part of the recipe: one pastry chef makes the dough, the other the cream ...<\/p><p>The origin of nata's pastel does come from Bel\u00e9m, that's why you will always see a long queue at the pastry shop in Bel\u00e9m see our\u00a0<a href=\"https:\/\/www.folk-travel.com\/en\/cascais-belem-what-to-do\/\" target=\"_blank\" rel=\"noopener\">Belem visit<\/a>.<br \/>To see behind the scenes on the making of the Pastel de nata, take a look at this <a href=\"https:\/\/www.francetvinfo.fr\/replay-radio\/voyage-et-decouvertes\/decouverte-des-pateis-de-nata-la-patisserie-phare-de-lisbonne_2320551.html\" target=\"_blank\" rel=\"noopener\">french tv video France2<\/a> who took his report into the kitchens of the Bel\u00e9m bakery:<\/p>\t\t\t\t\t<\/div>\n\t\t\t\t\t\t<\/div>\n\t\t\t\t<\/div>\n\t\t\t\t<div class=\"elementor-element elementor-element-64f3cb5 elementor-hidden-phone elementor-widget elementor-widget-shortcode\" data-id=\"64f3cb5\" data-element_type=\"widget\" data-widget_type=\"shortcode.default\">\n\t\t\t\t<div class=\"elementor-widget-container\">\n\t\t\t\t\t<div class=\"elementor-shortcode\"><iframe loading=\"lazy\" width=\"640\" height=\"400\" src=\"\/\/embedftv-a.akamaihd.net\/49de558a7808a93c9d3ef848942f6db5\" frameborder=\"0\" scrolling=\"no\" allowfullscreen><\/iframe><\/div>\n\t\t\t\t<\/div>\n\t\t\t\t<\/div>\n\t\t\t\t<div class=\"elementor-element elementor-element-3fd0375 elementor-hidden-desktop elementor-hidden-tablet elementor-widget elementor-widget-shortcode\" data-id=\"3fd0375\" data-element_type=\"widget\" data-widget_type=\"shortcode.default\">\n\t\t\t\t<div class=\"elementor-widget-container\">\n\t\t\t\t\t<div class=\"elementor-shortcode\"><iframe loading=\"lazy\" width=\"auto\" height=\"auto\" src=\"\/\/embedftv-a.akamaihd.net\/49de558a7808a93c9d3ef848942f6db5\" frameborder=\"0\" scrolling=\"no\" allowfullscreen><\/iframe><\/div>\n\t\t\t\t<\/div>\n\t\t\t\t<\/div>\n\t\t\t\t<div class=\"elementor-element elementor-element-6b53b2e elementor-widget elementor-widget-heading\" data-id=\"6b53b2e\" data-element_type=\"widget\" data-widget_type=\"heading.default\">\n\t\t\t\t<div class=\"elementor-widget-container\">\n\t\t\t<h2 class=\"elementor-heading-title elementor-size-default\">Pastel de Nata recipe<\/h2>\t\t<\/div>\n\t\t\t\t<\/div>\n\t\t\t\t\t\t<\/div>\n\t\t\t\t\t<\/div>\n\t\t<\/div>\n\t\t\t\t\t\t\t\t<\/div>\n\t\t\t\t\t<\/div>\n\t\t<\/section>\n\t\t\t\t<section class=\"elementor-section elementor-top-section elementor-element elementor-element-18ca80e elementor-section-stretched elementor-section-boxed elementor-section-height-default elementor-section-height-default\" data-id=\"18ca80e\" data-element_type=\"section\" data-settings=\"{&quot;stretch_section&quot;:&quot;section-stretched&quot;}\">\n\t\t\t\t\t\t<div class=\"elementor-container elementor-column-gap-wider\">\n\t\t\t\t\t\t\t<div class=\"elementor-row\">\n\t\t\t\t\t<div class=\"elementor-column elementor-col-100 elementor-top-column elementor-element elementor-element-4da8179 sc_layouts_column_icons_position_left\" data-id=\"4da8179\" data-element_type=\"column\">\n\t\t\t<div class=\"elementor-column-wrap elementor-element-populated\">\n\t\t\t\t\t\t\t<div class=\"elementor-widget-wrap\">\n\t\t\t\t\t\t<section class=\"elementor-section elementor-inner-section elementor-element elementor-element-e546d80 elementor-section-full_width elementor-section-height-default elementor-section-height-default\" data-id=\"e546d80\" data-element_type=\"section\">\n\t\t\t\t\t\t<div class=\"elementor-container elementor-column-gap-wider\">\n\t\t\t\t\t\t\t<div class=\"elementor-row\">\n\t\t\t\t\t<div class=\"elementor-column elementor-col-100 elementor-inner-column elementor-element elementor-element-b36ab31 sc_layouts_column_icons_position_left\" data-id=\"b36ab31\" data-element_type=\"column\">\n\t\t\t<div class=\"elementor-column-wrap elementor-element-populated\">\n\t\t\t\t\t\t\t<div class=\"elementor-widget-wrap\">\n\t\t\t\t\t\t<div class=\"elementor-element elementor-element-a632067 elementor-widget elementor-widget-heading\" data-id=\"a632067\" data-element_type=\"widget\" data-widget_type=\"heading.default\">\n\t\t\t\t<div class=\"elementor-widget-container\">\n\t\t\t<h3 class=\"elementor-heading-title elementor-size-default\">Pastel de Nata - for 20 pasteis<\/h3>\t\t<\/div>\n\t\t\t\t<\/div>\n\t\t\t\t<div class=\"elementor-element elementor-element-55e8f2a elementor-widget elementor-widget-shortcode\" data-id=\"55e8f2a\" data-element_type=\"widget\" data-widget_type=\"shortcode.default\">\n\t\t\t\t<div class=\"elementor-widget-container\">\n\t\t\t\t\t<div class=\"elementor-shortcode\"><div class=\"saswp-g-review-panel\">\r\n                              <div class=\"saswp-glg-review-body\">\r\n                                <div class=\"saswp-rv-img\">\r\n                                    <img width=\"100%\" height=\"auto\" loading=\"lazy\" src=\"https:\/\/www.folk-travel.com\/fichiers\/2020\/05\/mariemimi.jpg\" alt=\"Marie\">\r\n                                <\/div>\r\n                                <div class=\"saswp-rv-cnt\">\r\n                                    <div class=\"saswp-r5-rng\">\r\n                                        <div class=\"saswp-str\">\r\n                                            <a target=\"_blank\" href=\"\"><span class=\"saswp-athr\">Marie<\/span><\/a>\r\n                                            <div class=\"saswp-rvw-str\"><span class=\"str-ic\"><\/span><span class=\"str-ic\"><\/span><span class=\"str-ic\"><\/span><span class=\"str-ic\"><\/span><span class=\"str-ic\"><\/span><\/div>\r\n                                            <div>2020-05-31<\/div>                                  \r\n                                        <\/div> \r\n                                        <span class=\"saswp-g-plus\">\r\n                                            <a target=\"_blank\" href=\"\"><img loading=\"lazy\" alt=\"Marie\" width=\"20\" height=\"20\" src=\"https:\/\/www.folk-travel.com\/wp-content\/plugins\/schema-and-structured-data-for-wp\/\/admin_section\/images\/reviews_platform_icon\/google-img.png\"><\/a>\r\n                                        <\/span>\r\n                                    <\/div>                                                \r\n                                   <div class=\"saswp-rv-txt\"> <p>I just tested for Sunday's dessert, I replaced the cinnamon because we don't like it with a vanilla bean split in two, my children have already eaten everything! Great recipe for pastel like the one I ate in Bel\u00e9m.<\/p><\/div>\r\n                                <\/div>\r\n                              <\/div>\r\n                          <\/div><\/div>\n\t\t\t\t<\/div>\n\t\t\t\t<\/div>\n\t\t\t\t\t\t<\/div>\n\t\t\t\t\t<\/div>\n\t\t<\/div>\n\t\t\t\t\t\t\t\t<\/div>\n\t\t\t\t\t<\/div>\n\t\t<\/section>\n\t\t\t\t<section class=\"elementor-section elementor-inner-section elementor-element elementor-element-570c600 elementor-section-full_width elementor-section-height-default elementor-section-height-default\" data-id=\"570c600\" data-element_type=\"section\">\n\t\t\t\t\t\t<div class=\"elementor-container elementor-column-gap-wider\">\n\t\t\t\t\t\t\t<div class=\"elementor-row\">\n\t\t\t\t\t<div class=\"elementor-column elementor-col-50 elementor-inner-column elementor-element elementor-element-cea817b sc_layouts_column_icons_position_left\" data-id=\"cea817b\" data-element_type=\"column\">\n\t\t\t<div class=\"elementor-column-wrap elementor-element-populated\">\n\t\t\t\t\t\t\t<div class=\"elementor-widget-wrap\">\n\t\t\t\t\t\t<div class=\"elementor-element elementor-element-45e6fcf elementor-widget elementor-widget-text-editor\" data-id=\"45e6fcf\" data-element_type=\"widget\" data-widget_type=\"text-editor.default\">\n\t\t\t\t<div class=\"elementor-widget-container\">\n\t\t\t\t\t\t\t\t<div class=\"elementor-text-editor elementor-clearfix\">\n\t\t\t\t<p>Ingredients<\/p>\t\t\t\t\t<\/div>\n\t\t\t\t\t\t<\/div>\n\t\t\t\t<\/div>\n\t\t\t\t<div class=\"elementor-element elementor-element-98bbbd9 elementor-list-item-link-full_width elementor-widget elementor-widget-icon-list\" data-id=\"98bbbd9\" data-element_type=\"widget\" data-widget_type=\"icon-list.default\">\n\t\t\t\t<div class=\"elementor-widget-container\">\n\t\t\t\t\t<ul class=\"elementor-icon-list-items\">\n\t\t\t\t\t\t\t<li class=\"elementor-icon-list-item\">\n\t\t\t\t\t\t\t\t\t\t\t<span class=\"elementor-icon-list-icon\">\n\t\t\t\t\t\t\t<svg aria-hidden=\"true\" class=\"e-font-icon-svg\"><use xlink:href=\"#fas-check\" \/><\/svg>\t\t\t\t\t\t<\/span>\n\t\t\t\t\t\t\t\t\t\t<span class=\"elementor-icon-list-text\">1 litre semi-skimmed milk<\/span>\n\t\t\t\t\t\t\t\t\t<\/li>\n\t\t\t\t\t\t\t\t<li class=\"elementor-icon-list-item\">\n\t\t\t\t\t\t\t\t\t\t\t<span class=\"elementor-icon-list-icon\">\n\t\t\t\t\t\t\t<svg aria-hidden=\"true\" class=\"e-font-icon-svg\"><use xlink:href=\"#fas-check\" \/><\/svg>\t\t\t\t\t\t<\/span>\n\t\t\t\t\t\t\t\t\t\t<span class=\"elementor-icon-list-text\">400g of sugar<\/span>\n\t\t\t\t\t\t\t\t\t<\/li>\n\t\t\t\t\t\t\t\t<li class=\"elementor-icon-list-item\">\n\t\t\t\t\t\t\t\t\t\t\t<span class=\"elementor-icon-list-icon\">\n\t\t\t\t\t\t\t<svg aria-hidden=\"true\" class=\"e-font-icon-svg\"><use xlink:href=\"#fas-check\" \/><\/svg>\t\t\t\t\t\t<\/span>\n\t\t\t\t\t\t\t\t\t\t<span class=\"elementor-icon-list-text\">100g of flour<\/span>\n\t\t\t\t\t\t\t\t\t<\/li>\n\t\t\t\t\t\t\t\t<li class=\"elementor-icon-list-item\">\n\t\t\t\t\t\t\t\t\t\t\t<span class=\"elementor-icon-list-icon\">\n\t\t\t\t\t\t\t<svg aria-hidden=\"true\" class=\"e-font-icon-svg\"><use xlink:href=\"#fas-check\" \/><\/svg>\t\t\t\t\t\t<\/span>\n\t\t\t\t\t\t\t\t\t\t<span class=\"elementor-icon-list-text\">2 eggs medium size<\/span>\n\t\t\t\t\t\t\t\t\t<\/li>\n\t\t\t\t\t\t\t\t<li class=\"elementor-icon-list-item\">\n\t\t\t\t\t\t\t\t\t\t\t<span class=\"elementor-icon-list-icon\">\n\t\t\t\t\t\t\t<svg aria-hidden=\"true\" class=\"e-font-icon-svg\"><use xlink:href=\"#fas-check\" \/><\/svg>\t\t\t\t\t\t<\/span>\n\t\t\t\t\t\t\t\t\t\t<span class=\"elementor-icon-list-text\">10 egg yolks<\/span>\n\t\t\t\t\t\t\t\t\t<\/li>\n\t\t\t\t\t\t\t\t<li class=\"elementor-icon-list-item\">\n\t\t\t\t\t\t\t\t\t\t\t<span class=\"elementor-icon-list-icon\">\n\t\t\t\t\t\t\t<svg aria-hidden=\"true\" class=\"e-font-icon-svg\"><use xlink:href=\"#fas-check\" \/><\/svg>\t\t\t\t\t\t<\/span>\n\t\t\t\t\t\t\t\t\t\t<span class=\"elementor-icon-list-text\">zest of 2 organic lemons<\/span>\n\t\t\t\t\t\t\t\t\t<\/li>\n\t\t\t\t\t\t\t\t<li class=\"elementor-icon-list-item\">\n\t\t\t\t\t\t\t\t\t\t\t<span class=\"elementor-icon-list-icon\">\n\t\t\t\t\t\t\t<svg aria-hidden=\"true\" class=\"e-font-icon-svg\"><use xlink:href=\"#fas-check\" \/><\/svg>\t\t\t\t\t\t<\/span>\n\t\t\t\t\t\t\t\t\t\t<span class=\"elementor-icon-list-text\">2 cinnamon sticks<\/span>\n\t\t\t\t\t\t\t\t\t<\/li>\n\t\t\t\t\t\t\t\t<li class=\"elementor-icon-list-item\">\n\t\t\t\t\t\t\t\t\t\t\t<span class=\"elementor-icon-list-icon\">\n\t\t\t\t\t\t\t<svg aria-hidden=\"true\" class=\"e-font-icon-svg\"><use xlink:href=\"#fas-check\" \/><\/svg>\t\t\t\t\t\t<\/span>\n\t\t\t\t\t\t\t\t\t\t<span class=\"elementor-icon-list-text\">500g puff pastry<\/span>\n\t\t\t\t\t\t\t\t\t<\/li>\n\t\t\t\t\t\t<\/ul>\n\t\t\t\t<\/div>\n\t\t\t\t<\/div>\n\t\t\t\t\t\t<\/div>\n\t\t\t\t\t<\/div>\n\t\t<\/div>\n\t\t\t\t<div class=\"elementor-column elementor-col-50 elementor-inner-column elementor-element elementor-element-f0dc886 sc_layouts_column_icons_position_left\" data-id=\"f0dc886\" data-element_type=\"column\">\n\t\t\t<div class=\"elementor-column-wrap elementor-element-populated\">\n\t\t\t\t\t\t\t<div class=\"elementor-widget-wrap\">\n\t\t\t\t\t\t<div class=\"elementor-element elementor-element-9b4c0d4 elementor-widget elementor-widget-image\" data-id=\"9b4c0d4\" data-element_type=\"widget\" data-widget_type=\"image.default\">\n\t\t\t\t<div class=\"elementor-widget-container\">\n\t\t\t\t\t\t\t\t<div class=\"elementor-image\">\n\t\t\t\t\t\t\t\t\t\t\t\t<img src=\"https:\/\/www.folk-travel.com\/wp-content\/uploads\/elementor\/thumbs\/cafe-Pasteis-Belem-Lisbonne-ptui4f14yqjz4yd9quz4e8pyf0bk6hdkj4aqrwqsz0.jpeg\" title=\"Pasteis-Belem-Lisbonne-cafe\" alt=\"p\u00e2tisserie Pasteis de nata dans le quartier Bel\u00e9m \u00e0 Lisbonne\" \/>\t\t\t\t\t\t\t\t\t\t\t\t\t\t<\/div>\n\t\t\t\t\t\t<\/div>\n\t\t\t\t<\/div>\n\t\t\t\t\t\t<\/div>\n\t\t\t\t\t<\/div>\n\t\t<\/div>\n\t\t\t\t\t\t\t\t<\/div>\n\t\t\t\t\t<\/div>\n\t\t<\/section>\n\t\t\t\t<div class=\"elementor-element elementor-element-5988f44 elementor-widget elementor-widget-text-editor\" data-id=\"5988f44\" data-element_type=\"widget\" data-widget_type=\"text-editor.default\">\n\t\t\t\t<div class=\"elementor-widget-container\">\n\t\t\t\t\t\t\t\t<div class=\"elementor-text-editor elementor-clearfix\">\n\t\t\t\t<p><b><u>The recipe:<\/u><\/b><br \/><br \/>- Preheat the oven to 240\u00ba C. Meanwhile, place the milk, lemon peel and cinnamon sticks in a saucepan, bring to a boil and remove from the heat.<br \/>- In a bowl, mix the sugar with the flour and pour into the still hot milk while sifting, stir with the cinnamon sticks.<br \/>- Remove the lemon peels and cinnamon sticks and leave to cool for 15 minutes.<br \/>- Add the whole eggs and yolks. Stir until the cream is the same colour.<br \/>- Return to medium heat and stir until the cream thickens.\u00a0\u00a0<br \/>- Roll the puff pastry into a baguette. Cut into 3 cm slices.<br \/>- With your wet thumbs, make small metal tartlet pans so that the dough fits snugly into the pan to the rim.<br \/>- Pour into the baking pans and bake for 20 minutes until the past\u00e9is are golden brown. Serve still hot.\u00a0 You can sprinkle with cinnamon. A treat!<br \/><br \/><\/p>\t\t\t\t\t<\/div>\n\t\t\t\t\t\t<\/div>\n\t\t\t\t<\/div>\n\t\t\t\t\t\t<\/div>\n\t\t\t\t\t<\/div>\n\t\t<\/div>\n\t\t\t\t\t\t\t\t<\/div>\n\t\t\t\t\t<\/div>\n\t\t<\/section>\n\t\t\t\t<section class=\"elementor-section elementor-top-section elementor-element elementor-element-acf8f18 elementor-section-boxed elementor-section-height-default elementor-section-height-default\" data-id=\"acf8f18\" data-element_type=\"section\">\n\t\t\t\t\t\t<div class=\"elementor-container elementor-column-gap-extended\">\n\t\t\t\t\t\t\t<div class=\"elementor-row\">\n\t\t\t\t\t<div class=\"elementor-column elementor-col-100 elementor-top-column elementor-element elementor-element-29431d0 sc_layouts_column_icons_position_left\" data-id=\"29431d0\" data-element_type=\"column\">\n\t\t\t<div class=\"elementor-column-wrap elementor-element-populated\">\n\t\t\t\t\t\t\t<div class=\"elementor-widget-wrap\">\n\t\t\t\t\t\t<div class=\"elementor-element elementor-element-67619cc elementor-widget elementor-widget-text-editor\" data-id=\"67619cc\" data-element_type=\"widget\" data-widget_type=\"text-editor.default\">\n\t\t\t\t<div class=\"elementor-widget-container\">\n\t\t\t\t\t\t\t\t<div class=\"elementor-text-editor elementor-clearfix\">\n\t\t\t\t<p>Share our recipe with your friends and post your photo as a comment!<\/p>\t\t\t\t\t<\/div>\n\t\t\t\t\t\t<\/div>\n\t\t\t\t<\/div>\n\t\t\t\t<div class=\"elementor-element elementor-element-a3ec527 elementor-widget elementor-widget-heading\" data-id=\"a3ec527\" data-element_type=\"widget\" data-widget_type=\"heading.default\">\n\t\t\t\t<div class=\"elementor-widget-container\">\n\t\t\t<h5 class=\"elementor-heading-title elementor-size-default\">Save Recipe on Pinterest<\/h5>\t\t<\/div>\n\t\t\t\t<\/div>\n\t\t\t\t\t\t<\/div>\n\t\t\t\t\t<\/div>\n\t\t<\/div>\n\t\t\t\t\t\t\t\t<\/div>\n\t\t\t\t\t<\/div>\n\t\t<\/section>\n\t\t\t\t<section class=\"elementor-section elementor-top-section elementor-element elementor-element-c9a0fbf elementor-section-boxed elementor-section-height-default elementor-section-height-default\" data-id=\"c9a0fbf\" data-element_type=\"section\">\n\t\t\t\t\t\t<div class=\"elementor-container elementor-column-gap-extended\">\n\t\t\t\t\t\t\t<div class=\"elementor-row\">\n\t\t\t\t\t<div class=\"elementor-column elementor-col-100 elementor-top-column elementor-element elementor-element-08e9138 sc_layouts_column_icons_position_left\" data-id=\"08e9138\" data-element_type=\"column\">\n\t\t\t<div class=\"elementor-column-wrap elementor-element-populated\">\n\t\t\t\t\t\t\t<div class=\"elementor-widget-wrap\">\n\t\t\t\t\t\t<div class=\"elementor-element elementor-element-583a4d2 elementor-widget elementor-widget-image\" data-id=\"583a4d2\" data-element_type=\"widget\" data-widget_type=\"image.default\">\n\t\t\t\t<div class=\"elementor-widget-container\">\n\t\t\t\t\t\t\t\t<div class=\"elementor-image\">\n\t\t\t\t\t\t\t\t\t\t\t\t<img width=\"370\" height=\"555\" src=\"https:\/\/www.folk-travel.com\/wp-content\/uploads\/2020\/05\/Pasteis-de-Nata-origine-recette-Portugal-370x555.jpg\" class=\"attachment-post-thumbnail size-post-thumbnail\" alt=\"recette pasteis de Nata petits g\u00e2teaux de pate feuillet\u00e9e avec cr\u00e8me de flan sp\u00e9cialit\u00e9 de Portugal\" loading=\"lazy\" srcset=\"https:\/\/www.folk-travel.com\/wp-content\/uploads\/2020\/05\/Pasteis-de-Nata-origine-recette-Portugal-370x555.jpg 370w, https:\/\/www.folk-travel.com\/wp-content\/uploads\/2020\/05\/Pasteis-de-Nata-origine-recette-Portugal-200x300.jpg 200w, https:\/\/www.folk-travel.com\/wp-content\/uploads\/2020\/05\/Pasteis-de-Nata-origine-recette-Portugal-683x1024.jpg 683w, https:\/\/www.folk-travel.com\/wp-content\/uploads\/2020\/05\/Pasteis-de-Nata-origine-recette-Portugal-768x1152.jpg 768w, https:\/\/www.folk-travel.com\/wp-content\/uploads\/2020\/05\/Pasteis-de-Nata-origine-recette-Portugal-1024x1536.jpg 1024w, https:\/\/www.folk-travel.com\/wp-content\/uploads\/2020\/05\/Pasteis-de-Nata-origine-recette-Portugal-1365x2048.jpg 1365w, https:\/\/www.folk-travel.com\/wp-content\/uploads\/2020\/05\/Pasteis-de-Nata-origine-recette-Portugal-8x12.jpg 8w, https:\/\/www.folk-travel.com\/wp-content\/uploads\/2020\/05\/Pasteis-de-Nata-origine-recette-Portugal-760x1140.jpg 760w, https:\/\/www.folk-travel.com\/wp-content\/uploads\/2020\/05\/Pasteis-de-Nata-origine-recette-Portugal-scaled.jpg 1500w\" sizes=\"(max-width: 370px) 100vw, 370px\" \/>\t\t\t\t\t\t\t\t\t\t\t\t\t\t<\/div>\n\t\t\t\t\t\t<\/div>\n\t\t\t\t<\/div>\n\t\t\t\t<div class=\"elementor-element elementor-element-a0990ac elementor-widget elementor-widget-template\" data-id=\"a0990ac\" data-element_type=\"widget\" data-widget_type=\"template.default\">\n\t\t\t\t<div class=\"elementor-widget-container\">\n\t\t\t\t\t<div class=\"elementor-template\">\n\t\t\t\t\t<div data-elementor-type=\"section\" data-elementor-id=\"4361\" class=\"elementor elementor-4361\" data-elementor-settings=\"[]\">\n\t\t<div class=\"elementor-section-wrap\">\n\t\t\t\t\t<section class=\"elementor-section elementor-top-section elementor-element elementor-element-5664c12a elementor-section-boxed elementor-section-height-default elementor-section-height-default\" data-id=\"5664c12a\" data-element_type=\"section\">\n\t\t\t\t\t\t<div class=\"elementor-container elementor-column-gap-extended\">\n\t\t\t\t\t\t\t<div class=\"elementor-row\">\n\t\t\t\t\t<div class=\"elementor-column elementor-col-33 elementor-top-column elementor-element elementor-element-35a97fe8 sc_layouts_column_icons_position_left\" data-id=\"35a97fe8\" data-element_type=\"column\">\n\t\t\t<div class=\"elementor-column-wrap elementor-element-populated\">\n\t\t\t\t\t\t\t<div class=\"elementor-widget-wrap\">\n\t\t\t\t\t\t<div class=\"elementor-element elementor-element-f4c575d elementor-widget elementor-widget-heading\" data-id=\"f4c575d\" data-element_type=\"widget\" data-widget_type=\"heading.default\">\n\t\t\t\t<div class=\"elementor-widget-container\">\n\t\t\t<h4 class=\"elementor-heading-title elementor-size-default\"><a href=\"https:\/\/www.folk-travel.com\/en\/lx-factory-cristo-rei\/\">Lx Factory Artists' District<\/a><\/h4>\t\t<\/div>\n\t\t\t\t<\/div>\n\t\t\t\t<div class=\"elementor-element elementor-element-72c0a2fe elementor-widget elementor-widget-image\" data-id=\"72c0a2fe\" data-element_type=\"widget\" data-widget_type=\"image.default\">\n\t\t\t\t<div class=\"elementor-widget-container\">\n\t\t\t\t\t\t\t\t<div class=\"elementor-image\">\n\t\t\t\t\t\t\t\t\t\t\t\t\t<a href=\"https:\/\/www.folk-travel.com\/en\/lx-factory-cristo-rei\/\">\n\t\t\t\t\t\t\t<img src=\"https:\/\/www.folk-travel.com\/wp-content\/uploads\/elementor\/thumbs\/librairie-lxfactory-Lisbonne-scaled-ptui45mqggt6c5c78bthwtl65eq6ckpzio87wx5m7g.jpg\" title=\"librairie-lxfactory-lisbonne\" alt=\"la librairie de Lxfactory \u00e0 Lisbonne\" \/>\t\t\t\t\t\t\t\t<\/a>\n\t\t\t\t\t\t\t\t\t\t\t\t\t\t<\/div>\n\t\t\t\t\t\t<\/div>\n\t\t\t\t<\/div>\n\t\t\t\t\t\t<\/div>\n\t\t\t\t\t<\/div>\n\t\t<\/div>\n\t\t\t\t<div class=\"elementor-column elementor-col-33 elementor-top-column elementor-element elementor-element-2398f314 sc_layouts_column_icons_position_left\" data-id=\"2398f314\" data-element_type=\"column\">\n\t\t\t<div class=\"elementor-column-wrap elementor-element-populated\">\n\t\t\t\t\t\t\t<div class=\"elementor-widget-wrap\">\n\t\t\t\t\t\t<div class=\"elementor-element elementor-element-510b0e4b elementor-widget elementor-widget-heading\" data-id=\"510b0e4b\" data-element_type=\"widget\" data-widget_type=\"heading.default\">\n\t\t\t\t<div class=\"elementor-widget-container\">\n\t\t\t<h4 class=\"elementor-heading-title elementor-size-default\"><a href=\"https:\/\/www.folk-travel.com\/en\/cabo-da-roca-azenhas-sintra\/\">Cabo da Roca Pointe and Azenhas do Mar<\/a><\/h4>\t\t<\/div>\n\t\t\t\t<\/div>\n\t\t\t\t<div class=\"elementor-element elementor-element-64c1eaae elementor-widget elementor-widget-image\" data-id=\"64c1eaae\" data-element_type=\"widget\" data-widget_type=\"image.default\">\n\t\t\t\t<div class=\"elementor-widget-container\">\n\t\t\t\t\t\t\t\t<div class=\"elementor-image\">\n\t\t\t\t\t\t\t\t\t\t\t\t\t<a href=\"https:\/\/www.folk-travel.com\/en\/cabo-da-roca-azenhas-sintra\/\">\n\t\t\t\t\t\t\t<img src=\"https:\/\/www.folk-travel.com\/wp-content\/uploads\/elementor\/thumbs\/Plage-Praia-da-Ursa-scaled-ptui48g90yx1az83rv1dmavjxkc9zo16j26ocr1fos.jpg\" title=\"Praia da Ursa Lanzarote\" alt=\"Praia da Ursa au Portugal\" \/>\t\t\t\t\t\t\t\t<\/a>\n\t\t\t\t\t\t\t\t\t\t\t\t\t\t<\/div>\n\t\t\t\t\t\t<\/div>\n\t\t\t\t<\/div>\n\t\t\t\t\t\t<\/div>\n\t\t\t\t\t<\/div>\n\t\t<\/div>\n\t\t\t\t<div class=\"elementor-column elementor-col-33 elementor-top-column elementor-element elementor-element-8f602cd sc_layouts_column_icons_position_left\" data-id=\"8f602cd\" data-element_type=\"column\">\n\t\t\t<div class=\"elementor-column-wrap elementor-element-populated\">\n\t\t\t\t\t\t\t<div class=\"elementor-widget-wrap\">\n\t\t\t\t\t\t<div class=\"elementor-element elementor-element-5d729c8 elementor-widget elementor-widget-heading\" data-id=\"5d729c8\" data-element_type=\"widget\" data-widget_type=\"heading.default\">\n\t\t\t\t<div class=\"elementor-widget-container\">\n\t\t\t<h4 class=\"elementor-heading-title elementor-size-default\"><a href=\"https:\/\/www.folk-travel.com\/en\/visit-lisbon-what-to-do\/\">Visit Lisbon<\/a><\/h4>\t\t<\/div>\n\t\t\t\t<\/div>\n\t\t\t\t<div class=\"elementor-element elementor-element-7d9ef75 elementor-widget elementor-widget-image\" data-id=\"7d9ef75\" data-element_type=\"widget\" data-widget_type=\"image.default\">\n\t\t\t\t<div class=\"elementor-widget-container\">\n\t\t\t\t\t\t\t\t<div class=\"elementor-image\">\n\t\t\t\t\t\t\t\t\t\t\t\t\t<a href=\"https:\/\/www.folk-travel.com\/en\/visit-lisbon-what-to-do\/\">\n\t\t\t\t\t\t\t<img src=\"https:\/\/www.folk-travel.com\/wp-content\/uploads\/elementor\/thumbs\/figuera-Lisbonne-tramway-scaled-ptui47ieu4vqzd9gxcmr1t43c6gwryxg6xj6vh2tv0.jpg\" title=\"praca-figuera-lisbonne-tramway\" alt=\"tramway de figuera \u00e0 Lisbonne\" \/>\t\t\t\t\t\t\t\t<\/a>\n\t\t\t\t\t\t\t\t\t\t\t\t\t\t<\/div>\n\t\t\t\t\t\t<\/div>\n\t\t\t\t<\/div>\n\t\t\t\t\t\t<\/div>\n\t\t\t\t\t<\/div>\n\t\t<\/div>\n\t\t\t\t\t\t\t\t<\/div>\n\t\t\t\t\t<\/div>\n\t\t<\/section>\n\t\t\t\t<\/div>\n\t\t<\/div>\n\t\t\t\t<\/div>\n\t\t\t\t<\/div>\n\t\t\t\t<\/div>\n\t\t\t\t\t\t<\/div>\n\t\t\t\t\t<\/div>\n\t\t<\/div>\n\t\t\t\t\t\t\t\t<\/div>\n\t\t\t\t\t<\/div>\n\t\t<\/section>\n\t\t\t\t<section class=\"elementor-section elementor-top-section elementor-element elementor-element-e9fc9cd elementor-section-boxed elementor-section-height-default elementor-section-height-default\" data-id=\"e9fc9cd\" data-element_type=\"section\">\n\t\t\t\t\t\t<div class=\"elementor-container elementor-column-gap-extended\">\n\t\t\t\t\t\t\t<div class=\"elementor-row\">\n\t\t\t\t\t<div class=\"elementor-column elementor-col-100 elementor-top-column elementor-element elementor-element-53ed9fb sc_layouts_column_icons_position_left\" data-id=\"53ed9fb\" data-element_type=\"column\">\n\t\t\t<div class=\"elementor-column-wrap elementor-element-populated\">\n\t\t\t\t\t\t\t<div class=\"elementor-widget-wrap\">\n\t\t\t\t\t\t<div class=\"elementor-element elementor-element-57cd73d elementor-widget elementor-widget-template\" data-id=\"57cd73d\" data-element_type=\"widget\" data-widget_type=\"template.default\">\n\t\t\t\t<div class=\"elementor-widget-container\">\n\t\t\t\t\t<div class=\"elementor-template\">\n\t\t\t\t\t<div data-elementor-type=\"section\" data-elementor-id=\"5097\" class=\"elementor elementor-5097\" data-elementor-settings=\"[]\">\n\t\t<div class=\"elementor-section-wrap\">\n\t\t\t\t\t<section class=\"elementor-section elementor-top-section elementor-element elementor-element-9f88506 elementor-section-content-top elementor-section-boxed elementor-section-height-default elementor-section-height-default\" data-id=\"9f88506\" data-element_type=\"section\" data-settings=\"{&quot;background_background&quot;:&quot;classic&quot;}\">\n\t\t\t\t\t\t<div class=\"elementor-container elementor-column-gap-no\">\n\t\t\t\t\t\t\t<div class=\"elementor-row\">\n\t\t\t\t\t<div class=\"elementor-column elementor-col-50 elementor-top-column elementor-element elementor-element-5532853 sc_layouts_column_icons_position_left\" data-id=\"5532853\" data-element_type=\"column\">\n\t\t\t<div class=\"elementor-column-wrap elementor-element-populated\">\n\t\t\t\t\t\t\t<div class=\"elementor-widget-wrap\">\n\t\t\t\t\t\t<div class=\"elementor-element elementor-element-b2588f8 elementor-widget elementor-widget-image\" data-id=\"b2588f8\" data-element_type=\"widget\" data-widget_type=\"image.default\">\n\t\t\t\t<div class=\"elementor-widget-container\">\n\t\t\t\t\t\t\t\t<div class=\"elementor-image\">\n\t\t\t\t\t\t\t\t\t\t\t\t<img width=\"150\" height=\"150\" src=\"https:\/\/www.folk-travel.com\/wp-content\/uploads\/2020\/07\/Xavier-Florence-couple-photographes-150x150.jpg\" class=\"attachment-thumbnail size-thumbnail\" alt=\"photo couple photographe\" loading=\"lazy\" srcset=\"https:\/\/www.folk-travel.com\/wp-content\/uploads\/2020\/07\/Xavier-Florence-couple-photographes-150x150.jpg 150w, https:\/\/www.folk-travel.com\/wp-content\/uploads\/2020\/07\/Xavier-Florence-couple-photographes-90x90.jpg 90w, https:\/\/www.folk-travel.com\/wp-content\/uploads\/2020\/07\/Xavier-Florence-couple-photographes-370x370.jpg 370w\" sizes=\"(max-width: 150px) 100vw, 150px\" \/>\t\t\t\t\t\t\t\t\t\t\t\t\t\t<\/div>\n\t\t\t\t\t\t<\/div>\n\t\t\t\t<\/div>\n\t\t\t\t<div class=\"elementor-element elementor-element-bcd2314 elementor-widget elementor-widget-template\" data-id=\"bcd2314\" data-element_type=\"widget\" data-widget_type=\"template.default\">\n\t\t\t\t<div class=\"elementor-widget-container\">\n\t\t\t\t\t<div class=\"elementor-template\">\n\t\t\t\t\t<div data-elementor-type=\"section\" data-elementor-id=\"5112\" class=\"elementor elementor-5112\" data-elementor-settings=\"[]\">\n\t\t<div class=\"elementor-section-wrap\">\n\t\t\t\t\t<section class=\"elementor-section elementor-top-section elementor-element elementor-element-3612ca8 elementor-section-boxed elementor-section-height-default elementor-section-height-default\" data-id=\"3612ca8\" data-element_type=\"section\">\n\t\t\t\t\t\t<div class=\"elementor-container elementor-column-gap-extended\">\n\t\t\t\t\t\t\t<div class=\"elementor-row\">\n\t\t\t\t\t<div class=\"elementor-column elementor-col-100 elementor-top-column elementor-element elementor-element-781524e sc_layouts_column_icons_position_left\" data-id=\"781524e\" data-element_type=\"column\">\n\t\t\t<div class=\"elementor-column-wrap elementor-element-populated\">\n\t\t\t\t\t\t\t<div class=\"elementor-widget-wrap\">\n\t\t\t\t\t\t<div class=\"elementor-element elementor-element-2500df2 elementor-widget elementor-widget-image\" data-id=\"2500df2\" data-element_type=\"widget\" data-widget_type=\"image.default\">\n\t\t\t\t<div class=\"elementor-widget-container\">\n\t\t\t\t\t\t\t\t<div class=\"elementor-image\">\n\t\t\t\t\t\t\t\t\t\t\t\t\t<a href=\"https:\/\/www.instagram.com\/flography33\" target=\"_blank\">\n\t\t\t\t\t\t\t<img src=\"https:\/\/www.folk-travel.com\/wp-content\/uploads\/elementor\/thumbs\/instagram-icon-black-logo-ptui3sgwhhzma3cm6e07xu3riga4ludv69j1oq3t3s.png\" title=\"compte Instagram\" alt=\"logo noir instagram\" \/>\t\t\t\t\t\t\t\t<\/a>\n\t\t\t\t\t\t\t\t\t\t\t\t\t\t<\/div>\n\t\t\t\t\t\t<\/div>\n\t\t\t\t<\/div>\n\t\t\t\t<div class=\"elementor-element elementor-element-a2c2d0d elementor-absolute elementor-widget elementor-widget-image\" data-id=\"a2c2d0d\" data-element_type=\"widget\" data-settings=\"{&quot;_position&quot;:&quot;absolute&quot;}\" data-widget_type=\"image.default\">\n\t\t\t\t<div class=\"elementor-widget-container\">\n\t\t\t\t\t\t\t\t<div class=\"elementor-image\">\n\t\t\t\t\t\t\t\t\t\t\t\t\t<a href=\"https:\/\/www.instagram.com\/xavierdigitalnomad\" target=\"_blank\">\n\t\t\t\t\t\t\t<img src=\"https:\/\/www.folk-travel.com\/wp-content\/uploads\/elementor\/thumbs\/instagram-icon-black-logo-ptui3sgwhhzma3cm6e07xu3riga4ludv69j1oq3t3s.png\" title=\"compte Instagram\" alt=\"logo noir instagram\" \/>\t\t\t\t\t\t\t\t<\/a>\n\t\t\t\t\t\t\t\t\t\t\t\t\t\t<\/div>\n\t\t\t\t\t\t<\/div>\n\t\t\t\t<\/div>\n\t\t\t\t\t\t<\/div>\n\t\t\t\t\t<\/div>\n\t\t<\/div>\n\t\t\t\t\t\t\t\t<\/div>\n\t\t\t\t\t<\/div>\n\t\t<\/section>\n\t\t\t\t<\/div>\n\t\t<\/div>\n\t\t\t\t<\/div>\n\t\t\t\t<\/div>\n\t\t\t\t<\/div>\n\t\t\t\t\t\t<\/div>\n\t\t\t\t\t<\/div>\n\t\t<\/div>\n\t\t\t\t<div class=\"elementor-column elementor-col-50 elementor-top-column elementor-element elementor-element-9f5d2a5 sc_layouts_column_icons_position_left\" data-id=\"9f5d2a5\" data-element_type=\"column\">\n\t\t\t<div class=\"elementor-column-wrap elementor-element-populated\">\n\t\t\t\t\t\t\t<div class=\"elementor-widget-wrap\">\n\t\t\t\t\t\t<div class=\"elementor-element elementor-element-40d123e elementor-widget elementor-widget-heading\" data-id=\"40d123e\" data-element_type=\"widget\" data-widget_type=\"heading.default\">\n\t\t\t\t<div class=\"elementor-widget-container\">\n\t\t\t<span class=\"elementor-heading-title elementor-size-default\"><a href=\"https:\/\/www.folk-travel.com\/en\/about-us\/\" target=\"_blank\">Florence & Xavier<\/a><\/span>\t\t<\/div>\n\t\t\t\t<\/div>\n\t\t\t\t<div class=\"elementor-element elementor-element-76167c4 elementor-widget elementor-widget-spacer\" data-id=\"76167c4\" data-element_type=\"widget\" data-widget_type=\"spacer.default\">\n\t\t\t\t<div class=\"elementor-widget-container\">\n\t\t\t\t\t<div class=\"elementor-spacer\">\n\t\t\t<div class=\"elementor-spacer-inner\"><\/div>\n\t\t<\/div>\n\t\t\t\t<\/div>\n\t\t\t\t<\/div>\n\t\t\t\t<div class=\"elementor-element elementor-element-5c47899 elementor-widget elementor-widget-text-editor\" data-id=\"5c47899\" data-element_type=\"widget\" data-widget_type=\"text-editor.default\">\n\t\t\t\t<div class=\"elementor-widget-container\">\n\t\t\t\t\t\t\t\t<div class=\"elementor-text-editor elementor-clearfix\">\n\t\t\t\t<p>Founders of Folk-Travel<\/p>\t\t\t\t\t<\/div>\n\t\t\t\t\t\t<\/div>\n\t\t\t\t<\/div>\n\t\t\t\t<div class=\"elementor-element elementor-element-b70fcb3 elementor-widget elementor-widget-text-editor\" data-id=\"b70fcb3\" data-element_type=\"widget\" data-widget_type=\"text-editor.default\">\n\t\t\t\t<div class=\"elementor-widget-container\">\n\t\t\t\t\t\t\t\t<div class=\"elementor-text-editor elementor-clearfix\">\n\t\t\t\t<p>\u26f0\ufe0f Globetrotters and landscape photographer. We had a passion in common when we met, that of great landscapes.\u00a0 It was enough for us to travel all over the world in search of the most beautiful photogenic spots. We take time for details, authenticity while remaining natural. Back from our road-trips we reveal our best places.<br>&nbsp;We take time for details and authenticity while remaining natural. Back from our road-trips we reveal our best places.<\/p>\t\t\t\t\t<\/div>\n\t\t\t\t\t\t<\/div>\n\t\t\t\t<\/div>\n\t\t\t\t<div class=\"elementor-element elementor-element-49b5f32 elementor-widget elementor-widget-text-editor\" data-id=\"49b5f32\" data-element_type=\"widget\" data-widget_type=\"text-editor.default\">\n\t\t\t\t<div class=\"elementor-widget-container\">\n\t\t\t\t\t\t\t\t<div class=\"elementor-text-editor elementor-clearfix\">\n\t\t\t\t<p>Article published on :\u00a0<\/p>\t\t\t\t\t<\/div>\n\t\t\t\t\t\t<\/div>\n\t\t\t\t<\/div>\n\t\t\t\t<div class=\"elementor-element elementor-element-0693bd2 elementor-widget elementor-widget-post-info\" data-id=\"0693bd2\" data-element_type=\"widget\" data-widget_type=\"post-info.default\">\n\t\t\t\t<div class=\"elementor-widget-container\">\n\t\t\t\t\t<ul class=\"elementor-inline-items elementor-icon-list-items elementor-post-info\">\n\t\t\t\t\t\t\t\t<li class=\"elementor-icon-list-item elementor-repeater-item-cdab7de elementor-inline-item\" =\"datePublished\">\n\t\t\t\t\t\t<a href=\"https:\/\/www.folk-travel.com\/en\/2020\/05\/31\">\n\t\t\t\t\t\t\t\t\t\t\t<span class=\"elementor-icon-list-icon\">\n\t\t\t\t\t\t\t\t<svg aria-hidden=\"true\" class=\"e-font-icon-svg\"><use xlink:href=\"#fas-calendar\" \/><\/svg>\t\t\t\t\t\t\t<\/span>\n\t\t\t\t\t\t\t\t\t<span class=\"elementor-icon-list-text elementor-post-info__item elementor-post-info__item--type-date\">\n\t\t\t\t\t\t\t\t\t\tMay 31, 2020\t\t\t\t\t<\/span>\n\t\t\t\t\t\t\t\t\t<\/a>\n\t\t\t\t<\/li>\n\t\t\t\t<li class=\"elementor-icon-list-item elementor-repeater-item-198aebd elementor-inline-item\">\n\t\t\t\t\t\t\t\t\t\t<span class=\"elementor-icon-list-icon\">\n\t\t\t\t\t\t\t\t<svg aria-hidden=\"true\" class=\"e-font-icon-svg\"><use xlink:href=\"#far-clock\" \/><\/svg>\t\t\t\t\t\t\t<\/span>\n\t\t\t\t\t\t\t\t\t<span class=\"elementor-icon-list-text elementor-post-info__item elementor-post-info__item--type-time\">\n\t\t\t\t\t\t\t\t\t\t14:05\t\t\t\t\t<\/span>\n\t\t\t\t\t\t\t\t<\/li>\n\t\t\t\t<li class=\"elementor-icon-list-item elementor-repeater-item-c167582 elementor-inline-item\" =\"commentCount\">\n\t\t\t\t\t\t<a href=\"https:\/\/www.folk-travel.com\/en\/pastel-de-nata?noamp=mobile#comments\">\n\t\t\t\t\t\t\t\t\t\t\t<span class=\"elementor-icon-list-icon\">\n\t\t\t\t\t\t\t\t<svg aria-hidden=\"true\" class=\"e-font-icon-svg\"><use xlink:href=\"#far-comment-dots\" \/><\/svg>\t\t\t\t\t\t\t<\/span>\n\t\t\t\t\t\t\t\t\t<span class=\"elementor-icon-list-text elementor-post-info__item elementor-post-info__item--type-comments\">\n\t\t\t\t\t\t\t\t\t\tOne Comment\t\t\t\t\t<\/span>\n\t\t\t\t\t\t\t\t\t<\/a>\n\t\t\t\t<\/li>\n\t\t\t\t<\/ul>\n\t\t\t\t<\/div>\n\t\t\t\t<\/div>\n\t\t\t\t\t\t<\/div>\n\t\t\t\t\t<\/div>\n\t\t<\/div>\n\t\t\t\t\t\t\t\t<\/div>\n\t\t\t\t\t<\/div>\n\t\t<\/section>\n\t\t\t\t<section class=\"elementor-section elementor-top-section elementor-element elementor-element-0cfcd3c elementor-section-boxed elementor-section-height-default elementor-section-height-default\" data-id=\"0cfcd3c\" data-element_type=\"section\">\n\t\t\t\t\t\t<div class=\"elementor-container elementor-column-gap-extended\">\n\t\t\t\t\t\t\t<div class=\"elementor-row\">\n\t\t\t\t\t<div class=\"elementor-column elementor-col-50 elementor-top-column elementor-element elementor-element-87bc567 sc_layouts_column_icons_position_left\" data-id=\"87bc567\" data-element_type=\"column\">\n\t\t\t<div class=\"elementor-column-wrap\">\n\t\t\t\t\t\t\t<div class=\"elementor-widget-wrap\">\n\t\t\t\t\t\t\t\t<\/div>\n\t\t\t\t\t<\/div>\n\t\t<\/div>\n\t\t\t\t<div class=\"elementor-column elementor-col-50 elementor-top-column elementor-element elementor-element-eafb3cc sc_layouts_column_icons_position_left\" data-id=\"eafb3cc\" data-element_type=\"column\">\n\t\t\t<div class=\"elementor-column-wrap\">\n\t\t\t\t\t\t\t<div class=\"elementor-widget-wrap\">\n\t\t\t\t\t\t\t\t<\/div>\n\t\t\t\t\t<\/div>\n\t\t<\/div>\n\t\t\t\t\t\t\t\t<\/div>\n\t\t\t\t\t<\/div>\n\t\t<\/section>\n\t\t\t\t<\/div>\n\t\t<\/div>\n\t\t\t\t<\/div>\n\t\t\t\t<\/div>\n\t\t\t\t<\/div>\n\t\t\t\t\t\t<\/div>\n\t\t\t\t\t<\/div>\n\t\t<\/div>\n\t\t\t\t\t\t\t\t<\/div>\n\t\t\t\t\t<\/div>\n\t\t<\/section>\n\t\t\t\t\t\t<\/div>\n\t\t\t\t\t\t<\/div>\n\t\t\t\t\t<\/div>","protected":false},"excerpt":{"rendered":"<p>Pastel de Nata Recette et Origine Nous ne pouvions ne pas vous parler de la Pastel de Nata que nous avons d\u00e9gust\u00e9 lors de notre&hellip;<\/p>","protected":false},"author":1,"featured_media":0,"comment_status":"open","ping_status":"open","sticky":false,"template":"","format":"standard","meta":[],"categories":[75],"tags":[120],"yoast_head":"<!-- This site is optimized with the Yoast SEO plugin v17.3 - https:\/\/yoast.com\/wordpress\/plugins\/seo\/ -->\n<title>Enqu\u00eate sur le Pastel de nata - Origine recette du pastel et vid\u00e9o<\/title>\n<meta name=\"description\" content=\"Nous avons ador\u00e9 cette p\u00e2tisserie du Pastel de nata \u00e0 Bel\u00e9m pour en faire une enqu\u00eate sur son origine, la recette du pastel de nata enfin d\u00e9voil\u00e9e ici.\" \/>\n<meta name=\"robots\" content=\"index, follow, max-snippet:-1, max-image-preview:large, max-video-preview:-1\" \/>\n<link rel=\"canonical\" href=\"https:\/\/www.folk-travel.com\/en\/pastel-de-nata\/\" \/>\n<meta property=\"og:locale\" content=\"en_US\" \/>\n<meta property=\"og:type\" content=\"article\" \/>\n<meta property=\"og:title\" content=\"Recette du Pastel de Nata\" \/>\n<meta property=\"og:description\" content=\"La recette secr\u00e8te du pastel de nata de Bel\u00e9m et son origine lors de notre road trip au Portugal.\" \/>\n<meta property=\"og:url\" content=\"https:\/\/www.folk-travel.com\/en\/pastel-de-nata\/\" \/>\n<meta property=\"og:site_name\" content=\"FOLK-TRAVEL : Blog du voyage populaire\" \/>\n<meta property=\"article:published_time\" content=\"2020-05-31T14:05:42+00:00\" \/>\n<meta property=\"article:modified_time\" content=\"2021-06-29T17:38:38+00:00\" \/>\n<meta property=\"og:image\" content=\"https:\/\/www.folk-travel.com\/wp-content\/uploads\/elementor\/thumbs\/cafe-Pasteis-Belem-Lisbonne-p7cperkvdve0mk9gwq5pwbhd3cnrheg60193aldgdo.jpeg\" \/>\n<meta name=\"twitter:card\" content=\"summary_large_image\" \/>\n<meta name=\"twitter:label1\" content=\"Written by\" \/>\n\t<meta name=\"twitter:data1\" content=\"Folk Travel\" \/>\n\t<meta name=\"twitter:label2\" content=\"Est. reading time\" \/>\n\t<meta name=\"twitter:data2\" content=\"3 minutes\" \/>\n<!-- \/ Yoast SEO plugin. -->","yoast_head_json":{"title":"Enqu\u00eate sur le Pastel de nata - Origine recette du pastel et vid\u00e9o","description":"Nous avons ador\u00e9 cette p\u00e2tisserie du Pastel de nata \u00e0 Bel\u00e9m pour en faire une enqu\u00eate sur son origine, la recette du pastel de nata enfin d\u00e9voil\u00e9e ici.","robots":{"index":"index","follow":"follow","max-snippet":"max-snippet:-1","max-image-preview":"max-image-preview:large","max-video-preview":"max-video-preview:-1"},"canonical":"https:\/\/www.folk-travel.com\/en\/pastel-de-nata\/","og_locale":"en_US","og_type":"article","og_title":"Recette du Pastel de Nata","og_description":"La recette secr\u00e8te du pastel de nata de Bel\u00e9m et son origine lors de notre road trip au Portugal.","og_url":"https:\/\/www.folk-travel.com\/en\/pastel-de-nata\/","og_site_name":"FOLK-TRAVEL : Blog du voyage populaire","article_published_time":"2020-05-31T14:05:42+00:00","article_modified_time":"2021-06-29T17:38:38+00:00","og_image":[{"url":"https:\/\/www.folk-travel.com\/wp-content\/uploads\/elementor\/thumbs\/cafe-Pasteis-Belem-Lisbonne-p7cperkvdve0mk9gwq5pwbhd3cnrheg60193aldgdo.jpeg"}],"twitter_card":"summary_large_image","twitter_misc":{"Written by":"Folk Travel","Est. reading time":"3 minutes"},"schema":{"@context":"https:\/\/schema.org","@graph":[{"@type":"WebSite","@id":"https:\/\/www.folk-travel.com\/#website","url":"https:\/\/www.folk-travel.com\/","name":"FOLK-TRAVEL : Blog du voyage populaire","description":"Voyageons autour du monde","publisher":{"@id":"https:\/\/www.folk-travel.com\/#\/schema\/person\/ee3201678fc1acb9e44c537d3af4d403"},"potentialAction":[{"@type":"SearchAction","target":{"@type":"EntryPoint","urlTemplate":"https:\/\/www.folk-travel.com\/?s={search_term_string}"},"query-input":"required name=search_term_string"}],"inLanguage":"en-US"},{"@type":"ImageObject","@id":"https:\/\/www.folk-travel.com\/pastel-de-nata#primaryimage","inLanguage":"en-US","url":"https:\/\/www.folk-travel.com\/wp-content\/uploads\/elementor\/thumbs\/cafe-Pasteis-Belem-Lisbonne-p7cperkvdve0mk9gwq5pwbhd3cnrheg60193aldgdo.jpeg","contentUrl":"https:\/\/www.folk-travel.com\/wp-content\/uploads\/elementor\/thumbs\/cafe-Pasteis-Belem-Lisbonne-p7cperkvdve0mk9gwq5pwbhd3cnrheg60193aldgdo.jpeg"},{"@type":"WebPage","@id":"https:\/\/www.folk-travel.com\/pastel-de-nata#webpage","url":"https:\/\/www.folk-travel.com\/pastel-de-nata","name":"Enqu\u00eate sur le Pastel de nata - Origine recette du pastel et vid\u00e9o","isPartOf":{"@id":"https:\/\/www.folk-travel.com\/#website"},"primaryImageOfPage":{"@id":"https:\/\/www.folk-travel.com\/pastel-de-nata#primaryimage"},"datePublished":"2020-05-31T14:05:42+00:00","dateModified":"2021-06-29T17:38:38+00:00","description":"Nous avons ador\u00e9 cette p\u00e2tisserie du Pastel de nata \u00e0 Bel\u00e9m pour en faire une enqu\u00eate sur son origine, la recette du pastel de nata enfin d\u00e9voil\u00e9e ici.","breadcrumb":{"@id":"https:\/\/www.folk-travel.com\/pastel-de-nata#breadcrumb"},"inLanguage":"en-US","potentialAction":[{"@type":"ReadAction","target":["https:\/\/www.folk-travel.com\/pastel-de-nata"]}]},{"@type":"BreadcrumbList","@id":"https:\/\/www.folk-travel.com\/pastel-de-nata#breadcrumb","itemListElement":[{"@type":"ListItem","position":1,"name":"Accueil","item":"https:\/\/www.folk-travel.com\/"},{"@type":"ListItem","position":2,"name":"Pasteis de Nata"}]},{"@type":"Article","@id":"https:\/\/www.folk-travel.com\/pastel-de-nata#article","isPartOf":{"@id":"https:\/\/www.folk-travel.com\/pastel-de-nata#webpage"},"author":{"@id":"https:\/\/www.folk-travel.com\/#\/schema\/person\/ee3201678fc1acb9e44c537d3af4d403"},"headline":"Pasteis de Nata","datePublished":"2020-05-31T14:05:42+00:00","dateModified":"2021-06-29T17:38:38+00:00","mainEntityOfPage":{"@id":"https:\/\/www.folk-travel.com\/pastel-de-nata#webpage"},"wordCount":547,"commentCount":1,"publisher":{"@id":"https:\/\/www.folk-travel.com\/#\/schema\/person\/ee3201678fc1acb9e44c537d3af4d403"},"image":{"@id":"https:\/\/www.folk-travel.com\/pastel-de-nata#primaryimage"},"thumbnailUrl":"https:\/\/www.folk-travel.com\/wp-content\/uploads\/elementor\/thumbs\/cafe-Pasteis-Belem-Lisbonne-p7cperkvdve0mk9gwq5pwbhd3cnrheg60193aldgdo.jpeg","keywords":["portugal"],"articleSection":["Voyage"],"inLanguage":"en-US","potentialAction":[{"@type":"CommentAction","name":"Comment","target":["https:\/\/www.folk-travel.com\/pastel-de-nata#respond"]}]},{"@type":["Person","Organization"],"@id":"https:\/\/www.folk-travel.com\/#\/schema\/person\/ee3201678fc1acb9e44c537d3af4d403","name":"Folk Travel","image":{"@type":"ImageObject","@id":"https:\/\/www.folk-travel.com\/#personlogo","inLanguage":"en-US","url":"https:\/\/www.folk-travel.com\/wp-content\/uploads\/2020\/07\/Xavier-Florence-couple-photographes-scaled-e1636901092934.jpg","contentUrl":"https:\/\/www.folk-travel.com\/wp-content\/uploads\/2020\/07\/Xavier-Florence-couple-photographes-scaled-e1636901092934.jpg","caption":"Folk Travel"},"logo":{"@id":"https:\/\/www.folk-travel.com\/#personlogo"},"url":"https:\/\/www.folk-travel.com\/en\/author\/folktravel33"}]}},"amp_enabled":true,"_links":{"self":[{"href":"https:\/\/www.folk-travel.com\/en\/wp-json\/wp\/v2\/posts\/4534"}],"collection":[{"href":"https:\/\/www.folk-travel.com\/en\/wp-json\/wp\/v2\/posts"}],"about":[{"href":"https:\/\/www.folk-travel.com\/en\/wp-json\/wp\/v2\/types\/post"}],"author":[{"embeddable":true,"href":"https:\/\/www.folk-travel.com\/en\/wp-json\/wp\/v2\/users\/1"}],"replies":[{"embeddable":true,"href":"https:\/\/www.folk-travel.com\/en\/wp-json\/wp\/v2\/comments?post=4534"}],"version-history":[{"count":3,"href":"https:\/\/www.folk-travel.com\/en\/wp-json\/wp\/v2\/posts\/4534\/revisions"}],"predecessor-version":[{"id":5743,"href":"https:\/\/www.folk-travel.com\/en\/wp-json\/wp\/v2\/posts\/4534\/revisions\/5743"}],"wp:attachment":[{"href":"https:\/\/www.folk-travel.com\/en\/wp-json\/wp\/v2\/media?parent=4534"}],"wp:term":[{"taxonomy":"category","embeddable":true,"href":"https:\/\/www.folk-travel.com\/en\/wp-json\/wp\/v2\/categories?post=4534"},{"taxonomy":"post_tag","embeddable":true,"href":"https:\/\/www.folk-travel.com\/en\/wp-json\/wp\/v2\/tags?post=4534"}],"curies":[{"name":"wp","href":"https:\/\/api.w.org\/{rel}","templated":true}]}}