{"id":4323,"date":"2020-05-18T11:54:03","date_gmt":"2020-05-18T11:54:03","guid":{"rendered":"https:\/\/www.folk-travel.com\/?p=4323"},"modified":"2021-06-29T17:38:50","modified_gmt":"2021-06-29T17:38:50","slug":"cascais-belem-quoi-faire","status":"publish","type":"post","link":"https:\/\/www.folk-travel.com\/en\/cascais-belem-what-to-do","title":{"rendered":"Cascais &amp; Bel\u00e9m in 1 day"},"content":{"rendered":"<div data-elementor-type=\"wp-post\" data-elementor-id=\"4323\" class=\"elementor elementor-4323\" data-elementor-settings=\"[]\">\n\t\t\t\t\t\t<div class=\"elementor-inner\">\n\t\t\t\t\t\t\t<div class=\"elementor-section-wrap\">\n\t\t\t\t\t\t\t<section class=\"elementor-section elementor-top-section elementor-element elementor-element-784ead3 elementor-section-stretched elementor-section-height-min-height elementor-section-boxed elementor-section-height-default elementor-section-items-middle\" data-id=\"784ead3\" data-element_type=\"section\" data-settings=\"{&quot;stretch_section&quot;:&quot;section-stretched&quot;,&quot;background_background&quot;:&quot;classic&quot;,&quot;background_motion_fx_motion_fx_scrolling&quot;:&quot;yes&quot;,&quot;background_motion_fx_opacity_effect&quot;:&quot;yes&quot;,&quot;background_motion_fx_opacity_direction&quot;:&quot;in-out&quot;,&quot;background_motion_fx_opacity_level&quot;:{&quot;unit&quot;:&quot;px&quot;,&quot;size&quot;:5.9,&quot;sizes&quot;:[]},&quot;background_motion_fx_opacity_range&quot;:{&quot;unit&quot;:&quot;%&quot;,&quot;size&quot;:&quot;&quot;,&quot;sizes&quot;:{&quot;start&quot;:54,&quot;end&quot;:80}},&quot;background_motion_fx_blur_effect&quot;:&quot;yes&quot;,&quot;background_motion_fx_blur_direction&quot;:&quot;in-out&quot;,&quot;background_motion_fx_blur_level&quot;:{&quot;unit&quot;:&quot;px&quot;,&quot;size&quot;:10,&quot;sizes&quot;:[]},&quot;background_motion_fx_blur_range&quot;:{&quot;unit&quot;:&quot;%&quot;,&quot;size&quot;:&quot;&quot;,&quot;sizes&quot;:{&quot;start&quot;:53,&quot;end&quot;:80}},&quot;background_motion_fx_devices&quot;:[&quot;desktop&quot;,&quot;tablet&quot;,&quot;mobile&quot;]}\">\n\t\t\t\t\t\t<div class=\"elementor-container elementor-column-gap-extended\">\n\t\t\t\t\t\t\t<div class=\"elementor-row\">\n\t\t\t\t\t<div class=\"elementor-column elementor-col-100 elementor-top-column elementor-element elementor-element-182458d sc_layouts_column_icons_position_left\" data-id=\"182458d\" data-element_type=\"column\">\n\t\t\t<div class=\"elementor-column-wrap elementor-element-populated\">\n\t\t\t\t\t\t\t<div class=\"elementor-widget-wrap\">\n\t\t\t\t\t\t<div class=\"elementor-element elementor-element-e60327b style-text-descr elementor-widget elementor-widget-heading\" data-id=\"e60327b\" data-element_type=\"widget\" data-widget_type=\"heading.default\">\n\t\t\t\t<div class=\"elementor-widget-container\">\n\t\t\t<h1 class=\"elementor-heading-title elementor-size-xxl\">Visit of Bel\u00e9m and Cascais in 1 day<\/h1>\t\t<\/div>\n\t\t\t\t<\/div>\n\t\t\t\t\t\t<\/div>\n\t\t\t\t\t<\/div>\n\t\t<\/div>\n\t\t\t\t\t\t\t\t<\/div>\n\t\t\t\t\t<\/div>\n\t\t<\/section>\n\t\t\t\t<section class=\"elementor-section elementor-top-section elementor-element elementor-element-f8baba9 elementor-section-stretched elementor-section-boxed elementor-section-height-default elementor-section-height-default\" data-id=\"f8baba9\" data-element_type=\"section\" data-settings=\"{&quot;stretch_section&quot;:&quot;section-stretched&quot;}\">\n\t\t\t\t\t\t<div class=\"elementor-container elementor-column-gap-wider\">\n\t\t\t\t\t\t\t<div class=\"elementor-row\">\n\t\t\t\t\t<div class=\"elementor-column elementor-col-100 elementor-top-column elementor-element elementor-element-1bd83e9 sc_layouts_column_icons_position_left\" data-id=\"1bd83e9\" data-element_type=\"column\">\n\t\t\t<div class=\"elementor-column-wrap elementor-element-populated\">\n\t\t\t\t\t\t\t<div class=\"elementor-widget-wrap\">\n\t\t\t\t\t\t<div class=\"elementor-element elementor-element-dd5be74 elementor-widget elementor-widget-text-editor\" data-id=\"dd5be74\" data-element_type=\"widget\" data-widget_type=\"text-editor.default\">\n\t\t\t\t<div class=\"elementor-widget-container\">\n\t\t\t\t\t\t\t\t<div class=\"elementor-text-editor elementor-clearfix\">\n\t\t\t\t<p>Our road-trip to Lisbon continues after our\u00a0<a href=\"https:\/\/www.folk-travel.com\/en\/lx-factory-cristo-rei\/\" target=\"_blank\" rel=\"noopener\">visit of Lx Factory and Cristo Rey<\/a>\u00a0This time a little further on, just by taking the tram to Bel\u00e9m and then the train to Cascais we will make you discover these two must-see cities during your visit around Lisbon in one day. We will show you the best things to do in Bel\u00e9m and Cascais :<\/p>\t\t\t\t\t<\/div>\n\t\t\t\t\t\t<\/div>\n\t\t\t\t<\/div>\n\t\t\t\t<div class=\"elementor-element elementor-element-e746ca4 elementor-toc--minimized-on-tablet elementor-widget elementor-widget-table-of-contents\" data-id=\"e746ca4\" data-element_type=\"widget\" data-settings=\"{&quot;exclude_headings_by_selector&quot;:[],&quot;marker_view&quot;:&quot;bullets&quot;,&quot;headings_by_tags&quot;:[&quot;h2&quot;,&quot;h3&quot;,&quot;h4&quot;],&quot;icon&quot;:{&quot;value&quot;:&quot;fas fa-circle&quot;,&quot;library&quot;:&quot;fa-solid&quot;,&quot;rendered_tag&quot;:&quot;&lt;svg class=\\&quot;e-font-icon-svg\\&quot;&gt;&lt;use xlink:href=\\&quot;#fas-circle\\&quot; \\\/&gt;&lt;\\\/svg&gt;&quot;},&quot;minimize_box&quot;:&quot;yes&quot;,&quot;minimized_on&quot;:&quot;tablet&quot;,&quot;hierarchical_view&quot;:&quot;yes&quot;,&quot;min_height&quot;:{&quot;unit&quot;:&quot;px&quot;,&quot;size&quot;:&quot;&quot;,&quot;sizes&quot;:[]},&quot;min_height_tablet&quot;:{&quot;unit&quot;:&quot;px&quot;,&quot;size&quot;:&quot;&quot;,&quot;sizes&quot;:[]},&quot;min_height_mobile&quot;:{&quot;unit&quot;:&quot;px&quot;,&quot;size&quot;:&quot;&quot;,&quot;sizes&quot;:[]}}\" data-widget_type=\"table-of-contents.default\">\n\t\t\t\t<div class=\"elementor-widget-container\">\n\t\t\t\t\t<div class=\"elementor-toc__header\">\n\t\t\t<h5 class=\"elementor-toc__header-title\">\n\t\t\t\tContents: Bel\u00e9m-Cascais\t\t\t<\/h5>\n\t\t\t\t\t\t\t<div class=\"elementor-toc__toggle-button elementor-toc__toggle-button--expand\"><svg class=\"e-font-icon-svg\"><use xlink:href=\"#fas-chevron-down\" \/><\/svg><\/div>\n\t\t\t\t<div class=\"elementor-toc__toggle-button elementor-toc__toggle-button--collapse\"><svg class=\"e-font-icon-svg\"><use xlink:href=\"#fas-chevron-up\" \/><\/svg><\/div>\n\t\t\t\t\t<\/div>\n\t\t<div class=\"elementor-toc__body\">\n\t\t\t<div class=\"elementor-toc__spinner-container\">\n\t\t\t\t<i class=\"elementor-toc__spinner eicon-animation-spin eicon-loading\" aria-hidden=\"true\"><\/i>\t\t\t<\/div>\n\t\t<\/div>\n\t\t\t\t<\/div>\n\t\t\t\t<\/div>\n\t\t\t\t\t\t<\/div>\n\t\t\t\t\t<\/div>\n\t\t<\/div>\n\t\t\t\t\t\t\t\t<\/div>\n\t\t\t\t\t<\/div>\n\t\t<\/section>\n\t\t\t\t<section class=\"elementor-section elementor-top-section elementor-element elementor-element-c12914b elementor-section-boxed elementor-section-height-default elementor-section-height-default\" data-id=\"c12914b\" data-element_type=\"section\">\n\t\t\t\t\t\t<div class=\"elementor-container elementor-column-gap-extended\">\n\t\t\t\t\t\t\t<div class=\"elementor-row\">\n\t\t\t\t\t<div class=\"elementor-column elementor-col-100 elementor-top-column elementor-element elementor-element-07af789 sc_layouts_column_icons_position_left\" data-id=\"07af789\" data-element_type=\"column\">\n\t\t\t<div class=\"elementor-column-wrap elementor-element-populated\">\n\t\t\t\t\t\t\t<div class=\"elementor-widget-wrap\">\n\t\t\t\t\t\t<div class=\"elementor-element elementor-element-b50ba6e elementor-widget elementor-widget-heading\" data-id=\"b50ba6e\" data-element_type=\"widget\" data-widget_type=\"heading.default\">\n\t\t\t\t<div class=\"elementor-widget-container\">\n\t\t\t<h2 class=\"elementor-heading-title elementor-size-default\">How to get to Bel\u00e9m<\/h2>\t\t<\/div>\n\t\t\t\t<\/div>\n\t\t\t\t<div class=\"elementor-element elementor-element-ae6b323 elementor-widget elementor-widget-text-editor\" data-id=\"ae6b323\" data-element_type=\"widget\" data-widget_type=\"text-editor.default\">\n\t\t\t\t<div class=\"elementor-widget-container\">\n\t\t\t\t\t\t\t\t<div class=\"elementor-text-editor elementor-clearfix\">\n\t\t\t\t<p>You are probably wondering if it is difficult to reach Bel\u00e9m from Lisbon, in fact no it is very easy and fast to get to Bel\u00e9m thanks to the Lisbon transport network. Here are the different possibilities to get to Bel\u00e9m:<\/p>\t\t\t\t\t<\/div>\n\t\t\t\t\t\t<\/div>\n\t\t\t\t<\/div>\n\t\t\t\t<div class=\"elementor-element elementor-element-c1d311b elementor-widget elementor-widget-text-editor\" data-id=\"c1d311b\" data-element_type=\"widget\" data-widget_type=\"text-editor.default\">\n\t\t\t\t<div class=\"elementor-widget-container\">\n\t\t\t\t\t\t\t\t<div class=\"elementor-text-editor elementor-clearfix\">\n\t\t\t\t<p>\ud83d\ude89 En Train avec la ligne en direction de Cascais liaison en 7 minutes (toutes les 20mn)<br>\ud83d\ude8c En Bus avec la ligne <b>bus 728 Lisbonne Bel\u00e9m<\/b> ou la 714 en 9 minutes<br>\ud83d\ude8e En Tram avec le Carris 15E comptez presque 25 minutes<br><br><\/p>\t\t\t\t\t<\/div>\n\t\t\t\t\t\t<\/div>\n\t\t\t\t<\/div>\n\t\t\t\t<div class=\"elementor-element elementor-element-ff73dcd elementor-widget elementor-widget-text-editor\" data-id=\"ff73dcd\" data-element_type=\"widget\" data-widget_type=\"text-editor.default\">\n\t\t\t\t<div class=\"elementor-widget-container\">\n\t\t\t\t\t\t\t\t<div class=\"elementor-text-editor elementor-clearfix\">\n\t\t\t\t<p>The most practical is undoubtedly the bus 728 but it is pleasant to take the yellow Tram for the efficiency of this mode of transport.<\/p>\t\t\t\t\t<\/div>\n\t\t\t\t\t\t<\/div>\n\t\t\t\t<\/div>\n\t\t\t\t<div class=\"elementor-element elementor-element-6b53b2e elementor-widget elementor-widget-heading\" data-id=\"6b53b2e\" data-element_type=\"widget\" data-widget_type=\"heading.default\">\n\t\t\t\t<div class=\"elementor-widget-container\">\n\t\t\t<h2 class=\"elementor-heading-title elementor-size-default\">What to do in Bel\u00e9m<\/h2>\t\t<\/div>\n\t\t\t\t<\/div>\n\t\t\t\t\t\t<\/div>\n\t\t\t\t\t<\/div>\n\t\t<\/div>\n\t\t\t\t\t\t\t\t<\/div>\n\t\t\t\t\t<\/div>\n\t\t<\/section>\n\t\t\t\t<section class=\"elementor-section elementor-top-section elementor-element elementor-element-18ca80e elementor-section-boxed elementor-section-height-default elementor-section-height-default\" data-id=\"18ca80e\" data-element_type=\"section\">\n\t\t\t\t\t\t<div class=\"elementor-container elementor-column-gap-extended\">\n\t\t\t\t\t\t\t<div class=\"elementor-row\">\n\t\t\t\t\t<div class=\"elementor-column elementor-col-100 elementor-top-column elementor-element elementor-element-4da8179 sc_layouts_column_icons_position_left\" data-id=\"4da8179\" data-element_type=\"column\">\n\t\t\t<div class=\"elementor-column-wrap elementor-element-populated\">\n\t\t\t\t\t\t\t<div class=\"elementor-widget-wrap\">\n\t\t\t\t\t\t<div class=\"elementor-element elementor-element-67619cc elementor-widget elementor-widget-text-editor\" data-id=\"67619cc\" data-element_type=\"widget\" data-widget_type=\"text-editor.default\">\n\t\t\t\t<div class=\"elementor-widget-container\">\n\t\t\t\t\t\t\t\t<div class=\"elementor-text-editor elementor-clearfix\">\n\t\t\t\t<p class=\" translation-block\">To begin before discovering Bel\u00e9m, you need to know where the name comes from. It is a distortion of the word Bethlehem and you will see that in Portugal the close link between the church and the population is well established. But the most important aspect of Bel\u00e9m is above all its orientation towards the sea with these great sailors who left from here to go and discover new worlds as the <b> monuments to be discovered<\/b> testify. &lt;Here is our guide to things to do in Bel\u00e9m:<\/p>\t\t\t\t\t<\/div>\n\t\t\t\t\t\t<\/div>\n\t\t\t\t<\/div>\n\t\t\t\t\t\t<\/div>\n\t\t\t\t\t<\/div>\n\t\t<\/div>\n\t\t\t\t\t\t\t\t<\/div>\n\t\t\t\t\t<\/div>\n\t\t<\/section>\n\t\t\t\t<section class=\"elementor-section elementor-top-section elementor-element elementor-element-1f3013b elementor-section-boxed elementor-section-height-default elementor-section-height-default\" data-id=\"1f3013b\" data-element_type=\"section\">\n\t\t\t\t\t\t<div class=\"elementor-container elementor-column-gap-extended\">\n\t\t\t\t\t\t\t<div class=\"elementor-row\">\n\t\t\t\t\t<div class=\"elementor-column elementor-col-100 elementor-top-column elementor-element elementor-element-68ff56d sc_layouts_column_icons_position_left\" data-id=\"68ff56d\" data-element_type=\"column\">\n\t\t\t<div class=\"elementor-column-wrap elementor-element-populated\">\n\t\t\t\t\t\t\t<div class=\"elementor-widget-wrap\">\n\t\t\t\t\t\t<div class=\"elementor-element elementor-element-8420452 elementor-invisible elementor-widget elementor-widget-heading\" data-id=\"8420452\" data-element_type=\"widget\" data-settings=\"{&quot;_animation&quot;:&quot;slideInLeft&quot;}\" data-widget_type=\"heading.default\">\n\t\t\t\t<div class=\"elementor-widget-container\">\n\t\t\t<h3 class=\"elementor-heading-title elementor-size-default\">Discovery Monument<\/h3>\t\t<\/div>\n\t\t\t\t<\/div>\n\t\t\t\t<div class=\"elementor-element elementor-element-f5869b7 elementor-widget elementor-widget-text-editor\" data-id=\"f5869b7\" data-element_type=\"widget\" data-widget_type=\"text-editor.default\">\n\t\t\t\t<div class=\"elementor-widget-container\">\n\t\t\t\t\t\t\t\t<div class=\"elementor-text-editor elementor-clearfix\">\n\t\t\t\t<p>From Bel\u00e9m station, start your walk along the Tagus on your left until you reach the Monuments aux d\u00e9couvertes. It is 56 meters high. It was built in 1960 as a tribute to the discovery of new territories by 32 great explorers with at the end a great explorer Henri the Navigator 9 meters high holding the model of the ship \"Caraque\" in 1394. You can take the lift to the top with a view of the harbour.&nbsp;<\/p>\t\t\t\t\t<\/div>\n\t\t\t\t\t\t<\/div>\n\t\t\t\t<\/div>\n\t\t\t\t<div class=\"elementor-element elementor-element-fba3f37 elementor-widget elementor-widget-text-editor\" data-id=\"fba3f37\" data-element_type=\"widget\" data-widget_type=\"text-editor.default\">\n\t\t\t\t<div class=\"elementor-widget-container\">\n\t\t\t\t\t\t\t\t<div class=\"elementor-text-editor elementor-clearfix\">\n\t\t\t\t<p class=\" translation-block\">Opening of the monument to the discoveries from March to September from 10am to 7pm, from October to February from 10am to 6pm. <br>Admission to the monument costs 5\u20ac.<\/p>\t\t\t\t\t<\/div>\n\t\t\t\t\t\t<\/div>\n\t\t\t\t<\/div>\n\t\t\t\t<div class=\"elementor-element elementor-element-c559fe8 elementor-widget elementor-widget-image\" data-id=\"c559fe8\" data-element_type=\"widget\" data-widget_type=\"image.default\">\n\t\t\t\t<div class=\"elementor-widget-container\">\n\t\t\t\t\t\t\t\t<div class=\"elementor-image\">\n\t\t\t\t\t\t\t\t\t\t\t\t<img width=\"768\" height=\"1024\" src=\"https:\/\/www.folk-travel.com\/wp-content\/uploads\/2020\/05\/statue-decouvertes-lisbonne-scaled-768x1024.jpg\" class=\"attachment-medium_large size-medium_large\" alt=\"Monument des d\u00e9couvertes \u00e0 Lisbonne\" loading=\"lazy\" srcset=\"https:\/\/www.folk-travel.com\/wp-content\/uploads\/2020\/05\/statue-decouvertes-lisbonne-scaled-768x1024.jpg 768w, https:\/\/www.folk-travel.com\/wp-content\/uploads\/2020\/05\/statue-decouvertes-lisbonne-scaled-225x300.jpg 225w, https:\/\/www.folk-travel.com\/wp-content\/uploads\/2020\/05\/statue-decouvertes-lisbonne-scaled-1152x1536.jpg 1152w, https:\/\/www.folk-travel.com\/wp-content\/uploads\/2020\/05\/statue-decouvertes-lisbonne-scaled-9x12.jpg 9w, https:\/\/www.folk-travel.com\/wp-content\/uploads\/2020\/05\/statue-decouvertes-lisbonne-scaled-370x493.jpg 370w, https:\/\/www.folk-travel.com\/wp-content\/uploads\/2020\/05\/statue-decouvertes-lisbonne-scaled-760x1013.jpg 760w, https:\/\/www.folk-travel.com\/wp-content\/uploads\/2020\/05\/statue-decouvertes-lisbonne-scaled.jpg 1600w\" sizes=\"(max-width: 768px) 100vw, 768px\" \/>\t\t\t\t\t\t\t\t\t\t\t\t\t\t<\/div>\n\t\t\t\t\t\t<\/div>\n\t\t\t\t<\/div>\n\t\t\t\t<div class=\"elementor-element elementor-element-154870a elementor-widget elementor-widget-image\" data-id=\"154870a\" data-element_type=\"widget\" data-widget_type=\"image.default\">\n\t\t\t\t<div class=\"elementor-widget-container\">\n\t\t\t\t\t\t\t\t<div class=\"elementor-image\">\n\t\t\t\t\t\t\t\t\t\t\t\t<img width=\"1024\" height=\"683\" src=\"https:\/\/www.folk-travel.com\/wp-content\/uploads\/2020\/05\/Monument-decouvertes-Belem-Lisbonne-1024x683.jpg\" class=\"attachment-large size-large\" alt=\"Monument des d\u00e9couvertes Bel\u00e9m \u00e0 Lisbonne\" loading=\"lazy\" srcset=\"https:\/\/www.folk-travel.com\/wp-content\/uploads\/2020\/05\/Monument-decouvertes-Belem-Lisbonne-1024x683.jpg 1024w, https:\/\/www.folk-travel.com\/wp-content\/uploads\/2020\/05\/Monument-decouvertes-Belem-Lisbonne-300x200.jpg 300w, https:\/\/www.folk-travel.com\/wp-content\/uploads\/2020\/05\/Monument-decouvertes-Belem-Lisbonne-768x512.jpg 768w, https:\/\/www.folk-travel.com\/wp-content\/uploads\/2020\/05\/Monument-decouvertes-Belem-Lisbonne-1536x1024.jpg 1536w, https:\/\/www.folk-travel.com\/wp-content\/uploads\/2020\/05\/Monument-decouvertes-Belem-Lisbonne-16x12.jpg 16w, https:\/\/www.folk-travel.com\/wp-content\/uploads\/2020\/05\/Monument-decouvertes-Belem-Lisbonne-370x247.jpg 370w, https:\/\/www.folk-travel.com\/wp-content\/uploads\/2020\/05\/Monument-decouvertes-Belem-Lisbonne-760x507.jpg 760w, https:\/\/www.folk-travel.com\/wp-content\/uploads\/2020\/05\/Monument-decouvertes-Belem-Lisbonne.jpg 1600w\" sizes=\"(max-width: 1024px) 100vw, 1024px\" \/>\t\t\t\t\t\t\t\t\t\t\t\t\t\t<\/div>\n\t\t\t\t\t\t<\/div>\n\t\t\t\t<\/div>\n\t\t\t\t<div class=\"elementor-element elementor-element-7aa867b elementor-invisible elementor-widget elementor-widget-heading\" data-id=\"7aa867b\" data-element_type=\"widget\" data-settings=\"{&quot;_animation&quot;:&quot;slideInLeft&quot;}\" data-widget_type=\"heading.default\">\n\t\t\t\t<div class=\"elementor-widget-container\">\n\t\t\t<h3 class=\"elementor-heading-title elementor-size-default\">Tower of Belem<\/h3>\t\t<\/div>\n\t\t\t\t<\/div>\n\t\t\t\t<div class=\"elementor-element elementor-element-4911224 elementor-widget elementor-widget-text-editor\" data-id=\"4911224\" data-element_type=\"widget\" data-widget_type=\"text-editor.default\">\n\t\t\t\t<div class=\"elementor-widget-container\">\n\t\t\t\t\t\t\t\t<div class=\"elementor-text-editor elementor-clearfix\">\n\t\t\t\t<p>It dates from 1514, and is a real defensive tower that could fire its cannons on enemy ships.\u00a0<span style=\"font-family: Convergence, sans-serif; font-size: 17px; font-style: normal; font-weight: 400; letter-spacing: -0.6px;\">Elle date de 1514, et c&#8217;est une v\u00e9ritable tour de d\u00e9fense qui pouvait tirer avec ses canons sur les navires ennemis.\u00a0<br \/><\/span><span style=\"font-size: 17px; letter-spacing: -0.6px;\"><br \/>We did not visit the interior, it deserves only the visit from the outside with a tower surrounded by the Tagus where only a small pontoon connects it to the land.\u00a0 If you do the interior visit you will have a breathtaking view from its terrace at the top of the Tower.<\/span><\/p>\t\t\t\t\t<\/div>\n\t\t\t\t\t\t<\/div>\n\t\t\t\t<\/div>\n\t\t\t\t<div class=\"elementor-element elementor-element-2af8aef elementor-widget elementor-widget-text-editor\" data-id=\"2af8aef\" data-element_type=\"widget\" data-widget_type=\"text-editor.default\">\n\t\t\t\t<div class=\"elementor-widget-container\">\n\t\t\t\t\t\t\t\t<div class=\"elementor-text-editor elementor-clearfix\">\n\t\t\t\t<p>Open from October to May from 10 am to 5.30 pm, from May to September from 10 am to 6.30 pm. Closed on 1 January, Easter Sunday, 1 May, 13 June and 25 December.\u00a0<br \/>Entrance to the monument costs 6\u20ac.<\/p>\t\t\t\t\t<\/div>\n\t\t\t\t\t\t<\/div>\n\t\t\t\t<\/div>\n\t\t\t\t<div class=\"elementor-element elementor-element-5e9e27e elementor-widget elementor-widget-image\" data-id=\"5e9e27e\" data-element_type=\"widget\" data-widget_type=\"image.default\">\n\t\t\t\t<div class=\"elementor-widget-container\">\n\t\t\t\t\t\t\t\t<div class=\"elementor-image\">\n\t\t\t\t\t\t\t\t\t<figure class=\"wp-caption\">\n\t\t\t\t\t\t\t\t\t\t<img width=\"768\" height=\"1024\" src=\"https:\/\/www.folk-travel.com\/wp-content\/uploads\/2020\/05\/Tour-Belem-Lisbonne-Portugal-768x1024.jpg\" class=\"attachment-medium_large size-medium_large\" alt=\"Tour-Belem-Lisbonne-Portugal\" loading=\"lazy\" srcset=\"https:\/\/www.folk-travel.com\/wp-content\/uploads\/2020\/05\/Tour-Belem-Lisbonne-Portugal-768x1024.jpg 768w, https:\/\/www.folk-travel.com\/wp-content\/uploads\/2020\/05\/Tour-Belem-Lisbonne-Portugal-225x300.jpg 225w, https:\/\/www.folk-travel.com\/wp-content\/uploads\/2020\/05\/Tour-Belem-Lisbonne-Portugal-1152x1536.jpg 1152w, https:\/\/www.folk-travel.com\/wp-content\/uploads\/2020\/05\/Tour-Belem-Lisbonne-Portugal-1536x2048.jpg 1536w, https:\/\/www.folk-travel.com\/wp-content\/uploads\/2020\/05\/Tour-Belem-Lisbonne-Portugal-9x12.jpg 9w, https:\/\/www.folk-travel.com\/wp-content\/uploads\/2020\/05\/Tour-Belem-Lisbonne-Portugal-370x493.jpg 370w, https:\/\/www.folk-travel.com\/wp-content\/uploads\/2020\/05\/Tour-Belem-Lisbonne-Portugal-760x1013.jpg 760w, https:\/\/www.folk-travel.com\/wp-content\/uploads\/2020\/05\/Tour-Belem-Lisbonne-Portugal-scaled.jpg 1600w\" sizes=\"(max-width: 768px) 100vw, 768px\" \/>\t\t\t\t\t\t\t\t\t\t\t<figcaption class=\"widget-image-caption wp-caption-text\">Tour de Belem<\/figcaption>\n\t\t\t\t\t\t\t\t\t\t<\/figure>\n\t\t\t\t\t\t\t\t<\/div>\n\t\t\t\t\t\t<\/div>\n\t\t\t\t<\/div>\n\t\t\t\t\t\t<\/div>\n\t\t\t\t\t<\/div>\n\t\t<\/div>\n\t\t\t\t\t\t\t\t<\/div>\n\t\t\t\t\t<\/div>\n\t\t<\/section>\n\t\t\t\t<section class=\"elementor-section elementor-top-section elementor-element elementor-element-8b16e8c elementor-section-boxed elementor-section-height-default elementor-section-height-default\" data-id=\"8b16e8c\" data-element_type=\"section\">\n\t\t\t\t\t\t<div class=\"elementor-container elementor-column-gap-extended\">\n\t\t\t\t\t\t\t<div class=\"elementor-row\">\n\t\t\t\t\t<div class=\"elementor-column elementor-col-100 elementor-top-column elementor-element elementor-element-f8757ff sc_layouts_column_icons_position_left\" data-id=\"f8757ff\" data-element_type=\"column\">\n\t\t\t<div class=\"elementor-column-wrap elementor-element-populated\">\n\t\t\t\t\t\t\t<div class=\"elementor-widget-wrap\">\n\t\t\t\t\t\t<div class=\"elementor-element elementor-element-fe19e71 elementor-invisible elementor-widget elementor-widget-heading\" data-id=\"fe19e71\" data-element_type=\"widget\" data-settings=\"{&quot;_animation&quot;:&quot;slideInLeft&quot;}\" data-widget_type=\"heading.default\">\n\t\t\t\t<div class=\"elementor-widget-container\">\n\t\t\t<h3 class=\"elementor-heading-title elementor-size-default\">Hieronymite Monastery<\/h3>\t\t<\/div>\n\t\t\t\t<\/div>\n\t\t\t\t<div class=\"elementor-element elementor-element-77778ae elementor-widget elementor-widget-text-editor\" data-id=\"77778ae\" data-element_type=\"widget\" data-widget_type=\"text-editor.default\">\n\t\t\t\t<div class=\"elementor-widget-container\">\n\t\t\t\t\t\t\t\t<div class=\"elementor-text-editor elementor-clearfix\">\n\t\t\t\t<p>The monastery of the Hieronymites as well as the Tower of Bel\u00e8m are the emblem of the UNESCO World Heritage in 1983.\u00a0 If you did not visit the Tower of Bel\u00e9m right after opening, then visit the monastery first when it opens. The queues are impressive.<br \/>It was built as early as 1501 to protect sailors and explorers praying before setting out on their long journeys.<\/p><p>On two levels, the architecture is magnificent with drawings carved in stone like an embroidery of lace. Inside the church, don't miss the tomb of Vasco da Gama.<\/p>\t\t\t\t\t<\/div>\n\t\t\t\t\t\t<\/div>\n\t\t\t\t<\/div>\n\t\t\t\t<div class=\"elementor-element elementor-element-7336136 elementor-widget elementor-widget-image\" data-id=\"7336136\" data-element_type=\"widget\" data-widget_type=\"image.default\">\n\t\t\t\t<div class=\"elementor-widget-container\">\n\t\t\t\t\t\t\t\t<div class=\"elementor-image\">\n\t\t\t\t\t\t\t\t\t\t\t\t<img width=\"1024\" height=\"683\" src=\"https:\/\/www.folk-travel.com\/wp-content\/uploads\/2020\/05\/Monastere-hieronymites-lisbonne-Portugal-1024x683.jpg\" class=\"attachment-large size-large\" alt=\"Monast\u00e8re des hi\u00e9ronymites \u00e0 Lisbonne au Portugal\" loading=\"lazy\" srcset=\"https:\/\/www.folk-travel.com\/wp-content\/uploads\/2020\/05\/Monastere-hieronymites-lisbonne-Portugal-1024x683.jpg 1024w, https:\/\/www.folk-travel.com\/wp-content\/uploads\/2020\/05\/Monastere-hieronymites-lisbonne-Portugal-300x200.jpg 300w, https:\/\/www.folk-travel.com\/wp-content\/uploads\/2020\/05\/Monastere-hieronymites-lisbonne-Portugal-768x512.jpg 768w, https:\/\/www.folk-travel.com\/wp-content\/uploads\/2020\/05\/Monastere-hieronymites-lisbonne-Portugal-1536x1024.jpg 1536w, https:\/\/www.folk-travel.com\/wp-content\/uploads\/2020\/05\/Monastere-hieronymites-lisbonne-Portugal-16x12.jpg 16w, https:\/\/www.folk-travel.com\/wp-content\/uploads\/2020\/05\/Monastere-hieronymites-lisbonne-Portugal-370x247.jpg 370w, https:\/\/www.folk-travel.com\/wp-content\/uploads\/2020\/05\/Monastere-hieronymites-lisbonne-Portugal-760x507.jpg 760w, https:\/\/www.folk-travel.com\/wp-content\/uploads\/2020\/05\/Monastere-hieronymites-lisbonne-Portugal.jpg 1600w\" sizes=\"(max-width: 1024px) 100vw, 1024px\" \/>\t\t\t\t\t\t\t\t\t\t\t\t\t\t<\/div>\n\t\t\t\t\t\t<\/div>\n\t\t\t\t<\/div>\n\t\t\t\t\t\t<\/div>\n\t\t\t\t\t<\/div>\n\t\t<\/div>\n\t\t\t\t\t\t\t\t<\/div>\n\t\t\t\t\t<\/div>\n\t\t<\/section>\n\t\t\t\t<section class=\"elementor-section elementor-top-section elementor-element elementor-element-a9383fe elementor-section-boxed elementor-section-height-default elementor-section-height-default\" data-id=\"a9383fe\" data-element_type=\"section\">\n\t\t\t\t\t\t<div class=\"elementor-container elementor-column-gap-extended\">\n\t\t\t\t\t\t\t<div class=\"elementor-row\">\n\t\t\t\t\t<div class=\"elementor-column elementor-col-100 elementor-top-column elementor-element elementor-element-7fbe559 sc_layouts_column_icons_position_left\" data-id=\"7fbe559\" data-element_type=\"column\">\n\t\t\t<div class=\"elementor-column-wrap elementor-element-populated\">\n\t\t\t\t\t\t\t<div class=\"elementor-widget-wrap\">\n\t\t\t\t\t\t<div class=\"elementor-element elementor-element-5a7fadd elementor-widget elementor-widget-text-editor\" data-id=\"5a7fadd\" data-element_type=\"widget\" data-widget_type=\"text-editor.default\">\n\t\t\t\t<div class=\"elementor-widget-container\">\n\t\t\t\t\t\t\t\t<div class=\"elementor-text-editor elementor-clearfix\">\n\t\t\t\t<p>Open from October to May from 10 am to 5.30 pm, from May to September from 10 am to 6.30 pm. Closed on 1 January, Easter Sunday, 1 May, 13 June and 25 December.\u00a0<br \/>Entrance to the monument costs 10\u20ac.<\/p>\t\t\t\t\t<\/div>\n\t\t\t\t\t\t<\/div>\n\t\t\t\t<\/div>\n\t\t\t\t<div class=\"elementor-element elementor-element-56400b2 elementor-invisible elementor-widget elementor-widget-heading\" data-id=\"56400b2\" data-element_type=\"widget\" data-settings=\"{&quot;_animation&quot;:&quot;slideInLeft&quot;}\" data-widget_type=\"heading.default\">\n\t\t\t\t<div class=\"elementor-widget-container\">\n\t\t\t<h3 class=\"elementor-heading-title elementor-size-default\">Strolling in the Vasco da Gama Garden <\/h3>\t\t<\/div>\n\t\t\t\t<\/div>\n\t\t\t\t<div class=\"elementor-element elementor-element-c959297 elementor-widget elementor-widget-text-editor\" data-id=\"c959297\" data-element_type=\"widget\" data-widget_type=\"text-editor.default\">\n\t\t\t\t<div class=\"elementor-widget-container\">\n\t\t\t\t\t\t\t\t<div class=\"elementor-text-editor elementor-clearfix\">\n\t\t\t\t<p>What could be better than strolling along the Tagus and passing through the Vasco da Gama garden to reach the\u00a0<span style=\"font-family: Convergence, sans-serif; font-size: 17px; font-style: normal; font-weight: 400; letter-spacing: -0.6px;\">monast\u00e8re des Hi\u00e9ronymites.\u00a0<\/span>\u00a0We appreciate the walk in this park full of flowers with statues, its beautiful fountain and the view over the bridge of April 25. <br \/><br \/>Our surprise was to see a Thai temple the <b>Pavilhao Sala Thai <\/b>Royal gift from Thailand to Princess Maha Chakri Sirindhorn in appreciation of the 500 years of trade relations between the two countries.\u00a0 It is the first Portuguese mission to maintain contact with Thailand, the only kingdom in South East Asia that has never been colonized.<\/p><p>\u00a0<\/p>\t\t\t\t\t<\/div>\n\t\t\t\t\t\t<\/div>\n\t\t\t\t<\/div>\n\t\t\t\t<div class=\"elementor-element elementor-element-9fdbd42 elementor-widget elementor-widget-image\" data-id=\"9fdbd42\" data-element_type=\"widget\" data-widget_type=\"image.default\">\n\t\t\t\t<div class=\"elementor-widget-container\">\n\t\t\t\t\t\t\t\t<div class=\"elementor-image\">\n\t\t\t\t\t\t\t\t\t\t\t\t<img width=\"768\" height=\"1024\" src=\"https:\/\/www.folk-travel.com\/wp-content\/uploads\/2020\/05\/Temple-Thailandais-Jardin-Belem-768x1024.jpg\" class=\"attachment-medium_large size-medium_large\" alt=\"Temple Tha\u00eflandais Jardin de Bel\u00e9m \u00e0 Lisbonne\" loading=\"lazy\" srcset=\"https:\/\/www.folk-travel.com\/wp-content\/uploads\/2020\/05\/Temple-Thailandais-Jardin-Belem-768x1024.jpg 768w, https:\/\/www.folk-travel.com\/wp-content\/uploads\/2020\/05\/Temple-Thailandais-Jardin-Belem-225x300.jpg 225w, https:\/\/www.folk-travel.com\/wp-content\/uploads\/2020\/05\/Temple-Thailandais-Jardin-Belem-1152x1536.jpg 1152w, https:\/\/www.folk-travel.com\/wp-content\/uploads\/2020\/05\/Temple-Thailandais-Jardin-Belem-1536x2048.jpg 1536w, https:\/\/www.folk-travel.com\/wp-content\/uploads\/2020\/05\/Temple-Thailandais-Jardin-Belem-9x12.jpg 9w, https:\/\/www.folk-travel.com\/wp-content\/uploads\/2020\/05\/Temple-Thailandais-Jardin-Belem-370x493.jpg 370w, https:\/\/www.folk-travel.com\/wp-content\/uploads\/2020\/05\/Temple-Thailandais-Jardin-Belem-760x1013.jpg 760w, https:\/\/www.folk-travel.com\/wp-content\/uploads\/2020\/05\/Temple-Thailandais-Jardin-Belem-scaled.jpg 1600w\" sizes=\"(max-width: 768px) 100vw, 768px\" \/>\t\t\t\t\t\t\t\t\t\t\t\t\t\t<\/div>\n\t\t\t\t\t\t<\/div>\n\t\t\t\t<\/div>\n\t\t\t\t<div class=\"elementor-element elementor-element-b148500 elementor-invisible elementor-widget elementor-widget-heading\" data-id=\"b148500\" data-element_type=\"widget\" data-settings=\"{&quot;_animation&quot;:&quot;slideInLeft&quot;}\" data-widget_type=\"heading.default\">\n\t\t\t\t<div class=\"elementor-widget-container\">\n\t\t\t<h3 class=\"elementor-heading-title elementor-size-default\">Taste a Pastel of Nata in Bel\u00e9m<\/h3>\t\t<\/div>\n\t\t\t\t<\/div>\n\t\t\t\t<div class=\"elementor-element elementor-element-6f344e9 elementor-widget elementor-widget-text-editor\" data-id=\"6f344e9\" data-element_type=\"widget\" data-widget_type=\"text-editor.default\">\n\t\t\t\t<div class=\"elementor-widget-container\">\n\t\t\t\t\t\t\t\t<div class=\"elementor-text-editor elementor-clearfix\">\n\t\t\t\t<p>This is the unmissable moment of Belem, in the main street you can't miss the famous pie of Portugal :\u00a0<a href=\"https:\/\/www.folk-travel.com\/en\/pastel-de-nata\/\" target=\"_blank\" rel=\"noopener\">Pastel de nata<\/a>. Go to the authentic pastry shop of Bel\u00e9m. <br \/>How do we find her? It is next to the monastery and you will see there a long line of people waiting to get there. The front is blue and it says: Pasteis de Bel\u00e9m. Inside there are a few tables, but it is pleasant to take the pastel de nata and go and taste it in the garden.<\/p><p>For our part, if you followed us in our\u00a0<a href=\"https:\/\/www.folk-travel.com\/en\/visit-lisbon-what-to-do\/\" target=\"_blank\" rel=\"noopener\">visit of Lisbon<\/a>we enjoyed the tasting in an award-winning pastry shop.\u00a0<\/p><p>\u00a0<\/p>\t\t\t\t\t<\/div>\n\t\t\t\t\t\t<\/div>\n\t\t\t\t<\/div>\n\t\t\t\t<div class=\"elementor-element elementor-element-9c1be6b elementor-widget elementor-widget-image\" data-id=\"9c1be6b\" data-element_type=\"widget\" data-widget_type=\"image.default\">\n\t\t\t\t<div class=\"elementor-widget-container\">\n\t\t\t\t\t\t\t\t<div class=\"elementor-image\">\n\t\t\t\t\t\t\t\t\t\t\t\t<img width=\"768\" height=\"763\" src=\"https:\/\/www.folk-travel.com\/wp-content\/uploads\/2020\/05\/cafe-Pasteis-Belem-Lisbonne-768x763.jpeg\" class=\"attachment-medium_large size-medium_large\" alt=\"p\u00e2tisserie Pasteis de nata dans le quartier Bel\u00e9m \u00e0 Lisbonne\" loading=\"lazy\" srcset=\"https:\/\/www.folk-travel.com\/wp-content\/uploads\/2020\/05\/cafe-Pasteis-Belem-Lisbonne-768x763.jpeg 768w, https:\/\/www.folk-travel.com\/wp-content\/uploads\/2020\/05\/cafe-Pasteis-Belem-Lisbonne-300x298.jpeg 300w, https:\/\/www.folk-travel.com\/wp-content\/uploads\/2020\/05\/cafe-Pasteis-Belem-Lisbonne-1024x1018.jpeg 1024w, https:\/\/www.folk-travel.com\/wp-content\/uploads\/2020\/05\/cafe-Pasteis-Belem-Lisbonne-150x150.jpeg 150w, https:\/\/www.folk-travel.com\/wp-content\/uploads\/2020\/05\/cafe-Pasteis-Belem-Lisbonne-12x12.jpeg 12w, https:\/\/www.folk-travel.com\/wp-content\/uploads\/2020\/05\/cafe-Pasteis-Belem-Lisbonne-370x368.jpeg 370w, https:\/\/www.folk-travel.com\/wp-content\/uploads\/2020\/05\/cafe-Pasteis-Belem-Lisbonne-90x90.jpeg 90w, https:\/\/www.folk-travel.com\/wp-content\/uploads\/2020\/05\/cafe-Pasteis-Belem-Lisbonne-760x755.jpeg 760w, https:\/\/www.folk-travel.com\/wp-content\/uploads\/2020\/05\/cafe-Pasteis-Belem-Lisbonne.jpeg 1125w\" sizes=\"(max-width: 768px) 100vw, 768px\" \/>\t\t\t\t\t\t\t\t\t\t\t\t\t\t<\/div>\n\t\t\t\t\t\t<\/div>\n\t\t\t\t<\/div>\n\t\t\t\t\t\t<\/div>\n\t\t\t\t\t<\/div>\n\t\t<\/div>\n\t\t\t\t\t\t\t\t<\/div>\n\t\t\t\t\t<\/div>\n\t\t<\/section>\n\t\t\t\t<section class=\"elementor-section elementor-top-section elementor-element elementor-element-8189dd6 elementor-section-boxed elementor-section-height-default elementor-section-height-default\" data-id=\"8189dd6\" data-element_type=\"section\">\n\t\t\t\t\t\t<div class=\"elementor-container elementor-column-gap-extended\">\n\t\t\t\t\t\t\t<div class=\"elementor-row\">\n\t\t\t\t\t<div class=\"elementor-column elementor-col-100 elementor-top-column elementor-element elementor-element-6834ab7 sc_layouts_column_icons_position_left\" data-id=\"6834ab7\" data-element_type=\"column\">\n\t\t\t<div class=\"elementor-column-wrap elementor-element-populated\">\n\t\t\t\t\t\t\t<div class=\"elementor-widget-wrap\">\n\t\t\t\t\t\t<div class=\"elementor-element elementor-element-1f61dc7 elementor-widget elementor-widget-heading\" data-id=\"1f61dc7\" data-element_type=\"widget\" data-widget_type=\"heading.default\">\n\t\t\t\t<div class=\"elementor-widget-container\">\n\t\t\t<h2 class=\"elementor-heading-title elementor-size-default\">How to get to Cascais<\/h2>\t\t<\/div>\n\t\t\t\t<\/div>\n\t\t\t\t<div class=\"elementor-element elementor-element-28ab701 elementor-widget elementor-widget-text-editor\" data-id=\"28ab701\" data-element_type=\"widget\" data-widget_type=\"text-editor.default\">\n\t\t\t\t<div class=\"elementor-widget-container\">\n\t\t\t\t\t\t\t\t<div class=\"elementor-text-editor elementor-clearfix\">\n\t\t\t\t<p>Cascais organizes many professional events. This place could not go unnoticed during our road trip, especially after our successful escapade in Bel\u00e9m. If you wish to reach Cascais from Bel\u00e9m you will have to take the train with the line 19001, count 30 minutes for less than 2\u20ac. or 40 minutes from Lisbon.<\/p><p>\u00a0<\/p>\t\t\t\t\t<\/div>\n\t\t\t\t\t\t<\/div>\n\t\t\t\t<\/div>\n\t\t\t\t<div class=\"elementor-element elementor-element-2f91d99 elementor-widget elementor-widget-heading\" data-id=\"2f91d99\" data-element_type=\"widget\" data-widget_type=\"heading.default\">\n\t\t\t\t<div class=\"elementor-widget-container\">\n\t\t\t<h2 class=\"elementor-heading-title elementor-size-default\">What to do in Cascais<\/h2>\t\t<\/div>\n\t\t\t\t<\/div>\n\t\t\t\t<div class=\"elementor-element elementor-element-d049537 elementor-invisible elementor-widget elementor-widget-heading\" data-id=\"d049537\" data-element_type=\"widget\" data-settings=\"{&quot;_animation&quot;:&quot;slideInLeft&quot;}\" data-widget_type=\"heading.default\">\n\t\t\t\t<div class=\"elementor-widget-container\">\n\t\t\t<h3 class=\"elementor-heading-title elementor-size-default\">Relaxing on the beach<\/h3>\t\t<\/div>\n\t\t\t\t<\/div>\n\t\t\t\t<div class=\"elementor-element elementor-element-1d199d0 elementor-widget elementor-widget-text-editor\" data-id=\"1d199d0\" data-element_type=\"widget\" data-widget_type=\"text-editor.default\">\n\t\t\t\t<div class=\"elementor-widget-container\">\n\t\t\t\t\t\t\t\t<div class=\"elementor-text-editor elementor-clearfix\">\n\t\t\t\t<p>The bay of Cascais abounds in magnificent beaches because it is protected from the ocean's waves.\u00a0 Just at the edge of these beaches beautiful 9km long walks are pleasant to enjoy the sea air. You will love to dive into this crystal clear water and put your towel on the golden sand. <br \/>You will have understood it, Cascais is a seaside resort reputed by the aristocracy of the 19\u1d49 century as the place of predilection to rest there.<\/p><p>\u00a0<\/p>\t\t\t\t\t<\/div>\n\t\t\t\t\t\t<\/div>\n\t\t\t\t<\/div>\n\t\t\t\t<div class=\"elementor-element elementor-element-3330fb7 elementor-widget elementor-widget-image\" data-id=\"3330fb7\" data-element_type=\"widget\" data-widget_type=\"image.default\">\n\t\t\t\t<div class=\"elementor-widget-container\">\n\t\t\t\t\t\t\t\t<div class=\"elementor-image\">\n\t\t\t\t\t\t\t\t\t\t\t\t<img width=\"1024\" height=\"683\" src=\"https:\/\/www.folk-travel.com\/wp-content\/uploads\/2020\/05\/Plage-Cascais-rochers-Portugal-1024x683.jpg\" class=\"attachment-large size-large\" alt=\"Plage de Cascais avec des rochers au Portugal\" loading=\"lazy\" srcset=\"https:\/\/www.folk-travel.com\/wp-content\/uploads\/2020\/05\/Plage-Cascais-rochers-Portugal-1024x683.jpg 1024w, https:\/\/www.folk-travel.com\/wp-content\/uploads\/2020\/05\/Plage-Cascais-rochers-Portugal-300x200.jpg 300w, https:\/\/www.folk-travel.com\/wp-content\/uploads\/2020\/05\/Plage-Cascais-rochers-Portugal-768x512.jpg 768w, https:\/\/www.folk-travel.com\/wp-content\/uploads\/2020\/05\/Plage-Cascais-rochers-Portugal-1536x1024.jpg 1536w, https:\/\/www.folk-travel.com\/wp-content\/uploads\/2020\/05\/Plage-Cascais-rochers-Portugal-16x12.jpg 16w, https:\/\/www.folk-travel.com\/wp-content\/uploads\/2020\/05\/Plage-Cascais-rochers-Portugal-370x247.jpg 370w, https:\/\/www.folk-travel.com\/wp-content\/uploads\/2020\/05\/Plage-Cascais-rochers-Portugal-760x507.jpg 760w, https:\/\/www.folk-travel.com\/wp-content\/uploads\/2020\/05\/Plage-Cascais-rochers-Portugal.jpg 1600w\" sizes=\"(max-width: 1024px) 100vw, 1024px\" \/>\t\t\t\t\t\t\t\t\t\t\t\t\t\t<\/div>\n\t\t\t\t\t\t<\/div>\n\t\t\t\t<\/div>\n\t\t\t\t<div class=\"elementor-element elementor-element-d1ae63a elementor-invisible elementor-widget elementor-widget-heading\" data-id=\"d1ae63a\" data-element_type=\"widget\" data-settings=\"{&quot;_animation&quot;:&quot;slideInLeft&quot;}\" data-widget_type=\"heading.default\">\n\t\t\t\t<div class=\"elementor-widget-container\">\n\t\t\t<h3 class=\"elementor-heading-title elementor-size-default\">Discover the streets of Cascais<\/h3>\t\t<\/div>\n\t\t\t\t<\/div>\n\t\t\t\t<div class=\"elementor-element elementor-element-31932ba elementor-widget elementor-widget-text-editor\" data-id=\"31932ba\" data-element_type=\"widget\" data-widget_type=\"text-editor.default\">\n\t\t\t\t<div class=\"elementor-widget-container\">\n\t\t\t\t\t\t\t\t<div class=\"elementor-text-editor elementor-clearfix\">\n\t\t\t\t<p>During our visit, we were lucky to have beautiful and very warm weather in Cascais, ideal for a stroll in the city centre of Cascais.\u00a0 Pastel-coloured shop fronts, wrought iron balconies with pedestrian walkways and flowers on the balcony make Cascais this fishing village a pleasant place. One likes to get lost in its alleys.<\/p><p>\u00a0<\/p>\t\t\t\t\t<\/div>\n\t\t\t\t\t\t<\/div>\n\t\t\t\t<\/div>\n\t\t\t\t<div class=\"elementor-element elementor-element-7a8fac0 elementor-widget elementor-widget-image\" data-id=\"7a8fac0\" data-element_type=\"widget\" data-widget_type=\"image.default\">\n\t\t\t\t<div class=\"elementor-widget-container\">\n\t\t\t\t\t\t\t\t<div class=\"elementor-image\">\n\t\t\t\t\t\t\t\t\t\t\t\t<img width=\"768\" height=\"1024\" src=\"https:\/\/www.folk-travel.com\/wp-content\/uploads\/2020\/05\/Fleurs-bougainvillier-Cascais-768x1024.jpg\" class=\"attachment-medium_large size-medium_large\" alt=\"Fleurs bougainvillier dans une rue de Cascais au Portugal\" loading=\"lazy\" srcset=\"https:\/\/www.folk-travel.com\/wp-content\/uploads\/2020\/05\/Fleurs-bougainvillier-Cascais-768x1024.jpg 768w, https:\/\/www.folk-travel.com\/wp-content\/uploads\/2020\/05\/Fleurs-bougainvillier-Cascais-225x300.jpg 225w, https:\/\/www.folk-travel.com\/wp-content\/uploads\/2020\/05\/Fleurs-bougainvillier-Cascais-1152x1536.jpg 1152w, https:\/\/www.folk-travel.com\/wp-content\/uploads\/2020\/05\/Fleurs-bougainvillier-Cascais-1536x2048.jpg 1536w, https:\/\/www.folk-travel.com\/wp-content\/uploads\/2020\/05\/Fleurs-bougainvillier-Cascais-9x12.jpg 9w, https:\/\/www.folk-travel.com\/wp-content\/uploads\/2020\/05\/Fleurs-bougainvillier-Cascais-370x493.jpg 370w, https:\/\/www.folk-travel.com\/wp-content\/uploads\/2020\/05\/Fleurs-bougainvillier-Cascais-760x1013.jpg 760w, https:\/\/www.folk-travel.com\/wp-content\/uploads\/2020\/05\/Fleurs-bougainvillier-Cascais-scaled.jpg 1600w\" sizes=\"(max-width: 768px) 100vw, 768px\" \/>\t\t\t\t\t\t\t\t\t\t\t\t\t\t<\/div>\n\t\t\t\t\t\t<\/div>\n\t\t\t\t<\/div>\n\t\t\t\t<div class=\"elementor-element elementor-element-5f8aa51 elementor-widget elementor-widget-image\" data-id=\"5f8aa51\" data-element_type=\"widget\" data-widget_type=\"image.default\">\n\t\t\t\t<div class=\"elementor-widget-container\">\n\t\t\t\t\t\t\t\t<div class=\"elementor-image\">\n\t\t\t\t\t\t\t\t\t\t\t\t<img width=\"768\" height=\"768\" src=\"https:\/\/www.folk-travel.com\/wp-content\/uploads\/2020\/05\/rue-principale-Cascais-Portugal-768x768.jpg\" class=\"attachment-medium_large size-medium_large\" alt=\"Centre ville de Cascais au Portugal\" loading=\"lazy\" srcset=\"https:\/\/www.folk-travel.com\/wp-content\/uploads\/2020\/05\/rue-principale-Cascais-Portugal-768x768.jpg 768w, https:\/\/www.folk-travel.com\/wp-content\/uploads\/2020\/05\/rue-principale-Cascais-Portugal-300x300.jpg 300w, https:\/\/www.folk-travel.com\/wp-content\/uploads\/2020\/05\/rue-principale-Cascais-Portugal-1024x1024.jpg 1024w, https:\/\/www.folk-travel.com\/wp-content\/uploads\/2020\/05\/rue-principale-Cascais-Portugal-150x150.jpg 150w, https:\/\/www.folk-travel.com\/wp-content\/uploads\/2020\/05\/rue-principale-Cascais-Portugal-1536x1536.jpg 1536w, https:\/\/www.folk-travel.com\/wp-content\/uploads\/2020\/05\/rue-principale-Cascais-Portugal-12x12.jpg 12w, https:\/\/www.folk-travel.com\/wp-content\/uploads\/2020\/05\/rue-principale-Cascais-Portugal-370x370.jpg 370w, https:\/\/www.folk-travel.com\/wp-content\/uploads\/2020\/05\/rue-principale-Cascais-Portugal-90x90.jpg 90w, https:\/\/www.folk-travel.com\/wp-content\/uploads\/2020\/05\/rue-principale-Cascais-Portugal-760x760.jpg 760w, https:\/\/www.folk-travel.com\/wp-content\/uploads\/2020\/05\/rue-principale-Cascais-Portugal.jpg 1600w\" sizes=\"(max-width: 768px) 100vw, 768px\" \/>\t\t\t\t\t\t\t\t\t\t\t\t\t\t<\/div>\n\t\t\t\t\t\t<\/div>\n\t\t\t\t<\/div>\n\t\t\t\t<div class=\"elementor-element elementor-element-4e80d10 elementor-invisible elementor-widget elementor-widget-heading\" data-id=\"4e80d10\" data-element_type=\"widget\" data-settings=\"{&quot;_animation&quot;:&quot;slideInLeft&quot;}\" data-widget_type=\"heading.default\">\n\t\t\t\t<div class=\"elementor-widget-container\">\n\t\t\t<h3 class=\"elementor-heading-title elementor-size-default\">A beautiful atypical lighthouse in Cascais - Santa Marta<\/h3>\t\t<\/div>\n\t\t\t\t<\/div>\n\t\t\t\t<div class=\"elementor-element elementor-element-941204d elementor-widget elementor-widget-text-editor\" data-id=\"941204d\" data-element_type=\"widget\" data-widget_type=\"text-editor.default\">\n\t\t\t\t<div class=\"elementor-widget-container\">\n\t\t\t\t\t\t\t\t<div class=\"elementor-text-editor elementor-clearfix\">\n\t\t\t\t<p>Let's continue our mop at the western end of Cascais, with this pretty lighthouse from the 19\u1d49 century: Farol de Santa Marta which now fulfils its role as a museum. Just next to it you will see the Casa de Santa Maria, a magnificent villa that belonged to rich Portuguese industrialists. Admission is free.<br \/>At the back is the <b>Marechal Carmona Park<\/b>A very pretty large park where peacocks and roosters are free to roost and where it is pleasant to picnic: both young and old will be amazed.<span style=\"font-size: 17px; background-color: rgba(229, 229, 229, 0); letter-spacing: -0.6px;\">\u00a0You will find a building with azulejos on its facade.<\/span><\/p>\t\t\t\t\t<\/div>\n\t\t\t\t\t\t<\/div>\n\t\t\t\t<\/div>\n\t\t\t\t<div class=\"elementor-element elementor-element-91a7de8 elementor-widget elementor-widget-image\" data-id=\"91a7de8\" data-element_type=\"widget\" data-widget_type=\"image.default\">\n\t\t\t\t<div class=\"elementor-widget-container\">\n\t\t\t\t\t\t\t\t<div class=\"elementor-image\">\n\t\t\t\t\t\t\t\t\t<figure class=\"wp-caption\">\n\t\t\t\t\t\t\t\t\t\t<img width=\"1024\" height=\"683\" src=\"https:\/\/www.folk-travel.com\/wp-content\/uploads\/2020\/05\/Phare-Cascais-Portugal-1024x683.jpg\" class=\"attachment-large size-large\" alt=\"le phare de Santa Marta \u00e0 Cascais au Portugal\" loading=\"lazy\" srcset=\"https:\/\/www.folk-travel.com\/wp-content\/uploads\/2020\/05\/Phare-Cascais-Portugal-1024x683.jpg 1024w, https:\/\/www.folk-travel.com\/wp-content\/uploads\/2020\/05\/Phare-Cascais-Portugal-300x200.jpg 300w, https:\/\/www.folk-travel.com\/wp-content\/uploads\/2020\/05\/Phare-Cascais-Portugal-768x512.jpg 768w, https:\/\/www.folk-travel.com\/wp-content\/uploads\/2020\/05\/Phare-Cascais-Portugal-1536x1024.jpg 1536w, https:\/\/www.folk-travel.com\/wp-content\/uploads\/2020\/05\/Phare-Cascais-Portugal-16x12.jpg 16w, https:\/\/www.folk-travel.com\/wp-content\/uploads\/2020\/05\/Phare-Cascais-Portugal-370x247.jpg 370w, https:\/\/www.folk-travel.com\/wp-content\/uploads\/2020\/05\/Phare-Cascais-Portugal-760x507.jpg 760w, https:\/\/www.folk-travel.com\/wp-content\/uploads\/2020\/05\/Phare-Cascais-Portugal.jpg 1600w\" sizes=\"(max-width: 1024px) 100vw, 1024px\" \/>\t\t\t\t\t\t\t\t\t\t\t<figcaption class=\"widget-image-caption wp-caption-text\">Santa Marta Lighthouse<\/figcaption>\n\t\t\t\t\t\t\t\t\t\t<\/figure>\n\t\t\t\t\t\t\t\t<\/div>\n\t\t\t\t\t\t<\/div>\n\t\t\t\t<\/div>\n\t\t\t\t<section class=\"elementor-section elementor-inner-section elementor-element elementor-element-a3da9a2 elementor-section-boxed elementor-section-height-default elementor-section-height-default\" data-id=\"a3da9a2\" data-element_type=\"section\">\n\t\t\t\t\t\t<div class=\"elementor-container elementor-column-gap-extended\">\n\t\t\t\t\t\t\t<div class=\"elementor-row\">\n\t\t\t\t\t<div class=\"elementor-column elementor-col-50 elementor-inner-column elementor-element elementor-element-604f2bb sc_layouts_column_icons_position_left\" data-id=\"604f2bb\" data-element_type=\"column\">\n\t\t\t<div class=\"elementor-column-wrap elementor-element-populated\">\n\t\t\t\t\t\t\t<div class=\"elementor-widget-wrap\">\n\t\t\t\t\t\t<div class=\"elementor-element elementor-element-6d96105 elementor-widget elementor-widget-image\" data-id=\"6d96105\" data-element_type=\"widget\" data-widget_type=\"image.default\">\n\t\t\t\t<div class=\"elementor-widget-container\">\n\t\t\t\t\t\t\t\t<div class=\"elementor-image\">\n\t\t\t\t\t\t\t\t\t<figure class=\"wp-caption\">\n\t\t\t\t\t\t\t\t\t\t<img width=\"768\" height=\"1024\" src=\"https:\/\/www.folk-travel.com\/wp-content\/uploads\/2020\/05\/Casa-Santa-Maria-Cascais-768x1024.jpg\" class=\"attachment-large size-large\" alt=\"Casa da Santa Maria \u00e0 Cascais au Portugal\" loading=\"lazy\" srcset=\"https:\/\/www.folk-travel.com\/wp-content\/uploads\/2020\/05\/Casa-Santa-Maria-Cascais-768x1024.jpg 768w, https:\/\/www.folk-travel.com\/wp-content\/uploads\/2020\/05\/Casa-Santa-Maria-Cascais-225x300.jpg 225w, https:\/\/www.folk-travel.com\/wp-content\/uploads\/2020\/05\/Casa-Santa-Maria-Cascais-1152x1536.jpg 1152w, https:\/\/www.folk-travel.com\/wp-content\/uploads\/2020\/05\/Casa-Santa-Maria-Cascais-1536x2048.jpg 1536w, https:\/\/www.folk-travel.com\/wp-content\/uploads\/2020\/05\/Casa-Santa-Maria-Cascais-9x12.jpg 9w, https:\/\/www.folk-travel.com\/wp-content\/uploads\/2020\/05\/Casa-Santa-Maria-Cascais-370x493.jpg 370w, https:\/\/www.folk-travel.com\/wp-content\/uploads\/2020\/05\/Casa-Santa-Maria-Cascais-760x1013.jpg 760w, https:\/\/www.folk-travel.com\/wp-content\/uploads\/2020\/05\/Casa-Santa-Maria-Cascais-scaled.jpg 1600w\" sizes=\"(max-width: 768px) 100vw, 768px\" \/>\t\t\t\t\t\t\t\t\t\t\t<figcaption class=\"widget-image-caption wp-caption-text\">Casa Santa Maria<\/figcaption>\n\t\t\t\t\t\t\t\t\t\t<\/figure>\n\t\t\t\t\t\t\t\t<\/div>\n\t\t\t\t\t\t<\/div>\n\t\t\t\t<\/div>\n\t\t\t\t\t\t<\/div>\n\t\t\t\t\t<\/div>\n\t\t<\/div>\n\t\t\t\t<div class=\"elementor-column elementor-col-50 elementor-inner-column elementor-element elementor-element-bf40bef sc_layouts_column_icons_position_left\" data-id=\"bf40bef\" data-element_type=\"column\">\n\t\t\t<div class=\"elementor-column-wrap elementor-element-populated\">\n\t\t\t\t\t\t\t<div class=\"elementor-widget-wrap\">\n\t\t\t\t\t\t<div class=\"elementor-element elementor-element-fba73e4 elementor-widget elementor-widget-image\" data-id=\"fba73e4\" data-element_type=\"widget\" data-widget_type=\"image.default\">\n\t\t\t\t<div class=\"elementor-widget-container\">\n\t\t\t\t\t\t\t\t<div class=\"elementor-image\">\n\t\t\t\t\t\t\t\t\t<figure class=\"wp-caption\">\n\t\t\t\t\t\t\t\t\t\t<img width=\"768\" height=\"1024\" src=\"https:\/\/www.folk-travel.com\/wp-content\/uploads\/2020\/05\/banc-Azulejos-Cascais-Portugal-768x1024.jpg\" class=\"attachment-large size-large\" alt=\"Banc d&#039;Azulejos \u00e0 Cascais au Portugal\" loading=\"lazy\" srcset=\"https:\/\/www.folk-travel.com\/wp-content\/uploads\/2020\/05\/banc-Azulejos-Cascais-Portugal-768x1024.jpg 768w, https:\/\/www.folk-travel.com\/wp-content\/uploads\/2020\/05\/banc-Azulejos-Cascais-Portugal-225x300.jpg 225w, https:\/\/www.folk-travel.com\/wp-content\/uploads\/2020\/05\/banc-Azulejos-Cascais-Portugal-1152x1536.jpg 1152w, https:\/\/www.folk-travel.com\/wp-content\/uploads\/2020\/05\/banc-Azulejos-Cascais-Portugal-1536x2048.jpg 1536w, https:\/\/www.folk-travel.com\/wp-content\/uploads\/2020\/05\/banc-Azulejos-Cascais-Portugal-9x12.jpg 9w, https:\/\/www.folk-travel.com\/wp-content\/uploads\/2020\/05\/banc-Azulejos-Cascais-Portugal-370x493.jpg 370w, https:\/\/www.folk-travel.com\/wp-content\/uploads\/2020\/05\/banc-Azulejos-Cascais-Portugal-760x1013.jpg 760w, https:\/\/www.folk-travel.com\/wp-content\/uploads\/2020\/05\/banc-Azulejos-Cascais-Portugal-scaled.jpg 1600w\" sizes=\"(max-width: 768px) 100vw, 768px\" \/>\t\t\t\t\t\t\t\t\t\t\t<figcaption class=\"widget-image-caption wp-caption-text\">Bench of Azulejos <\/figcaption>\n\t\t\t\t\t\t\t\t\t\t<\/figure>\n\t\t\t\t\t\t\t\t<\/div>\n\t\t\t\t\t\t<\/div>\n\t\t\t\t<\/div>\n\t\t\t\t\t\t<\/div>\n\t\t\t\t\t<\/div>\n\t\t<\/div>\n\t\t\t\t\t\t\t\t<\/div>\n\t\t\t\t\t<\/div>\n\t\t<\/section>\n\t\t\t\t<div class=\"elementor-element elementor-element-0ed281b elementor-invisible elementor-widget elementor-widget-heading\" data-id=\"0ed281b\" data-element_type=\"widget\" data-settings=\"{&quot;_animation&quot;:&quot;slideInLeft&quot;}\" data-widget_type=\"heading.default\">\n\t\t\t\t<div class=\"elementor-widget-container\">\n\t\t\t<h3 class=\"elementor-heading-title elementor-size-default\">Going to the mouth of hell: Boca do inferno<\/h3>\t\t<\/div>\n\t\t\t\t<\/div>\n\t\t\t\t<div class=\"elementor-element elementor-element-677578d elementor-widget elementor-widget-text-editor\" data-id=\"677578d\" data-element_type=\"widget\" data-widget_type=\"text-editor.default\">\n\t\t\t\t<div class=\"elementor-widget-container\">\n\t\t\t\t\t\t\t\t<div class=\"elementor-text-editor elementor-clearfix\">\n\t\t\t\t<p>We were excited about discovering this place and we didn't need more to get there on foot. From the Santa Marta lighthouse we walked along the promenade for 900 meters 10 minutes before arriving at the Boca do Inferno.\u00a0 It is here that on the edge of the cliffs, the waves come to engulf us, creating a deep and muffled noise as if coming from the bowels of the Earth.\u00a0 If you wish to take a break, there are many small bars and restaurants as well as a small craft market.<\/p>\t\t\t\t\t<\/div>\n\t\t\t\t\t\t<\/div>\n\t\t\t\t<\/div>\n\t\t\t\t<div class=\"elementor-element elementor-element-01becc5 elementor-widget elementor-widget-image\" data-id=\"01becc5\" data-element_type=\"widget\" data-widget_type=\"image.default\">\n\t\t\t\t<div class=\"elementor-widget-container\">\n\t\t\t\t\t\t\t\t<div class=\"elementor-image\">\n\t\t\t\t\t\t\t\t\t<figure class=\"wp-caption\">\n\t\t\t\t\t\t\t\t\t\t<img width=\"1024\" height=\"524\" src=\"https:\/\/www.folk-travel.com\/wp-content\/uploads\/2020\/05\/Boca-do-Inferno-Cascais-Portugal-1024x524.jpg\" class=\"attachment-large size-large\" alt=\"Boca do Inferno \u00e0 Cascais au Portugal\" loading=\"lazy\" srcset=\"https:\/\/www.folk-travel.com\/wp-content\/uploads\/2020\/05\/Boca-do-Inferno-Cascais-Portugal-1024x524.jpg 1024w, https:\/\/www.folk-travel.com\/wp-content\/uploads\/2020\/05\/Boca-do-Inferno-Cascais-Portugal-300x154.jpg 300w, https:\/\/www.folk-travel.com\/wp-content\/uploads\/2020\/05\/Boca-do-Inferno-Cascais-Portugal-768x393.jpg 768w, https:\/\/www.folk-travel.com\/wp-content\/uploads\/2020\/05\/Boca-do-Inferno-Cascais-Portugal-1536x786.jpg 1536w, https:\/\/www.folk-travel.com\/wp-content\/uploads\/2020\/05\/Boca-do-Inferno-Cascais-Portugal-16x8.jpg 16w, https:\/\/www.folk-travel.com\/wp-content\/uploads\/2020\/05\/Boca-do-Inferno-Cascais-Portugal-370x189.jpg 370w, https:\/\/www.folk-travel.com\/wp-content\/uploads\/2020\/05\/Boca-do-Inferno-Cascais-Portugal-760x389.jpg 760w, https:\/\/www.folk-travel.com\/wp-content\/uploads\/2020\/05\/Boca-do-Inferno-Cascais-Portugal.jpg 1600w\" sizes=\"(max-width: 1024px) 100vw, 1024px\" \/>\t\t\t\t\t\t\t\t\t\t\t<figcaption class=\"widget-image-caption wp-caption-text\">Boca do Inferno Cascais<\/figcaption>\n\t\t\t\t\t\t\t\t\t\t<\/figure>\n\t\t\t\t\t\t\t\t<\/div>\n\t\t\t\t\t\t<\/div>\n\t\t\t\t<\/div>\n\t\t\t\t\t\t<\/div>\n\t\t\t\t\t<\/div>\n\t\t<\/div>\n\t\t\t\t\t\t\t\t<\/div>\n\t\t\t\t\t<\/div>\n\t\t<\/section>\n\t\t\t\t<section class=\"elementor-section elementor-top-section elementor-element elementor-element-c9a0fbf elementor-section-boxed elementor-section-height-default elementor-section-height-default\" data-id=\"c9a0fbf\" data-element_type=\"section\">\n\t\t\t\t\t\t<div class=\"elementor-container elementor-column-gap-extended\">\n\t\t\t\t\t\t\t<div class=\"elementor-row\">\n\t\t\t\t\t<div class=\"elementor-column elementor-col-100 elementor-top-column elementor-element elementor-element-08e9138 sc_layouts_column_icons_position_left\" data-id=\"08e9138\" data-element_type=\"column\">\n\t\t\t<div class=\"elementor-column-wrap elementor-element-populated\">\n\t\t\t\t\t\t\t<div class=\"elementor-widget-wrap\">\n\t\t\t\t\t\t<div class=\"elementor-element elementor-element-a0990ac elementor-widget elementor-widget-template\" data-id=\"a0990ac\" data-element_type=\"widget\" data-widget_type=\"template.default\">\n\t\t\t\t<div class=\"elementor-widget-container\">\n\t\t\t\t\t<div class=\"elementor-template\">\n\t\t\t\t\t<div data-elementor-type=\"section\" data-elementor-id=\"4361\" class=\"elementor elementor-4361\" data-elementor-settings=\"[]\">\n\t\t<div class=\"elementor-section-wrap\">\n\t\t\t\t\t<section class=\"elementor-section elementor-top-section elementor-element elementor-element-5664c12a elementor-section-boxed elementor-section-height-default elementor-section-height-default\" data-id=\"5664c12a\" data-element_type=\"section\">\n\t\t\t\t\t\t<div class=\"elementor-container elementor-column-gap-extended\">\n\t\t\t\t\t\t\t<div class=\"elementor-row\">\n\t\t\t\t\t<div class=\"elementor-column elementor-col-33 elementor-top-column elementor-element elementor-element-35a97fe8 sc_layouts_column_icons_position_left\" data-id=\"35a97fe8\" data-element_type=\"column\">\n\t\t\t<div class=\"elementor-column-wrap elementor-element-populated\">\n\t\t\t\t\t\t\t<div class=\"elementor-widget-wrap\">\n\t\t\t\t\t\t<div class=\"elementor-element elementor-element-f4c575d elementor-widget elementor-widget-heading\" data-id=\"f4c575d\" data-element_type=\"widget\" data-widget_type=\"heading.default\">\n\t\t\t\t<div class=\"elementor-widget-container\">\n\t\t\t<h4 class=\"elementor-heading-title elementor-size-default\"><a href=\"https:\/\/www.folk-travel.com\/en\/lx-factory-cristo-rei\/\">Lx Factory Artists' District<\/a><\/h4>\t\t<\/div>\n\t\t\t\t<\/div>\n\t\t\t\t<div class=\"elementor-element elementor-element-72c0a2fe elementor-widget elementor-widget-image\" data-id=\"72c0a2fe\" data-element_type=\"widget\" data-widget_type=\"image.default\">\n\t\t\t\t<div class=\"elementor-widget-container\">\n\t\t\t\t\t\t\t\t<div class=\"elementor-image\">\n\t\t\t\t\t\t\t\t\t\t\t\t\t<a href=\"https:\/\/www.folk-travel.com\/en\/lx-factory-cristo-rei\/\">\n\t\t\t\t\t\t\t<img src=\"https:\/\/www.folk-travel.com\/wp-content\/uploads\/elementor\/thumbs\/librairie-lxfactory-Lisbonne-scaled-ptui45mqggt6c5c78bthwtl65eq6ckpzio87wx5m7g.jpg\" title=\"librairie-lxfactory-lisbonne\" alt=\"la librairie de Lxfactory \u00e0 Lisbonne\" \/>\t\t\t\t\t\t\t\t<\/a>\n\t\t\t\t\t\t\t\t\t\t\t\t\t\t<\/div>\n\t\t\t\t\t\t<\/div>\n\t\t\t\t<\/div>\n\t\t\t\t\t\t<\/div>\n\t\t\t\t\t<\/div>\n\t\t<\/div>\n\t\t\t\t<div class=\"elementor-column elementor-col-33 elementor-top-column elementor-element elementor-element-2398f314 sc_layouts_column_icons_position_left\" data-id=\"2398f314\" data-element_type=\"column\">\n\t\t\t<div class=\"elementor-column-wrap elementor-element-populated\">\n\t\t\t\t\t\t\t<div class=\"elementor-widget-wrap\">\n\t\t\t\t\t\t<div class=\"elementor-element elementor-element-510b0e4b elementor-widget elementor-widget-heading\" data-id=\"510b0e4b\" data-element_type=\"widget\" data-widget_type=\"heading.default\">\n\t\t\t\t<div class=\"elementor-widget-container\">\n\t\t\t<h4 class=\"elementor-heading-title elementor-size-default\"><a href=\"https:\/\/www.folk-travel.com\/en\/cabo-da-roca-azenhas-sintra\/\">Cabo da Roca Pointe and Azenhas do Mar<\/a><\/h4>\t\t<\/div>\n\t\t\t\t<\/div>\n\t\t\t\t<div class=\"elementor-element elementor-element-64c1eaae elementor-widget elementor-widget-image\" data-id=\"64c1eaae\" data-element_type=\"widget\" data-widget_type=\"image.default\">\n\t\t\t\t<div class=\"elementor-widget-container\">\n\t\t\t\t\t\t\t\t<div class=\"elementor-image\">\n\t\t\t\t\t\t\t\t\t\t\t\t\t<a href=\"https:\/\/www.folk-travel.com\/en\/cabo-da-roca-azenhas-sintra\/\">\n\t\t\t\t\t\t\t<img src=\"https:\/\/www.folk-travel.com\/wp-content\/uploads\/elementor\/thumbs\/Plage-Praia-da-Ursa-scaled-ptui48g90yx1az83rv1dmavjxkc9zo16j26ocr1fos.jpg\" title=\"Praia da Ursa Lanzarote\" alt=\"Praia da Ursa au Portugal\" \/>\t\t\t\t\t\t\t\t<\/a>\n\t\t\t\t\t\t\t\t\t\t\t\t\t\t<\/div>\n\t\t\t\t\t\t<\/div>\n\t\t\t\t<\/div>\n\t\t\t\t\t\t<\/div>\n\t\t\t\t\t<\/div>\n\t\t<\/div>\n\t\t\t\t<div class=\"elementor-column elementor-col-33 elementor-top-column elementor-element elementor-element-8f602cd sc_layouts_column_icons_position_left\" data-id=\"8f602cd\" data-element_type=\"column\">\n\t\t\t<div class=\"elementor-column-wrap elementor-element-populated\">\n\t\t\t\t\t\t\t<div class=\"elementor-widget-wrap\">\n\t\t\t\t\t\t<div class=\"elementor-element elementor-element-5d729c8 elementor-widget elementor-widget-heading\" data-id=\"5d729c8\" data-element_type=\"widget\" data-widget_type=\"heading.default\">\n\t\t\t\t<div class=\"elementor-widget-container\">\n\t\t\t<h4 class=\"elementor-heading-title elementor-size-default\"><a href=\"https:\/\/www.folk-travel.com\/en\/visit-lisbon-what-to-do\/\">Visit Lisbon<\/a><\/h4>\t\t<\/div>\n\t\t\t\t<\/div>\n\t\t\t\t<div class=\"elementor-element elementor-element-7d9ef75 elementor-widget elementor-widget-image\" data-id=\"7d9ef75\" data-element_type=\"widget\" data-widget_type=\"image.default\">\n\t\t\t\t<div class=\"elementor-widget-container\">\n\t\t\t\t\t\t\t\t<div class=\"elementor-image\">\n\t\t\t\t\t\t\t\t\t\t\t\t\t<a href=\"https:\/\/www.folk-travel.com\/en\/visit-lisbon-what-to-do\/\">\n\t\t\t\t\t\t\t<img src=\"https:\/\/www.folk-travel.com\/wp-content\/uploads\/elementor\/thumbs\/figuera-Lisbonne-tramway-scaled-ptui47ieu4vqzd9gxcmr1t43c6gwryxg6xj6vh2tv0.jpg\" title=\"praca-figuera-lisbonne-tramway\" alt=\"tramway de figuera \u00e0 Lisbonne\" \/>\t\t\t\t\t\t\t\t<\/a>\n\t\t\t\t\t\t\t\t\t\t\t\t\t\t<\/div>\n\t\t\t\t\t\t<\/div>\n\t\t\t\t<\/div>\n\t\t\t\t\t\t<\/div>\n\t\t\t\t\t<\/div>\n\t\t<\/div>\n\t\t\t\t\t\t\t\t<\/div>\n\t\t\t\t\t<\/div>\n\t\t<\/section>\n\t\t\t\t<\/div>\n\t\t<\/div>\n\t\t\t\t<\/div>\n\t\t\t\t<\/div>\n\t\t\t\t<\/div>\n\t\t\t\t\t\t<\/div>\n\t\t\t\t\t<\/div>\n\t\t<\/div>\n\t\t\t\t\t\t\t\t<\/div>\n\t\t\t\t\t<\/div>\n\t\t<\/section>\n\t\t\t\t<section class=\"elementor-section elementor-top-section elementor-element elementor-element-ee4016d elementor-section-boxed elementor-section-height-default elementor-section-height-default\" data-id=\"ee4016d\" data-element_type=\"section\">\n\t\t\t\t\t\t<div class=\"elementor-container elementor-column-gap-extended\">\n\t\t\t\t\t\t\t<div class=\"elementor-row\">\n\t\t\t\t\t<div class=\"elementor-column elementor-col-100 elementor-top-column elementor-element elementor-element-af588a0 sc_layouts_column_icons_position_left\" data-id=\"af588a0\" data-element_type=\"column\">\n\t\t\t<div class=\"elementor-column-wrap elementor-element-populated\">\n\t\t\t\t\t\t\t<div class=\"elementor-widget-wrap\">\n\t\t\t\t\t\t<div class=\"elementor-element elementor-element-ebbb115 elementor-widget elementor-widget-template\" data-id=\"ebbb115\" data-element_type=\"widget\" data-widget_type=\"template.default\">\n\t\t\t\t<div class=\"elementor-widget-container\">\n\t\t\t\t\t<div class=\"elementor-template\">\n\t\t\t\t\t<div data-elementor-type=\"section\" data-elementor-id=\"5097\" class=\"elementor elementor-5097\" data-elementor-settings=\"[]\">\n\t\t<div class=\"elementor-section-wrap\">\n\t\t\t\t\t<section class=\"elementor-section elementor-top-section elementor-element elementor-element-9f88506 elementor-section-content-top elementor-section-boxed elementor-section-height-default elementor-section-height-default\" data-id=\"9f88506\" data-element_type=\"section\" data-settings=\"{&quot;background_background&quot;:&quot;classic&quot;}\">\n\t\t\t\t\t\t<div class=\"elementor-container elementor-column-gap-no\">\n\t\t\t\t\t\t\t<div class=\"elementor-row\">\n\t\t\t\t\t<div class=\"elementor-column elementor-col-50 elementor-top-column elementor-element elementor-element-5532853 sc_layouts_column_icons_position_left\" data-id=\"5532853\" data-element_type=\"column\">\n\t\t\t<div class=\"elementor-column-wrap elementor-element-populated\">\n\t\t\t\t\t\t\t<div class=\"elementor-widget-wrap\">\n\t\t\t\t\t\t<div class=\"elementor-element elementor-element-b2588f8 elementor-widget elementor-widget-image\" data-id=\"b2588f8\" data-element_type=\"widget\" data-widget_type=\"image.default\">\n\t\t\t\t<div class=\"elementor-widget-container\">\n\t\t\t\t\t\t\t\t<div class=\"elementor-image\">\n\t\t\t\t\t\t\t\t\t\t\t\t<img width=\"150\" height=\"150\" src=\"https:\/\/www.folk-travel.com\/wp-content\/uploads\/2020\/07\/Xavier-Florence-couple-photographes-150x150.jpg\" class=\"attachment-thumbnail size-thumbnail\" alt=\"photo couple photographe\" loading=\"lazy\" srcset=\"https:\/\/www.folk-travel.com\/wp-content\/uploads\/2020\/07\/Xavier-Florence-couple-photographes-150x150.jpg 150w, https:\/\/www.folk-travel.com\/wp-content\/uploads\/2020\/07\/Xavier-Florence-couple-photographes-90x90.jpg 90w, https:\/\/www.folk-travel.com\/wp-content\/uploads\/2020\/07\/Xavier-Florence-couple-photographes-370x370.jpg 370w\" sizes=\"(max-width: 150px) 100vw, 150px\" \/>\t\t\t\t\t\t\t\t\t\t\t\t\t\t<\/div>\n\t\t\t\t\t\t<\/div>\n\t\t\t\t<\/div>\n\t\t\t\t<div class=\"elementor-element elementor-element-bcd2314 elementor-widget elementor-widget-template\" data-id=\"bcd2314\" data-element_type=\"widget\" data-widget_type=\"template.default\">\n\t\t\t\t<div class=\"elementor-widget-container\">\n\t\t\t\t\t<div class=\"elementor-template\">\n\t\t\t\t\t<div data-elementor-type=\"section\" data-elementor-id=\"5112\" class=\"elementor elementor-5112\" data-elementor-settings=\"[]\">\n\t\t<div class=\"elementor-section-wrap\">\n\t\t\t\t\t<section class=\"elementor-section elementor-top-section elementor-element elementor-element-3612ca8 elementor-section-boxed elementor-section-height-default elementor-section-height-default\" data-id=\"3612ca8\" data-element_type=\"section\">\n\t\t\t\t\t\t<div class=\"elementor-container elementor-column-gap-extended\">\n\t\t\t\t\t\t\t<div class=\"elementor-row\">\n\t\t\t\t\t<div class=\"elementor-column elementor-col-100 elementor-top-column elementor-element elementor-element-781524e sc_layouts_column_icons_position_left\" data-id=\"781524e\" data-element_type=\"column\">\n\t\t\t<div class=\"elementor-column-wrap elementor-element-populated\">\n\t\t\t\t\t\t\t<div class=\"elementor-widget-wrap\">\n\t\t\t\t\t\t<div class=\"elementor-element elementor-element-2500df2 elementor-widget elementor-widget-image\" data-id=\"2500df2\" data-element_type=\"widget\" data-widget_type=\"image.default\">\n\t\t\t\t<div class=\"elementor-widget-container\">\n\t\t\t\t\t\t\t\t<div class=\"elementor-image\">\n\t\t\t\t\t\t\t\t\t\t\t\t\t<a href=\"https:\/\/www.instagram.com\/flography33\" target=\"_blank\">\n\t\t\t\t\t\t\t<img src=\"https:\/\/www.folk-travel.com\/wp-content\/uploads\/elementor\/thumbs\/instagram-icon-black-logo-ptui3sgwhhzma3cm6e07xu3riga4ludv69j1oq3t3s.png\" title=\"compte Instagram\" alt=\"logo noir instagram\" \/>\t\t\t\t\t\t\t\t<\/a>\n\t\t\t\t\t\t\t\t\t\t\t\t\t\t<\/div>\n\t\t\t\t\t\t<\/div>\n\t\t\t\t<\/div>\n\t\t\t\t<div class=\"elementor-element elementor-element-a2c2d0d elementor-absolute elementor-widget elementor-widget-image\" data-id=\"a2c2d0d\" data-element_type=\"widget\" data-settings=\"{&quot;_position&quot;:&quot;absolute&quot;}\" data-widget_type=\"image.default\">\n\t\t\t\t<div class=\"elementor-widget-container\">\n\t\t\t\t\t\t\t\t<div class=\"elementor-image\">\n\t\t\t\t\t\t\t\t\t\t\t\t\t<a href=\"https:\/\/www.instagram.com\/xavierdigitalnomad\" target=\"_blank\">\n\t\t\t\t\t\t\t<img src=\"https:\/\/www.folk-travel.com\/wp-content\/uploads\/elementor\/thumbs\/instagram-icon-black-logo-ptui3sgwhhzma3cm6e07xu3riga4ludv69j1oq3t3s.png\" title=\"compte Instagram\" alt=\"logo noir instagram\" \/>\t\t\t\t\t\t\t\t<\/a>\n\t\t\t\t\t\t\t\t\t\t\t\t\t\t<\/div>\n\t\t\t\t\t\t<\/div>\n\t\t\t\t<\/div>\n\t\t\t\t\t\t<\/div>\n\t\t\t\t\t<\/div>\n\t\t<\/div>\n\t\t\t\t\t\t\t\t<\/div>\n\t\t\t\t\t<\/div>\n\t\t<\/section>\n\t\t\t\t<\/div>\n\t\t<\/div>\n\t\t\t\t<\/div>\n\t\t\t\t<\/div>\n\t\t\t\t<\/div>\n\t\t\t\t\t\t<\/div>\n\t\t\t\t\t<\/div>\n\t\t<\/div>\n\t\t\t\t<div class=\"elementor-column elementor-col-50 elementor-top-column elementor-element elementor-element-9f5d2a5 sc_layouts_column_icons_position_left\" data-id=\"9f5d2a5\" data-element_type=\"column\">\n\t\t\t<div class=\"elementor-column-wrap elementor-element-populated\">\n\t\t\t\t\t\t\t<div class=\"elementor-widget-wrap\">\n\t\t\t\t\t\t<div class=\"elementor-element elementor-element-40d123e elementor-widget elementor-widget-heading\" data-id=\"40d123e\" data-element_type=\"widget\" data-widget_type=\"heading.default\">\n\t\t\t\t<div class=\"elementor-widget-container\">\n\t\t\t<span class=\"elementor-heading-title elementor-size-default\"><a href=\"https:\/\/www.folk-travel.com\/en\/about-us\/\" target=\"_blank\">Florence & Xavier<\/a><\/span>\t\t<\/div>\n\t\t\t\t<\/div>\n\t\t\t\t<div class=\"elementor-element elementor-element-76167c4 elementor-widget elementor-widget-spacer\" data-id=\"76167c4\" data-element_type=\"widget\" data-widget_type=\"spacer.default\">\n\t\t\t\t<div class=\"elementor-widget-container\">\n\t\t\t\t\t<div class=\"elementor-spacer\">\n\t\t\t<div class=\"elementor-spacer-inner\"><\/div>\n\t\t<\/div>\n\t\t\t\t<\/div>\n\t\t\t\t<\/div>\n\t\t\t\t<div class=\"elementor-element elementor-element-5c47899 elementor-widget elementor-widget-text-editor\" data-id=\"5c47899\" data-element_type=\"widget\" data-widget_type=\"text-editor.default\">\n\t\t\t\t<div class=\"elementor-widget-container\">\n\t\t\t\t\t\t\t\t<div class=\"elementor-text-editor elementor-clearfix\">\n\t\t\t\t<p>Founders of Folk-Travel<\/p>\t\t\t\t\t<\/div>\n\t\t\t\t\t\t<\/div>\n\t\t\t\t<\/div>\n\t\t\t\t<div class=\"elementor-element elementor-element-b70fcb3 elementor-widget elementor-widget-text-editor\" data-id=\"b70fcb3\" data-element_type=\"widget\" data-widget_type=\"text-editor.default\">\n\t\t\t\t<div class=\"elementor-widget-container\">\n\t\t\t\t\t\t\t\t<div class=\"elementor-text-editor elementor-clearfix\">\n\t\t\t\t<p>\u26f0\ufe0f Globetrotters and landscape photographer. We had a passion in common when we met, that of great landscapes.\u00a0 It was enough for us to travel all over the world in search of the most beautiful photogenic spots. We take time for details, authenticity while remaining natural. Back from our road-trips we reveal our best places.<br>&nbsp;We take time for details and authenticity while remaining natural. Back from our road-trips we reveal our best places.<\/p>\t\t\t\t\t<\/div>\n\t\t\t\t\t\t<\/div>\n\t\t\t\t<\/div>\n\t\t\t\t<div class=\"elementor-element elementor-element-49b5f32 elementor-widget elementor-widget-text-editor\" data-id=\"49b5f32\" data-element_type=\"widget\" data-widget_type=\"text-editor.default\">\n\t\t\t\t<div class=\"elementor-widget-container\">\n\t\t\t\t\t\t\t\t<div class=\"elementor-text-editor elementor-clearfix\">\n\t\t\t\t<p>Article published on :\u00a0<\/p>\t\t\t\t\t<\/div>\n\t\t\t\t\t\t<\/div>\n\t\t\t\t<\/div>\n\t\t\t\t<div class=\"elementor-element elementor-element-0693bd2 elementor-widget elementor-widget-post-info\" data-id=\"0693bd2\" data-element_type=\"widget\" data-widget_type=\"post-info.default\">\n\t\t\t\t<div class=\"elementor-widget-container\">\n\t\t\t\t\t<ul class=\"elementor-inline-items elementor-icon-list-items elementor-post-info\">\n\t\t\t\t\t\t\t\t<li class=\"elementor-icon-list-item elementor-repeater-item-cdab7de elementor-inline-item\" =\"datePublished\">\n\t\t\t\t\t\t<a href=\"https:\/\/www.folk-travel.com\/en\/2020\/05\/18\">\n\t\t\t\t\t\t\t\t\t\t\t<span class=\"elementor-icon-list-icon\">\n\t\t\t\t\t\t\t\t<svg aria-hidden=\"true\" class=\"e-font-icon-svg\"><use xlink:href=\"#fas-calendar\" \/><\/svg>\t\t\t\t\t\t\t<\/span>\n\t\t\t\t\t\t\t\t\t<span class=\"elementor-icon-list-text elementor-post-info__item elementor-post-info__item--type-date\">\n\t\t\t\t\t\t\t\t\t\tMay 18, 2020\t\t\t\t\t<\/span>\n\t\t\t\t\t\t\t\t\t<\/a>\n\t\t\t\t<\/li>\n\t\t\t\t<li class=\"elementor-icon-list-item elementor-repeater-item-198aebd elementor-inline-item\">\n\t\t\t\t\t\t\t\t\t\t<span class=\"elementor-icon-list-icon\">\n\t\t\t\t\t\t\t\t<svg aria-hidden=\"true\" class=\"e-font-icon-svg\"><use xlink:href=\"#far-clock\" \/><\/svg>\t\t\t\t\t\t\t<\/span>\n\t\t\t\t\t\t\t\t\t<span class=\"elementor-icon-list-text elementor-post-info__item elementor-post-info__item--type-time\">\n\t\t\t\t\t\t\t\t\t\t11:54\t\t\t\t\t<\/span>\n\t\t\t\t\t\t\t\t<\/li>\n\t\t\t\t<li class=\"elementor-icon-list-item elementor-repeater-item-c167582 elementor-inline-item\" =\"commentCount\">\n\t\t\t\t\t\t<a href=\"https:\/\/www.folk-travel.com\/en\/cascais-belem-what-to-do?noamp=mobile#comments\">\n\t\t\t\t\t\t\t\t\t\t\t<span class=\"elementor-icon-list-icon\">\n\t\t\t\t\t\t\t\t<svg aria-hidden=\"true\" class=\"e-font-icon-svg\"><use xlink:href=\"#far-comment-dots\" \/><\/svg>\t\t\t\t\t\t\t<\/span>\n\t\t\t\t\t\t\t\t\t<span class=\"elementor-icon-list-text elementor-post-info__item elementor-post-info__item--type-comments\">\n\t\t\t\t\t\t\t\t\t\tOne Comment\t\t\t\t\t<\/span>\n\t\t\t\t\t\t\t\t\t<\/a>\n\t\t\t\t<\/li>\n\t\t\t\t<\/ul>\n\t\t\t\t<\/div>\n\t\t\t\t<\/div>\n\t\t\t\t\t\t<\/div>\n\t\t\t\t\t<\/div>\n\t\t<\/div>\n\t\t\t\t\t\t\t\t<\/div>\n\t\t\t\t\t<\/div>\n\t\t<\/section>\n\t\t\t\t<section class=\"elementor-section elementor-top-section elementor-element elementor-element-0cfcd3c elementor-section-boxed elementor-section-height-default elementor-section-height-default\" data-id=\"0cfcd3c\" data-element_type=\"section\">\n\t\t\t\t\t\t<div class=\"elementor-container elementor-column-gap-extended\">\n\t\t\t\t\t\t\t<div class=\"elementor-row\">\n\t\t\t\t\t<div class=\"elementor-column elementor-col-50 elementor-top-column elementor-element elementor-element-87bc567 sc_layouts_column_icons_position_left\" data-id=\"87bc567\" data-element_type=\"column\">\n\t\t\t<div class=\"elementor-column-wrap\">\n\t\t\t\t\t\t\t<div class=\"elementor-widget-wrap\">\n\t\t\t\t\t\t\t\t<\/div>\n\t\t\t\t\t<\/div>\n\t\t<\/div>\n\t\t\t\t<div class=\"elementor-column elementor-col-50 elementor-top-column elementor-element elementor-element-eafb3cc sc_layouts_column_icons_position_left\" data-id=\"eafb3cc\" data-element_type=\"column\">\n\t\t\t<div class=\"elementor-column-wrap\">\n\t\t\t\t\t\t\t<div class=\"elementor-widget-wrap\">\n\t\t\t\t\t\t\t\t<\/div>\n\t\t\t\t\t<\/div>\n\t\t<\/div>\n\t\t\t\t\t\t\t\t<\/div>\n\t\t\t\t\t<\/div>\n\t\t<\/section>\n\t\t\t\t<\/div>\n\t\t<\/div>\n\t\t\t\t<\/div>\n\t\t\t\t<\/div>\n\t\t\t\t<\/div>\n\t\t\t\t\t\t<\/div>\n\t\t\t\t\t<\/div>\n\t\t<\/div>\n\t\t\t\t\t\t\t\t<\/div>\n\t\t\t\t\t<\/div>\n\t\t<\/section>\n\t\t\t\t\t\t<\/div>\n\t\t\t\t\t\t<\/div>\n\t\t\t\t\t<\/div>","protected":false},"excerpt":{"rendered":"<p>Visite de Bel\u00e9m et Cascais en 1 journ\u00e9e Notre road-trip \u00e0 Lisbonne se poursuit apr\u00e8s notre\u00a0visite de Lx Factory et Cristo Rey\u00a0cette fois-ci un peu&hellip;<\/p>","protected":false},"author":1,"featured_media":0,"comment_status":"open","ping_status":"open","sticky":false,"template":"","format":"standard","meta":[],"categories":[75],"tags":[120],"yoast_head":"<!-- This site is optimized with the Yoast SEO plugin v17.3 - https:\/\/yoast.com\/wordpress\/plugins\/seo\/ -->\n<title>Visiter Cascais et Bel\u00e9m en 1 journ\u00e9e - Alentours de Lisbonne<\/title>\n<meta name=\"description\" content=\"Le meilleur de Bel\u00e9m avec les visites \u00e0 faire, d\u00e9guster un pastel de nata avant de faire un plongeon \u00e0 la plage de Cascais et la vue de Boca do Inferno.\" \/>\n<meta name=\"robots\" content=\"index, follow, max-snippet:-1, max-image-preview:large, max-video-preview:-1\" \/>\n<link rel=\"canonical\" href=\"https:\/\/www.folk-travel.com\/en\/cascais-belem-what-to-do\/\" \/>\n<meta property=\"og:locale\" content=\"en_US\" \/>\n<meta property=\"og:type\" content=\"article\" \/>\n<meta property=\"og:title\" content=\"Visiter Cascais et Bel\u00e9m en 1 journ\u00e9e - Alentours de Lisbonne\" \/>\n<meta property=\"og:description\" content=\"Le meilleur de Bel\u00e9m avec les visites \u00e0 faire, d\u00e9guster un pastel de nata avant de faire un plongeon \u00e0 la plage de Cascais et la vue de Boca do Inferno.\" \/>\n<meta property=\"og:url\" content=\"https:\/\/www.folk-travel.com\/en\/cascais-belem-what-to-do\/\" \/>\n<meta property=\"og:site_name\" content=\"FOLK-TRAVEL : Blog du voyage populaire\" \/>\n<meta property=\"article:published_time\" content=\"2020-05-18T11:54:03+00:00\" \/>\n<meta property=\"article:modified_time\" content=\"2021-06-29T17:38:50+00:00\" \/>\n<meta property=\"og:image\" content=\"https:\/\/www.folk-travel.com\/wp-content\/uploads\/2020\/05\/statue-decouvertes-lisbonne-scaled-768x1024.jpg\" \/>\n<meta name=\"twitter:card\" content=\"summary_large_image\" \/>\n<meta name=\"twitter:label1\" content=\"Written by\" \/>\n\t<meta name=\"twitter:data1\" content=\"Folk Travel\" \/>\n\t<meta name=\"twitter:label2\" content=\"Est. reading time\" \/>\n\t<meta name=\"twitter:data2\" content=\"7 minutes\" \/>\n<!-- \/ Yoast SEO plugin. -->","yoast_head_json":{"title":"Visiter Cascais et Bel\u00e9m en 1 journ\u00e9e - Alentours de Lisbonne","description":"Le meilleur de Bel\u00e9m avec les visites \u00e0 faire, d\u00e9guster un pastel de nata avant de faire un plongeon \u00e0 la plage de Cascais et la vue de Boca do Inferno.","robots":{"index":"index","follow":"follow","max-snippet":"max-snippet:-1","max-image-preview":"max-image-preview:large","max-video-preview":"max-video-preview:-1"},"canonical":"https:\/\/www.folk-travel.com\/en\/cascais-belem-what-to-do\/","og_locale":"en_US","og_type":"article","og_title":"Visiter Cascais et Bel\u00e9m en 1 journ\u00e9e - Alentours de Lisbonne","og_description":"Le meilleur de Bel\u00e9m avec les visites \u00e0 faire, d\u00e9guster un pastel de nata avant de faire un plongeon \u00e0 la plage de Cascais et la vue de Boca do Inferno.","og_url":"https:\/\/www.folk-travel.com\/en\/cascais-belem-what-to-do\/","og_site_name":"FOLK-TRAVEL : Blog du voyage populaire","article_published_time":"2020-05-18T11:54:03+00:00","article_modified_time":"2021-06-29T17:38:50+00:00","og_image":[{"url":"https:\/\/www.folk-travel.com\/wp-content\/uploads\/2020\/05\/statue-decouvertes-lisbonne-scaled-768x1024.jpg"}],"twitter_card":"summary_large_image","twitter_misc":{"Written by":"Folk Travel","Est. reading time":"7 minutes"},"schema":{"@context":"https:\/\/schema.org","@graph":[{"@type":"WebSite","@id":"https:\/\/www.folk-travel.com\/#website","url":"https:\/\/www.folk-travel.com\/","name":"FOLK-TRAVEL : Blog du voyage populaire","description":"Voyageons autour du monde","publisher":{"@id":"https:\/\/www.folk-travel.com\/#\/schema\/person\/ee3201678fc1acb9e44c537d3af4d403"},"potentialAction":[{"@type":"SearchAction","target":{"@type":"EntryPoint","urlTemplate":"https:\/\/www.folk-travel.com\/?s={search_term_string}"},"query-input":"required name=search_term_string"}],"inLanguage":"en-US"},{"@type":"ImageObject","@id":"https:\/\/www.folk-travel.com\/cascais-belem-quoi-faire#primaryimage","inLanguage":"en-US","url":"https:\/\/www.folk-travel.com\/wp-content\/uploads\/2020\/05\/statue-decouvertes-lisbonne-scaled.jpg","contentUrl":"https:\/\/www.folk-travel.com\/wp-content\/uploads\/2020\/05\/statue-decouvertes-lisbonne-scaled.jpg","width":1600,"height":2133,"caption":"Monument des d\u00e9couvertes \u00e0 Lisbonne"},{"@type":"WebPage","@id":"https:\/\/www.folk-travel.com\/cascais-belem-quoi-faire#webpage","url":"https:\/\/www.folk-travel.com\/cascais-belem-quoi-faire","name":"Visiter Cascais et Bel\u00e9m en 1 journ\u00e9e - Alentours de Lisbonne","isPartOf":{"@id":"https:\/\/www.folk-travel.com\/#website"},"primaryImageOfPage":{"@id":"https:\/\/www.folk-travel.com\/cascais-belem-quoi-faire#primaryimage"},"datePublished":"2020-05-18T11:54:03+00:00","dateModified":"2021-06-29T17:38:50+00:00","description":"Le meilleur de Bel\u00e9m avec les visites \u00e0 faire, d\u00e9guster un pastel de nata avant de faire un plongeon \u00e0 la plage de Cascais et la vue de Boca do Inferno.","breadcrumb":{"@id":"https:\/\/www.folk-travel.com\/cascais-belem-quoi-faire#breadcrumb"},"inLanguage":"en-US","potentialAction":[{"@type":"ReadAction","target":["https:\/\/www.folk-travel.com\/cascais-belem-quoi-faire"]}]},{"@type":"BreadcrumbList","@id":"https:\/\/www.folk-travel.com\/cascais-belem-quoi-faire#breadcrumb","itemListElement":[{"@type":"ListItem","position":1,"name":"Accueil","item":"https:\/\/www.folk-travel.com\/"},{"@type":"ListItem","position":2,"name":"Cascais et Bel\u00e9m en une journ\u00e9e"}]},{"@type":"Article","@id":"https:\/\/www.folk-travel.com\/cascais-belem-quoi-faire#article","isPartOf":{"@id":"https:\/\/www.folk-travel.com\/cascais-belem-quoi-faire#webpage"},"author":{"@id":"https:\/\/www.folk-travel.com\/#\/schema\/person\/ee3201678fc1acb9e44c537d3af4d403"},"headline":"Cascais et Bel\u00e9m en une journ\u00e9e","datePublished":"2020-05-18T11:54:03+00:00","dateModified":"2021-06-29T17:38:50+00:00","mainEntityOfPage":{"@id":"https:\/\/www.folk-travel.com\/cascais-belem-quoi-faire#webpage"},"wordCount":1384,"commentCount":1,"publisher":{"@id":"https:\/\/www.folk-travel.com\/#\/schema\/person\/ee3201678fc1acb9e44c537d3af4d403"},"image":{"@id":"https:\/\/www.folk-travel.com\/cascais-belem-quoi-faire#primaryimage"},"thumbnailUrl":"https:\/\/www.folk-travel.com\/wp-content\/uploads\/2020\/05\/statue-decouvertes-lisbonne-scaled-768x1024.jpg","keywords":["portugal"],"articleSection":["Voyage"],"inLanguage":"en-US","potentialAction":[{"@type":"CommentAction","name":"Comment","target":["https:\/\/www.folk-travel.com\/cascais-belem-quoi-faire#respond"]}]},{"@type":["Person","Organization"],"@id":"https:\/\/www.folk-travel.com\/#\/schema\/person\/ee3201678fc1acb9e44c537d3af4d403","name":"Folk Travel","image":{"@type":"ImageObject","@id":"https:\/\/www.folk-travel.com\/#personlogo","inLanguage":"en-US","url":"https:\/\/www.folk-travel.com\/wp-content\/uploads\/2020\/07\/Xavier-Florence-couple-photographes-scaled-e1636901092934.jpg","contentUrl":"https:\/\/www.folk-travel.com\/wp-content\/uploads\/2020\/07\/Xavier-Florence-couple-photographes-scaled-e1636901092934.jpg","caption":"Folk Travel"},"logo":{"@id":"https:\/\/www.folk-travel.com\/#personlogo"},"url":"https:\/\/www.folk-travel.com\/en\/author\/folktravel33"}]}},"amp_enabled":true,"_links":{"self":[{"href":"https:\/\/www.folk-travel.com\/en\/wp-json\/wp\/v2\/posts\/4323"}],"collection":[{"href":"https:\/\/www.folk-travel.com\/en\/wp-json\/wp\/v2\/posts"}],"about":[{"href":"https:\/\/www.folk-travel.com\/en\/wp-json\/wp\/v2\/types\/post"}],"author":[{"embeddable":true,"href":"https:\/\/www.folk-travel.com\/en\/wp-json\/wp\/v2\/users\/1"}],"replies":[{"embeddable":true,"href":"https:\/\/www.folk-travel.com\/en\/wp-json\/wp\/v2\/comments?post=4323"}],"version-history":[{"count":3,"href":"https:\/\/www.folk-travel.com\/en\/wp-json\/wp\/v2\/posts\/4323\/revisions"}],"predecessor-version":[{"id":5746,"href":"https:\/\/www.folk-travel.com\/en\/wp-json\/wp\/v2\/posts\/4323\/revisions\/5746"}],"wp:attachment":[{"href":"https:\/\/www.folk-travel.com\/en\/wp-json\/wp\/v2\/media?parent=4323"}],"wp:term":[{"taxonomy":"category","embeddable":true,"href":"https:\/\/www.folk-travel.com\/en\/wp-json\/wp\/v2\/categories?post=4323"},{"taxonomy":"post_tag","embeddable":true,"href":"https:\/\/www.folk-travel.com\/en\/wp-json\/wp\/v2\/tags?post=4323"}],"curies":[{"name":"wp","href":"https:\/\/api.w.org\/{rel}","templated":true}]}}