{"id":3892,"date":"2020-05-10T14:48:35","date_gmt":"2020-05-10T14:48:35","guid":{"rendered":"https:\/\/www.folk-travel.com\/?p=3892"},"modified":"2022-07-17T08:54:02","modified_gmt":"2022-07-17T08:54:02","slug":"visiter-lisbonne-que-faire","status":"publish","type":"post","link":"https:\/\/www.folk-travel.com\/en\/visit-lisbon-what-to-do","title":{"rendered":"visit lisbon"},"content":{"rendered":"<div data-elementor-type=\"wp-post\" data-elementor-id=\"3892\" class=\"elementor elementor-3892\" data-elementor-settings=\"[]\">\n\t\t\t\t\t\t<div class=\"elementor-inner\">\n\t\t\t\t\t\t\t<div class=\"elementor-section-wrap\">\n\t\t\t\t\t\t\t<section class=\"elementor-section elementor-top-section elementor-element elementor-element-a8b36b4 elementor-section-stretched elementor-section-full_width elementor-section-height-min-height elementor-section-height-default elementor-section-items-middle\" data-id=\"a8b36b4\" data-element_type=\"section\" data-settings=\"{&quot;stretch_section&quot;:&quot;section-stretched&quot;,&quot;background_background&quot;:&quot;classic&quot;,&quot;background_motion_fx_motion_fx_scrolling&quot;:&quot;yes&quot;,&quot;background_motion_fx_opacity_effect&quot;:&quot;yes&quot;,&quot;background_motion_fx_opacity_direction&quot;:&quot;in-out&quot;,&quot;background_motion_fx_opacity_level&quot;:{&quot;unit&quot;:&quot;px&quot;,&quot;size&quot;:7.5,&quot;sizes&quot;:[]},&quot;background_motion_fx_opacity_range&quot;:{&quot;unit&quot;:&quot;%&quot;,&quot;size&quot;:&quot;&quot;,&quot;sizes&quot;:{&quot;start&quot;:62,&quot;end&quot;:91}},&quot;background_motion_fx_blur_effect&quot;:&quot;yes&quot;,&quot;background_motion_fx_blur_direction&quot;:&quot;in-out&quot;,&quot;background_motion_fx_blur_level&quot;:{&quot;unit&quot;:&quot;px&quot;,&quot;size&quot;:3,&quot;sizes&quot;:[]},&quot;background_motion_fx_blur_range&quot;:{&quot;unit&quot;:&quot;%&quot;,&quot;size&quot;:&quot;&quot;,&quot;sizes&quot;:{&quot;start&quot;:66,&quot;end&quot;:96}},&quot;background_motion_fx_devices&quot;:[&quot;desktop&quot;,&quot;tablet&quot;,&quot;mobile&quot;]}\">\n\t\t\t\t\t\t<div class=\"elementor-container elementor-column-gap-extended\">\n\t\t\t\t\t\t\t<div class=\"elementor-row\">\n\t\t\t\t\t<div class=\"elementor-column elementor-col-100 elementor-top-column elementor-element elementor-element-7a297c7 sc_layouts_column_icons_position_left\" data-id=\"7a297c7\" data-element_type=\"column\">\n\t\t\t<div class=\"elementor-column-wrap elementor-element-populated\">\n\t\t\t\t\t\t\t<div class=\"elementor-widget-wrap\">\n\t\t\t\t\t\t<div class=\"elementor-element elementor-element-e60327b style-text-descr elementor-widget elementor-widget-heading\" data-id=\"e60327b\" data-element_type=\"widget\" data-widget_type=\"heading.default\">\n\t\t\t\t<div class=\"elementor-widget-container\">\n\t\t\t<h1 class=\"elementor-heading-title elementor-size-xxl\">Visit Lisbon in 3 days<\/h1>\t\t<\/div>\n\t\t\t\t<\/div>\n\t\t\t\t\t\t<\/div>\n\t\t\t\t\t<\/div>\n\t\t<\/div>\n\t\t\t\t\t\t\t\t<\/div>\n\t\t\t\t\t<\/div>\n\t\t<\/section>\n\t\t\t\t<section class=\"elementor-section elementor-top-section elementor-element elementor-element-f8baba9 elementor-section-full_width elementor-section-height-default elementor-section-height-default\" data-id=\"f8baba9\" data-element_type=\"section\">\n\t\t\t\t\t\t<div class=\"elementor-container elementor-column-gap-wider\">\n\t\t\t\t\t\t\t<div class=\"elementor-row\">\n\t\t\t\t\t<div class=\"elementor-column elementor-col-100 elementor-top-column elementor-element elementor-element-1bd83e9 sc_layouts_column_icons_position_left\" data-id=\"1bd83e9\" data-element_type=\"column\">\n\t\t\t<div class=\"elementor-column-wrap elementor-element-populated\">\n\t\t\t\t\t\t\t<div class=\"elementor-widget-wrap\">\n\t\t\t\t\t\t<div class=\"elementor-element elementor-element-dd5be74 elementor-widget elementor-widget-text-editor\" data-id=\"dd5be74\" data-element_type=\"widget\" data-widget_type=\"text-editor.default\">\n\t\t\t\t<div class=\"elementor-widget-container\">\n\t\t\t\t\t\t\t\t<div class=\"elementor-text-editor elementor-clearfix\">\n\t\t\t\t<p>Lisbon is the <b>biggest city in Portugal<\/b> spread over seven hills. You must therefore be prepared for the steep alleys and stairs that offer a panoramic view of the city.\u00a0\u00a0<span style=\"font-size: 17px; background-color: rgba(229, 229, 229, 0); letter-spacing: -0.6px;\">To visit Lisbon it takes several days because the city is full of tourist sites which makes all its charm.\u00a0<\/span><span style=\"font-size: 17px; background-color: rgba(229, 229, 229, 0); letter-spacing: -0.6px;\">The streets are narrow, you can quickly get lost in them, that's why Folk-Travel<\/span><b style=\"font-family: inherit; font-style: inherit; background-color: rgba(229, 229, 229, 0); letter-spacing: -0.6px;\"> <\/b><span style=\"font-size: 17px; background-color: rgba(229, 229, 229, 0); letter-spacing: -0.6px;\">so you can find out all about the <\/span><b style=\"font-family: inherit; font-style: inherit; background-color: rgba(229, 229, 229, 0); letter-spacing: -0.6px;\">visits to be made to Lisbon<\/b><span style=\"font-size: 17px; background-color: rgba(229, 229, 229, 0); letter-spacing: -0.6px;\">.<\/span><\/p>\t\t\t\t\t<\/div>\n\t\t\t\t\t\t<\/div>\n\t\t\t\t<\/div>\n\t\t\t\t<div class=\"elementor-element elementor-element-e746ca4 elementor-toc--minimized-on-tablet elementor-widget elementor-widget-table-of-contents\" data-id=\"e746ca4\" data-element_type=\"widget\" data-settings=\"{&quot;exclude_headings_by_selector&quot;:[],&quot;marker_view&quot;:&quot;bullets&quot;,&quot;headings_by_tags&quot;:[&quot;h2&quot;,&quot;h3&quot;,&quot;h4&quot;],&quot;icon&quot;:{&quot;value&quot;:&quot;fas fa-circle&quot;,&quot;library&quot;:&quot;fa-solid&quot;,&quot;rendered_tag&quot;:&quot;&lt;svg class=\\&quot;e-font-icon-svg\\&quot;&gt;&lt;use xlink:href=\\&quot;#fas-circle\\&quot; \\\/&gt;&lt;\\\/svg&gt;&quot;},&quot;minimize_box&quot;:&quot;yes&quot;,&quot;minimized_on&quot;:&quot;tablet&quot;,&quot;hierarchical_view&quot;:&quot;yes&quot;,&quot;min_height&quot;:{&quot;unit&quot;:&quot;px&quot;,&quot;size&quot;:&quot;&quot;,&quot;sizes&quot;:[]},&quot;min_height_tablet&quot;:{&quot;unit&quot;:&quot;px&quot;,&quot;size&quot;:&quot;&quot;,&quot;sizes&quot;:[]},&quot;min_height_mobile&quot;:{&quot;unit&quot;:&quot;px&quot;,&quot;size&quot;:&quot;&quot;,&quot;sizes&quot;:[]}}\" data-widget_type=\"table-of-contents.default\">\n\t\t\t\t<div class=\"elementor-widget-container\">\n\t\t\t\t\t<div class=\"elementor-toc__header\">\n\t\t\t<h5 class=\"elementor-toc__header-title\">\n\t\t\t\tQue faire, quoi faire \u00e0 Lisbonne\t\t\t<\/h5>\n\t\t\t\t\t\t\t<div class=\"elementor-toc__toggle-button elementor-toc__toggle-button--expand\"><svg class=\"e-font-icon-svg\"><use xlink:href=\"#fas-chevron-down\" \/><\/svg><\/div>\n\t\t\t\t<div class=\"elementor-toc__toggle-button elementor-toc__toggle-button--collapse\"><svg class=\"e-font-icon-svg\"><use xlink:href=\"#fas-chevron-up\" \/><\/svg><\/div>\n\t\t\t\t\t<\/div>\n\t\t<div class=\"elementor-toc__body\">\n\t\t\t<div class=\"elementor-toc__spinner-container\">\n\t\t\t\t<i class=\"elementor-toc__spinner eicon-animation-spin eicon-loading\" aria-hidden=\"true\"><\/i>\t\t\t<\/div>\n\t\t<\/div>\n\t\t\t\t<\/div>\n\t\t\t\t<\/div>\n\t\t\t\t\t\t<\/div>\n\t\t\t\t\t<\/div>\n\t\t<\/div>\n\t\t\t\t\t\t\t\t<\/div>\n\t\t\t\t\t<\/div>\n\t\t<\/section>\n\t\t\t\t<section class=\"elementor-section elementor-top-section elementor-element elementor-element-8189dd6 elementor-section-boxed elementor-section-height-default elementor-section-height-default\" data-id=\"8189dd6\" data-element_type=\"section\">\n\t\t\t\t\t\t<div class=\"elementor-container elementor-column-gap-extended\">\n\t\t\t\t\t\t\t<div class=\"elementor-row\">\n\t\t\t\t\t<div class=\"elementor-column elementor-col-100 elementor-top-column elementor-element elementor-element-6834ab7 sc_layouts_column_icons_position_left\" data-id=\"6834ab7\" data-element_type=\"column\">\n\t\t\t<div class=\"elementor-column-wrap elementor-element-populated\">\n\t\t\t\t\t\t\t<div class=\"elementor-widget-wrap\">\n\t\t\t\t\t\t<div class=\"elementor-element elementor-element-1f61dc7 elementor-widget elementor-widget-heading\" data-id=\"1f61dc7\" data-element_type=\"widget\" data-widget_type=\"heading.default\">\n\t\t\t\t<div class=\"elementor-widget-container\">\n\t\t\t<h2 class=\"elementor-heading-title elementor-size-default\">How to get to Lisbon<\/h2>\t\t<\/div>\n\t\t\t\t<\/div>\n\t\t\t\t<div class=\"elementor-element elementor-element-677578d elementor-widget elementor-widget-text-editor\" data-id=\"677578d\" data-element_type=\"widget\" data-widget_type=\"text-editor.default\">\n\t\t\t\t<div class=\"elementor-widget-container\">\n\t\t\t\t\t\t\t\t<div class=\"elementor-text-editor elementor-clearfix\">\n\t\t\t\t<p>Generally speaking, the easiest way to go to Lisbon is to fly with several low-cost airlines such as easyJet, Ryanair but also TAP Portugal, Iberia or Air France.\u00a0<span style=\"font-size: 17px; background-color: rgba(229, 229, 229, 0); letter-spacing: -0.6px;\">We left Bordeaux airport in France at the beginning of May and reached Lisbon in 2 hours. Please note that you have 1 hour time difference in Portugal.<\/span><\/p>\t\t\t\t\t<\/div>\n\t\t\t\t\t\t<\/div>\n\t\t\t\t<\/div>\n\t\t\t\t<div class=\"elementor-element elementor-element-bafc3b2 elementor-widget elementor-widget-heading\" data-id=\"bafc3b2\" data-element_type=\"widget\" data-widget_type=\"heading.default\">\n\t\t\t\t<div class=\"elementor-widget-container\">\n\t\t\t<h2 class=\"elementor-heading-title elementor-size-default\">How to visit Lisbon<\/h2>\t\t<\/div>\n\t\t\t\t<\/div>\n\t\t\t\t\t\t<\/div>\n\t\t\t\t\t<\/div>\n\t\t<\/div>\n\t\t\t\t\t\t\t\t<\/div>\n\t\t\t\t\t<\/div>\n\t\t<\/section>\n\t\t\t\t<section class=\"elementor-section elementor-top-section elementor-element elementor-element-18ca80e elementor-section-boxed elementor-section-height-default elementor-section-height-default\" data-id=\"18ca80e\" data-element_type=\"section\">\n\t\t\t\t\t\t<div class=\"elementor-container elementor-column-gap-default\">\n\t\t\t\t\t\t\t<div class=\"elementor-row\">\n\t\t\t\t\t<div class=\"elementor-column elementor-col-100 elementor-top-column elementor-element elementor-element-4da8179 sc_layouts_column_icons_position_left\" data-id=\"4da8179\" data-element_type=\"column\">\n\t\t\t<div class=\"elementor-column-wrap elementor-element-populated\">\n\t\t\t\t\t\t\t<div class=\"elementor-widget-wrap\">\n\t\t\t\t\t\t<div class=\"elementor-element elementor-element-67619cc elementor-widget elementor-widget-text-editor\" data-id=\"67619cc\" data-element_type=\"widget\" data-widget_type=\"text-editor.default\">\n\t\t\t\t<div class=\"elementor-widget-container\">\n\t\t\t\t\t\t\t\t<div class=\"elementor-text-editor elementor-clearfix\">\n\t\t\t\t<p><span style=\"font-family: 'Trebuchet MS', sans-serif; font-size: 17px; font-style: normal; font-weight: 400; letter-spacing: -0.6px; background-color: rgba(229, 229, 229, 0);\">Therefore you don't need vehicles to visit Lisbon, a good pair of basketball shoes will be your best ally. The only way to get to B\u00e9lem is by public transport.<\/span><\/p><p style=\"font-family: 'Trebuchet MS', sans-serif; font-size: 17px; font-weight: 400; font-style: normal; letter-spacing: -0.6px;\">Here is the map divided by districts: click on it for details<\/p>\t\t\t\t\t<\/div>\n\t\t\t\t\t\t<\/div>\n\t\t\t\t<\/div>\n\t\t\t\t\t\t<\/div>\n\t\t\t\t\t<\/div>\n\t\t<\/div>\n\t\t\t\t\t\t\t\t<\/div>\n\t\t\t\t\t<\/div>\n\t\t<\/section>\n\t\t\t\t<section class=\"elementor-section elementor-top-section elementor-element elementor-element-1f3013b elementor-section-boxed elementor-section-height-default elementor-section-height-default\" data-id=\"1f3013b\" data-element_type=\"section\">\n\t\t\t\t\t\t<div class=\"elementor-container elementor-column-gap-extended\">\n\t\t\t\t\t\t\t<div class=\"elementor-row\">\n\t\t\t\t\t<div class=\"elementor-column elementor-col-100 elementor-top-column elementor-element elementor-element-68ff56d sc_layouts_column_icons_position_left\" data-id=\"68ff56d\" data-element_type=\"column\">\n\t\t\t<div class=\"elementor-column-wrap elementor-element-populated\">\n\t\t\t\t\t\t\t<div class=\"elementor-widget-wrap\">\n\t\t\t\t\t\t<div class=\"elementor-element elementor-element-ccc989c elementor-widget elementor-widget-image\" data-id=\"ccc989c\" data-element_type=\"widget\" data-widget_type=\"image.default\">\n\t\t\t\t<div class=\"elementor-widget-container\">\n\t\t\t\t\t\t\t\t<div class=\"elementor-image\">\n\t\t\t\t\t\t\t\t\t\t\t\t\t<a href=\"https:\/\/www.google.com\/maps\/d\/viewer?mid=14J1GluB50r6WbXl4HgWGpAL8Nm3SMUqb&#038;ll=38.724732394360046%2C-9.13541435000002&#038;z=12\">\n\t\t\t\t\t\t\t<img width=\"768\" height=\"417\" src=\"https:\/\/www.folk-travel.com\/wp-content\/uploads\/2020\/05\/carte-quartiers-Lisbonne-768x417.png\" class=\"attachment-medium_large size-medium_large\" alt=\"carte des quartiers de Lisbonne\" loading=\"lazy\" srcset=\"https:\/\/www.folk-travel.com\/wp-content\/uploads\/2020\/05\/carte-quartiers-Lisbonne-768x417.png 768w, https:\/\/www.folk-travel.com\/wp-content\/uploads\/2020\/05\/carte-quartiers-Lisbonne-300x163.png 300w, https:\/\/www.folk-travel.com\/wp-content\/uploads\/2020\/05\/carte-quartiers-Lisbonne-16x9.png 16w, https:\/\/www.folk-travel.com\/wp-content\/uploads\/2020\/05\/carte-quartiers-Lisbonne-370x201.png 370w, https:\/\/www.folk-travel.com\/wp-content\/uploads\/2020\/05\/carte-quartiers-Lisbonne-760x412.png 760w, https:\/\/www.folk-travel.com\/wp-content\/uploads\/2020\/05\/carte-quartiers-Lisbonne.png 800w\" sizes=\"(max-width: 768px) 100vw, 768px\" \/>\t\t\t\t\t\t\t\t<\/a>\n\t\t\t\t\t\t\t\t\t\t\t\t\t\t<\/div>\n\t\t\t\t\t\t<\/div>\n\t\t\t\t<\/div>\n\t\t\t\t<div class=\"elementor-element elementor-element-8420452 elementor-invisible elementor-widget elementor-widget-heading\" data-id=\"8420452\" data-element_type=\"widget\" data-settings=\"{&quot;_animation&quot;:&quot;slideInLeft&quot;}\" data-widget_type=\"heading.default\">\n\t\t\t\t<div class=\"elementor-widget-container\">\n\t\t\t<h3 class=\"elementor-heading-title elementor-size-default\">Baixa and Chiado District<\/h3>\t\t<\/div>\n\t\t\t\t<\/div>\n\t\t\t\t<div class=\"elementor-element elementor-element-5a7fadd elementor-widget elementor-widget-text-editor\" data-id=\"5a7fadd\" data-element_type=\"widget\" data-widget_type=\"text-editor.default\">\n\t\t\t\t<div class=\"elementor-widget-container\">\n\t\t\t\t\t\t\t\t<div class=\"elementor-text-editor elementor-clearfix\">\n\t\t\t\t<p>We enter the Baixa district, with a neighbourhood made up of parallel streets. A total of eight streets run parallel to each other. Each of them has its own lively streets, each one with numerous restaurants, caf\u00e9s, clothes shops and souvenir shops. Here are the <u>best things to do in the Baixa neighborhood<\/u> :<\/p><p>\u00a0<\/p>\t\t\t\t\t<\/div>\n\t\t\t\t\t\t<\/div>\n\t\t\t\t<\/div>\n\t\t\t\t<div class=\"elementor-element elementor-element-7cf3071 elementor-widget elementor-widget-heading\" data-id=\"7cf3071\" data-element_type=\"widget\" data-widget_type=\"heading.default\">\n\t\t\t\t<div class=\"elementor-widget-container\">\n\t\t\t<h4 class=\"elementor-heading-title elementor-size-default\">Commerce Square<\/h4>\t\t<\/div>\n\t\t\t\t<\/div>\n\t\t\t\t<div class=\"elementor-element elementor-element-f15b802 elementor-widget elementor-widget-text-editor\" data-id=\"f15b802\" data-element_type=\"widget\" data-widget_type=\"text-editor.default\">\n\t\t\t\t<div class=\"elementor-widget-container\">\n\t\t\t\t\t\t\t\t<div class=\"elementor-text-editor elementor-clearfix\">\n\t\t\t\t<p>Before the earthquake of 1755, the palace with the castle of the Royal Bank was here.\u00a0 When you arrive at the trading place the square is impressive by its grandeur with the Tagus river at the back.<br \/><span style=\"font-family: Convergence, sans-serif; font-size: 17px; font-style: normal; font-weight: 400; letter-spacing: -0.6px;\">It is the tourist place par excellence with the Arc de Triomphe, some of the statues at the top come from the French sculptor.\u00a0<\/span><strong style=\"font-family: Convergence, sans-serif; font-size: 17px; font-style: normal; margin-bottom: 0px; letter-spacing: -0.6px;\">C\u00e9lestin Anatole Calmels.<br \/><\/strong><span style=\"font-family: Convergence, sans-serif; font-size: 17px; font-style: normal; font-weight: 400; letter-spacing: -0.6px;\">Passing under the triumphal arch, you enter the Rua Augusta in the north.\u00a0 For 3,55$ you can go to the top of the arch.<\/span><\/p>\t\t\t\t\t<\/div>\n\t\t\t\t\t\t<\/div>\n\t\t\t\t<\/div>\n\t\t\t\t<div class=\"elementor-element elementor-element-6b39c8a elementor-widget elementor-widget-image\" data-id=\"6b39c8a\" data-element_type=\"widget\" data-widget_type=\"image.default\">\n\t\t\t\t<div class=\"elementor-widget-container\">\n\t\t\t\t\t\t\t\t<div class=\"elementor-image\">\n\t\t\t\t\t\t\t\t\t\t\t\t<img width=\"1024\" height=\"683\" src=\"https:\/\/www.folk-travel.com\/wp-content\/uploads\/2020\/05\/place-Commerce-Lisbonne-2-1024x683.jpg\" class=\"attachment-large size-large\" alt=\"place du Commerce avec des touristes \u00e0 Lisbonne\" loading=\"lazy\" srcset=\"https:\/\/www.folk-travel.com\/wp-content\/uploads\/2020\/05\/place-Commerce-Lisbonne-2-1024x683.jpg 1024w, https:\/\/www.folk-travel.com\/wp-content\/uploads\/2020\/05\/place-Commerce-Lisbonne-2-300x200.jpg 300w, https:\/\/www.folk-travel.com\/wp-content\/uploads\/2020\/05\/place-Commerce-Lisbonne-2-768x512.jpg 768w, https:\/\/www.folk-travel.com\/wp-content\/uploads\/2020\/05\/place-Commerce-Lisbonne-2-1536x1024.jpg 1536w, https:\/\/www.folk-travel.com\/wp-content\/uploads\/2020\/05\/place-Commerce-Lisbonne-2-16x12.jpg 16w, https:\/\/www.folk-travel.com\/wp-content\/uploads\/2020\/05\/place-Commerce-Lisbonne-2-370x247.jpg 370w, https:\/\/www.folk-travel.com\/wp-content\/uploads\/2020\/05\/place-Commerce-Lisbonne-2-760x507.jpg 760w, https:\/\/www.folk-travel.com\/wp-content\/uploads\/2020\/05\/place-Commerce-Lisbonne-2.jpg 1600w\" sizes=\"(max-width: 1024px) 100vw, 1024px\" \/>\t\t\t\t\t\t\t\t\t\t\t\t\t\t<\/div>\n\t\t\t\t\t\t<\/div>\n\t\t\t\t<\/div>\n\t\t\t\t<div class=\"elementor-element elementor-element-ef183c2 elementor-widget elementor-widget-heading\" data-id=\"ef183c2\" data-element_type=\"widget\" data-widget_type=\"heading.default\">\n\t\t\t\t<div class=\"elementor-widget-container\">\n\t\t\t<h4 class=\"elementor-heading-title elementor-size-default\">Augusta Street<\/h4>\t\t<\/div>\n\t\t\t\t<\/div>\n\t\t\t\t<div class=\"elementor-element elementor-element-ce580f3 elementor-widget elementor-widget-text-editor\" data-id=\"ce580f3\" data-element_type=\"widget\" data-widget_type=\"text-editor.default\">\n\t\t\t\t<div class=\"elementor-widget-container\">\n\t\t\t\t\t\t\t\t<div class=\"elementor-text-editor elementor-clearfix\">\n\t\t\t\t<p>We pass under the triumphal arch and go directly to Augusta Street. We invite you to take a coffee break and watch the artists and the crowd. Let's take the road along Rua Augusta, at the corner of Rua Santa Justa look to the left, raise your eyes to the sky to see the<b>Santa Justa Elevator<\/b>.<br \/>If you continue to the end of Rua Augusta you will arrive directly at the Rossio, Figueira and Restauradores squares.\u00a0<\/p>\t\t\t\t\t<\/div>\n\t\t\t\t\t\t<\/div>\n\t\t\t\t<\/div>\n\t\t\t\t<div class=\"elementor-element elementor-element-50b050c elementor-widget elementor-widget-image\" data-id=\"50b050c\" data-element_type=\"widget\" data-widget_type=\"image.default\">\n\t\t\t\t<div class=\"elementor-widget-container\">\n\t\t\t\t\t\t\t\t<div class=\"elementor-image\">\n\t\t\t\t\t\t\t\t\t\t\t\t<img width=\"768\" height=\"1024\" src=\"https:\/\/www.folk-travel.com\/wp-content\/uploads\/2020\/05\/rue-Augusta-Lisbonne-768x1024.jpg\" class=\"attachment-medium_large size-medium_large\" alt=\"rue Augusta \u00e0 Lisbonne\" loading=\"lazy\" srcset=\"https:\/\/www.folk-travel.com\/wp-content\/uploads\/2020\/05\/rue-Augusta-Lisbonne-768x1024.jpg 768w, https:\/\/www.folk-travel.com\/wp-content\/uploads\/2020\/05\/rue-Augusta-Lisbonne-225x300.jpg 225w, https:\/\/www.folk-travel.com\/wp-content\/uploads\/2020\/05\/rue-Augusta-Lisbonne-1152x1536.jpg 1152w, https:\/\/www.folk-travel.com\/wp-content\/uploads\/2020\/05\/rue-Augusta-Lisbonne-1536x2048.jpg 1536w, https:\/\/www.folk-travel.com\/wp-content\/uploads\/2020\/05\/rue-Augusta-Lisbonne-9x12.jpg 9w, https:\/\/www.folk-travel.com\/wp-content\/uploads\/2020\/05\/rue-Augusta-Lisbonne-370x493.jpg 370w, https:\/\/www.folk-travel.com\/wp-content\/uploads\/2020\/05\/rue-Augusta-Lisbonne-760x1013.jpg 760w, https:\/\/www.folk-travel.com\/wp-content\/uploads\/2020\/05\/rue-Augusta-Lisbonne-scaled.jpg 1600w\" sizes=\"(max-width: 768px) 100vw, 768px\" \/>\t\t\t\t\t\t\t\t\t\t\t\t\t\t<\/div>\n\t\t\t\t\t\t<\/div>\n\t\t\t\t<\/div>\n\t\t\t\t\t\t<\/div>\n\t\t\t\t\t<\/div>\n\t\t<\/div>\n\t\t\t\t\t\t\t\t<\/div>\n\t\t\t\t\t<\/div>\n\t\t<\/section>\n\t\t\t\t<section class=\"elementor-section elementor-top-section elementor-element elementor-element-46e4665 elementor-section-boxed elementor-section-height-default elementor-section-height-default\" data-id=\"46e4665\" data-element_type=\"section\">\n\t\t\t\t\t\t<div class=\"elementor-container elementor-column-gap-extended\">\n\t\t\t\t\t\t\t<div class=\"elementor-row\">\n\t\t\t\t\t<div class=\"elementor-column elementor-col-100 elementor-top-column elementor-element elementor-element-c265a23 sc_layouts_column_icons_position_left\" data-id=\"c265a23\" data-element_type=\"column\">\n\t\t\t<div class=\"elementor-column-wrap elementor-element-populated\">\n\t\t\t\t\t\t\t<div class=\"elementor-widget-wrap\">\n\t\t\t\t\t\t<div class=\"elementor-element elementor-element-600a291 elementor-widget elementor-widget-heading\" data-id=\"600a291\" data-element_type=\"widget\" data-widget_type=\"heading.default\">\n\t\t\t\t<div class=\"elementor-widget-container\">\n\t\t\t<h4 class=\"elementor-heading-title elementor-size-default\">Santa Justa Elevator<\/h4>\t\t<\/div>\n\t\t\t\t<\/div>\n\t\t\t\t<div class=\"elementor-element elementor-element-a69d2b4 elementor-widget elementor-widget-text-editor\" data-id=\"a69d2b4\" data-element_type=\"widget\" data-widget_type=\"text-editor.default\">\n\t\t\t\t<div class=\"elementor-widget-container\">\n\t\t\t\t\t\t\t\t<div class=\"elementor-text-editor elementor-clearfix\">\n\t\t\t\t<p>Elevator <b>Santa Justa Elevator<\/b>It is no less than 45 metres high, linking the Baixa district with the highest district in Chiado. However, in order to be able to climb this steel structure, you have to be patient. The cost is 5 euros, but if you take the Viva Viagem card, the journey is already included.<br \/><u>Tips for saving money<\/u> : You can also use the lift with the Viva Viagem card, the cost will be half. And included in the 24-hour Carris\/Metro pass (\u20ac6.40). Entrance is also included in the Lisboa card.\u00a0<\/p><p>The elevator is open daily from 7 a.m. to 10 p.m. (November to April) or from 7 a.m. to 11 p.m. (May to October).<br \/>We didn't take the elevator. Firstly, we still prefer to run, and secondly, you can access the platform from the top and enjoy the view without a ticket. It was much more important for us than using the elevator.<\/p><p>You thus join the <b>Chafariz do Carmo Square<\/b> passing just in front of the Convento do Carmo and follow the path to the end. The terrace of the restaurant Bella Lisa Elevador will take you to the top of the lift.<br \/>From there, you already have a magnificent view. For 1.50 euros, you can climb a few steps up to the even higher observation platform.<\/p>\t\t\t\t\t<\/div>\n\t\t\t\t\t\t<\/div>\n\t\t\t\t<\/div>\n\t\t\t\t<div class=\"elementor-element elementor-element-223a563 elementor-widget elementor-widget-image\" data-id=\"223a563\" data-element_type=\"widget\" data-widget_type=\"image.default\">\n\t\t\t\t<div class=\"elementor-widget-container\">\n\t\t\t\t\t\t\t\t<div class=\"elementor-image\">\n\t\t\t\t\t\t\t\t\t\t\t\t<img width=\"768\" height=\"1031\" src=\"https:\/\/www.folk-travel.com\/wp-content\/uploads\/2020\/05\/ascenseur-santa-justa-Lisbonne-768x1031.jpg\" class=\"attachment-medium_large size-medium_large\" alt=\"\u00e9l\u00e9vateur de Santa Justa \u00e0 Lisbonne\" loading=\"lazy\" srcset=\"https:\/\/www.folk-travel.com\/wp-content\/uploads\/2020\/05\/ascenseur-santa-justa-Lisbonne-768x1031.jpg 768w, https:\/\/www.folk-travel.com\/wp-content\/uploads\/2020\/05\/ascenseur-santa-justa-Lisbonne-223x300.jpg 223w, https:\/\/www.folk-travel.com\/wp-content\/uploads\/2020\/05\/ascenseur-santa-justa-Lisbonne-763x1024.jpg 763w, https:\/\/www.folk-travel.com\/wp-content\/uploads\/2020\/05\/ascenseur-santa-justa-Lisbonne-1144x1536.jpg 1144w, https:\/\/www.folk-travel.com\/wp-content\/uploads\/2020\/05\/ascenseur-santa-justa-Lisbonne-1526x2048.jpg 1526w, https:\/\/www.folk-travel.com\/wp-content\/uploads\/2020\/05\/ascenseur-santa-justa-Lisbonne-9x12.jpg 9w, https:\/\/www.folk-travel.com\/wp-content\/uploads\/2020\/05\/ascenseur-santa-justa-Lisbonne-370x497.jpg 370w, https:\/\/www.folk-travel.com\/wp-content\/uploads\/2020\/05\/ascenseur-santa-justa-Lisbonne-760x1020.jpg 760w, https:\/\/www.folk-travel.com\/wp-content\/uploads\/2020\/05\/ascenseur-santa-justa-Lisbonne-scaled.jpg 1600w\" sizes=\"(max-width: 768px) 100vw, 768px\" \/>\t\t\t\t\t\t\t\t\t\t\t\t\t\t<\/div>\n\t\t\t\t\t\t<\/div>\n\t\t\t\t<\/div>\n\t\t\t\t<div class=\"elementor-element elementor-element-ef2319c elementor-widget elementor-widget-image\" data-id=\"ef2319c\" data-element_type=\"widget\" data-widget_type=\"image.default\">\n\t\t\t\t<div class=\"elementor-widget-container\">\n\t\t\t\t\t\t\t\t<div class=\"elementor-image\">\n\t\t\t\t\t\t\t\t\t\t\t\t<img width=\"768\" height=\"574\" src=\"https:\/\/www.folk-travel.com\/wp-content\/uploads\/2020\/05\/Ascenseur-santa-justa-lisbonne-2-768x574.jpg\" class=\"attachment-medium_large size-medium_large\" alt=\"Ascenseur santa justa \u00e0 Lisbonne\" loading=\"lazy\" srcset=\"https:\/\/www.folk-travel.com\/wp-content\/uploads\/2020\/05\/Ascenseur-santa-justa-lisbonne-2-768x574.jpg 768w, https:\/\/www.folk-travel.com\/wp-content\/uploads\/2020\/05\/Ascenseur-santa-justa-lisbonne-2-300x224.jpg 300w, https:\/\/www.folk-travel.com\/wp-content\/uploads\/2020\/05\/Ascenseur-santa-justa-lisbonne-2-1024x765.jpg 1024w, https:\/\/www.folk-travel.com\/wp-content\/uploads\/2020\/05\/Ascenseur-santa-justa-lisbonne-2-1536x1148.jpg 1536w, https:\/\/www.folk-travel.com\/wp-content\/uploads\/2020\/05\/Ascenseur-santa-justa-lisbonne-2-16x12.jpg 16w, https:\/\/www.folk-travel.com\/wp-content\/uploads\/2020\/05\/Ascenseur-santa-justa-lisbonne-2-370x277.jpg 370w, https:\/\/www.folk-travel.com\/wp-content\/uploads\/2020\/05\/Ascenseur-santa-justa-lisbonne-2-760x568.jpg 760w, https:\/\/www.folk-travel.com\/wp-content\/uploads\/2020\/05\/Ascenseur-santa-justa-lisbonne-2.jpg 1600w\" sizes=\"(max-width: 768px) 100vw, 768px\" \/>\t\t\t\t\t\t\t\t\t\t\t\t\t\t<\/div>\n\t\t\t\t\t\t<\/div>\n\t\t\t\t<\/div>\n\t\t\t\t<div class=\"elementor-element elementor-element-f862364 elementor-widget elementor-widget-heading\" data-id=\"f862364\" data-element_type=\"widget\" data-widget_type=\"heading.default\">\n\t\t\t\t<div class=\"elementor-widget-container\">\n\t\t\t<h4 class=\"elementor-heading-title elementor-size-default\">Carmelite Monastery<\/h4>\t\t<\/div>\n\t\t\t\t<\/div>\n\t\t\t\t<div class=\"elementor-element elementor-element-d5e831f elementor-widget elementor-widget-text-editor\" data-id=\"d5e831f\" data-element_type=\"widget\" data-widget_type=\"text-editor.default\">\n\t\t\t\t<div class=\"elementor-widget-container\">\n\t\t\t\t\t\t\t\t<div class=\"elementor-text-editor elementor-clearfix\">\n\t\t\t\t<p>It is amazing to walk around the ruins of the old church of Santa Maria do Carmo. Founded in the Gothic style in 1389 but was heavily affected by the 1755 earthquake. Only a few elements of the structure remain, with arches supported by high pillars.\u00a0 With the entrance fee, 4\u20ac you can see 2 mummified bodies enclosed in glass.\u00a0<\/p>\t\t\t\t\t<\/div>\n\t\t\t\t\t\t<\/div>\n\t\t\t\t<\/div>\n\t\t\t\t<div class=\"elementor-element elementor-element-b0287fa elementor-widget elementor-widget-heading\" data-id=\"b0287fa\" data-element_type=\"widget\" data-widget_type=\"heading.default\">\n\t\t\t\t<div class=\"elementor-widget-container\">\n\t\t\t<h4 class=\"elementor-heading-title elementor-size-default\">Funicular railway of Bica<\/h4>\t\t<\/div>\n\t\t\t\t<\/div>\n\t\t\t\t<div class=\"elementor-element elementor-element-5277ee0 elementor-widget elementor-widget-text-editor\" data-id=\"5277ee0\" data-element_type=\"widget\" data-widget_type=\"text-editor.default\">\n\t\t\t\t<div class=\"elementor-widget-container\">\n\t\t\t\t\t\t\t\t<div class=\"elementor-text-editor elementor-clearfix\">\n\t\t\t\t<p><strong>Elevator of Bica<\/strong> is one of the three funiculars in the heart of Lisbon. With a difference in height of 45 metres over a distance of about 250 metres.<br \/>The parallel Cal\u00e7ada da Bica Grande street is also interesting, a street that in fact consists only of an endless staircase.<\/p>\t\t\t\t\t<\/div>\n\t\t\t\t\t\t<\/div>\n\t\t\t\t<\/div>\n\t\t\t\t<div class=\"elementor-element elementor-element-d8410cd elementor-widget elementor-widget-image\" data-id=\"d8410cd\" data-element_type=\"widget\" data-widget_type=\"image.default\">\n\t\t\t\t<div class=\"elementor-widget-container\">\n\t\t\t\t\t\t\t\t<div class=\"elementor-image\">\n\t\t\t\t\t\t\t\t\t\t\t\t<img width=\"768\" height=\"590\" src=\"https:\/\/www.folk-travel.com\/wp-content\/uploads\/2020\/05\/Funiculaire-de-Bisca-768x590.jpg\" class=\"attachment-medium_large size-medium_large\" alt=\"Funiculaire Bica \u00e0 Lisbonne\" loading=\"lazy\" srcset=\"https:\/\/www.folk-travel.com\/wp-content\/uploads\/2020\/05\/Funiculaire-de-Bisca-768x590.jpg 768w, https:\/\/www.folk-travel.com\/wp-content\/uploads\/2020\/05\/Funiculaire-de-Bisca-300x231.jpg 300w, https:\/\/www.folk-travel.com\/wp-content\/uploads\/2020\/05\/Funiculaire-de-Bisca-1024x787.jpg 1024w, https:\/\/www.folk-travel.com\/wp-content\/uploads\/2020\/05\/Funiculaire-de-Bisca-1536x1181.jpg 1536w, https:\/\/www.folk-travel.com\/wp-content\/uploads\/2020\/05\/Funiculaire-de-Bisca-16x12.jpg 16w, https:\/\/www.folk-travel.com\/wp-content\/uploads\/2020\/05\/Funiculaire-de-Bisca-370x284.jpg 370w, https:\/\/www.folk-travel.com\/wp-content\/uploads\/2020\/05\/Funiculaire-de-Bisca-760x584.jpg 760w, https:\/\/www.folk-travel.com\/wp-content\/uploads\/2020\/05\/Funiculaire-de-Bisca.jpg 1600w\" sizes=\"(max-width: 768px) 100vw, 768px\" \/>\t\t\t\t\t\t\t\t\t\t\t\t\t\t<\/div>\n\t\t\t\t\t\t<\/div>\n\t\t\t\t<\/div>\n\t\t\t\t<div class=\"elementor-element elementor-element-dde0e13 elementor-widget elementor-widget-heading\" data-id=\"dde0e13\" data-element_type=\"widget\" data-widget_type=\"heading.default\">\n\t\t\t\t<div class=\"elementor-widget-container\">\n\t\t\t<h4 class=\"elementor-heading-title elementor-size-default\">Casa do Alentejo<\/h4>\t\t<\/div>\n\t\t\t\t<\/div>\n\t\t\t\t<div class=\"elementor-element elementor-element-cac7e4e elementor-widget elementor-widget-text-editor\" data-id=\"cac7e4e\" data-element_type=\"widget\" data-widget_type=\"text-editor.default\">\n\t\t\t\t<div class=\"elementor-widget-container\">\n\t\t\t\t\t\t\t\t<div class=\"elementor-text-editor elementor-clearfix\">\n\t\t\t\t<p>The Casa do Alentejo is our unique discovery in this neighbourhood. In the middle of the street, we open a door before finding ourselves in a patio and a surprising Moorish palace. Conceived in 1932, the Arabic architecture is also surprisingly detailed with its armchairs. Upstairs there is a restaurant for those who would like to continue the experience.<\/p>\t\t\t\t\t<\/div>\n\t\t\t\t\t\t<\/div>\n\t\t\t\t<\/div>\n\t\t\t\t<div class=\"elementor-element elementor-element-ebe560a elementor-widget elementor-widget-image\" data-id=\"ebe560a\" data-element_type=\"widget\" data-widget_type=\"image.default\">\n\t\t\t\t<div class=\"elementor-widget-container\">\n\t\t\t\t\t\t\t\t<div class=\"elementor-image\">\n\t\t\t\t\t\t\t\t\t\t\t\t<img width=\"768\" height=\"1152\" src=\"https:\/\/www.folk-travel.com\/wp-content\/uploads\/2020\/05\/Maison-Casa-Alentejo-Lisbonne-768x1152.jpg\" class=\"attachment-medium_large size-medium_large\" alt=\"Maison orientale Casa Alentejo \u00e0 Lisbonne\" loading=\"lazy\" srcset=\"https:\/\/www.folk-travel.com\/wp-content\/uploads\/2020\/05\/Maison-Casa-Alentejo-Lisbonne-768x1152.jpg 768w, https:\/\/www.folk-travel.com\/wp-content\/uploads\/2020\/05\/Maison-Casa-Alentejo-Lisbonne-200x300.jpg 200w, https:\/\/www.folk-travel.com\/wp-content\/uploads\/2020\/05\/Maison-Casa-Alentejo-Lisbonne-683x1024.jpg 683w, https:\/\/www.folk-travel.com\/wp-content\/uploads\/2020\/05\/Maison-Casa-Alentejo-Lisbonne-1024x1536.jpg 1024w, https:\/\/www.folk-travel.com\/wp-content\/uploads\/2020\/05\/Maison-Casa-Alentejo-Lisbonne-1365x2048.jpg 1365w, https:\/\/www.folk-travel.com\/wp-content\/uploads\/2020\/05\/Maison-Casa-Alentejo-Lisbonne-8x12.jpg 8w, https:\/\/www.folk-travel.com\/wp-content\/uploads\/2020\/05\/Maison-Casa-Alentejo-Lisbonne-370x555.jpg 370w, https:\/\/www.folk-travel.com\/wp-content\/uploads\/2020\/05\/Maison-Casa-Alentejo-Lisbonne-760x1140.jpg 760w, https:\/\/www.folk-travel.com\/wp-content\/uploads\/2020\/05\/Maison-Casa-Alentejo-Lisbonne-scaled.jpg 1600w\" sizes=\"(max-width: 768px) 100vw, 768px\" \/>\t\t\t\t\t\t\t\t\t\t\t\t\t\t<\/div>\n\t\t\t\t\t\t<\/div>\n\t\t\t\t<\/div>\n\t\t\t\t<div class=\"elementor-element elementor-element-370f42c elementor-widget elementor-widget-heading\" data-id=\"370f42c\" data-element_type=\"widget\" data-widget_type=\"heading.default\">\n\t\t\t\t<div class=\"elementor-widget-container\">\n\t\t\t<h4 class=\"elementor-heading-title elementor-size-default\">Pra\u00e7a da Figuera<\/h4>\t\t<\/div>\n\t\t\t\t<\/div>\n\t\t\t\t<div class=\"elementor-element elementor-element-91e08e7 elementor-widget elementor-widget-text-editor\" data-id=\"91e08e7\" data-element_type=\"widget\" data-widget_type=\"text-editor.default\">\n\t\t\t\t<div class=\"elementor-widget-container\">\n\t\t\t\t\t\t\t\t<div class=\"elementor-text-editor elementor-clearfix\">\n\t\t\t\t<p>Located in Baixa Pombalina, it is one of the three most important squares in the centre of Lisbon, between Pra\u00e7a do Com\u00e9rcio and Rossio. Surrounded by busy shopping streets and steeped in history, the famous electric cable cars pass through here.<\/p>\t\t\t\t\t<\/div>\n\t\t\t\t\t\t<\/div>\n\t\t\t\t<\/div>\n\t\t\t\t<section class=\"elementor-section elementor-inner-section elementor-element elementor-element-4cf7f55 elementor-section-boxed elementor-section-height-default elementor-section-height-default\" data-id=\"4cf7f55\" data-element_type=\"section\">\n\t\t\t\t\t\t<div class=\"elementor-container elementor-column-gap-extended\">\n\t\t\t\t\t\t\t<div class=\"elementor-row\">\n\t\t\t\t\t<div class=\"elementor-column elementor-col-50 elementor-inner-column elementor-element elementor-element-a9966d8 sc_layouts_column_icons_position_left\" data-id=\"a9966d8\" data-element_type=\"column\">\n\t\t\t<div class=\"elementor-column-wrap elementor-element-populated\">\n\t\t\t\t\t\t\t<div class=\"elementor-widget-wrap\">\n\t\t\t\t\t\t<div class=\"elementor-element elementor-element-4803a04 elementor-widget elementor-widget-image\" data-id=\"4803a04\" data-element_type=\"widget\" data-widget_type=\"image.default\">\n\t\t\t\t<div class=\"elementor-widget-container\">\n\t\t\t\t\t\t\t\t<div class=\"elementor-image\">\n\t\t\t\t\t\t\t\t\t\t\t\t<img width=\"768\" height=\"1024\" src=\"https:\/\/www.folk-travel.com\/wp-content\/uploads\/2020\/05\/figuera-Lisbonne-tramway-scaled-768x1024.jpg\" class=\"attachment-large size-large\" alt=\"tramway de figuera \u00e0 Lisbonne\" loading=\"lazy\" srcset=\"https:\/\/www.folk-travel.com\/wp-content\/uploads\/2020\/05\/figuera-Lisbonne-tramway-scaled-768x1024.jpg 768w, https:\/\/www.folk-travel.com\/wp-content\/uploads\/2020\/05\/figuera-Lisbonne-tramway-scaled-225x300.jpg 225w, https:\/\/www.folk-travel.com\/wp-content\/uploads\/2020\/05\/figuera-Lisbonne-tramway-scaled-1152x1536.jpg 1152w, https:\/\/www.folk-travel.com\/wp-content\/uploads\/2020\/05\/figuera-Lisbonne-tramway-scaled-9x12.jpg 9w, https:\/\/www.folk-travel.com\/wp-content\/uploads\/2020\/05\/figuera-Lisbonne-tramway-scaled-370x493.jpg 370w, https:\/\/www.folk-travel.com\/wp-content\/uploads\/2020\/05\/figuera-Lisbonne-tramway-scaled-760x1013.jpg 760w, https:\/\/www.folk-travel.com\/wp-content\/uploads\/2020\/05\/figuera-Lisbonne-tramway-scaled.jpg 1600w\" sizes=\"(max-width: 768px) 100vw, 768px\" \/>\t\t\t\t\t\t\t\t\t\t\t\t\t\t<\/div>\n\t\t\t\t\t\t<\/div>\n\t\t\t\t<\/div>\n\t\t\t\t\t\t<\/div>\n\t\t\t\t\t<\/div>\n\t\t<\/div>\n\t\t\t\t<div class=\"elementor-column elementor-col-50 elementor-inner-column elementor-element elementor-element-c518b24 sc_layouts_column_icons_position_left\" data-id=\"c518b24\" data-element_type=\"column\">\n\t\t\t<div class=\"elementor-column-wrap elementor-element-populated\">\n\t\t\t\t\t\t\t<div class=\"elementor-widget-wrap\">\n\t\t\t\t\t\t<div class=\"elementor-element elementor-element-01899db elementor-widget elementor-widget-image\" data-id=\"01899db\" data-element_type=\"widget\" data-widget_type=\"image.default\">\n\t\t\t\t<div class=\"elementor-widget-container\">\n\t\t\t\t\t\t\t\t<div class=\"elementor-image\">\n\t\t\t\t\t\t\t\t\t\t\t\t<img width=\"768\" height=\"1024\" src=\"https:\/\/www.folk-travel.com\/wp-content\/uploads\/2020\/05\/praca-figuera-tram-Lisbonne-768x1024.jpg\" class=\"attachment-large size-large\" alt=\"tram rouge et jaune \u00e0 Lisbonne\" loading=\"lazy\" srcset=\"https:\/\/www.folk-travel.com\/wp-content\/uploads\/2020\/05\/praca-figuera-tram-Lisbonne-768x1024.jpg 768w, https:\/\/www.folk-travel.com\/wp-content\/uploads\/2020\/05\/praca-figuera-tram-Lisbonne-225x300.jpg 225w, https:\/\/www.folk-travel.com\/wp-content\/uploads\/2020\/05\/praca-figuera-tram-Lisbonne-1152x1536.jpg 1152w, https:\/\/www.folk-travel.com\/wp-content\/uploads\/2020\/05\/praca-figuera-tram-Lisbonne-1536x2048.jpg 1536w, https:\/\/www.folk-travel.com\/wp-content\/uploads\/2020\/05\/praca-figuera-tram-Lisbonne-9x12.jpg 9w, https:\/\/www.folk-travel.com\/wp-content\/uploads\/2020\/05\/praca-figuera-tram-Lisbonne-370x493.jpg 370w, https:\/\/www.folk-travel.com\/wp-content\/uploads\/2020\/05\/praca-figuera-tram-Lisbonne-760x1013.jpg 760w, https:\/\/www.folk-travel.com\/wp-content\/uploads\/2020\/05\/praca-figuera-tram-Lisbonne-scaled.jpg 1600w\" sizes=\"(max-width: 768px) 100vw, 768px\" \/>\t\t\t\t\t\t\t\t\t\t\t\t\t\t<\/div>\n\t\t\t\t\t\t<\/div>\n\t\t\t\t<\/div>\n\t\t\t\t\t\t<\/div>\n\t\t\t\t\t<\/div>\n\t\t<\/div>\n\t\t\t\t\t\t\t\t<\/div>\n\t\t\t\t\t<\/div>\n\t\t<\/section>\n\t\t\t\t<div class=\"elementor-element elementor-element-3f0656a elementor-invisible elementor-widget elementor-widget-heading\" data-id=\"3f0656a\" data-element_type=\"widget\" data-settings=\"{&quot;_animation&quot;:&quot;slideInLeft&quot;}\" data-widget_type=\"heading.default\">\n\t\t\t\t<div class=\"elementor-widget-container\">\n\t\t\t<h3 class=\"elementor-heading-title elementor-size-default\">The District of Alfama and Castelo<\/h3>\t\t<\/div>\n\t\t\t\t<\/div>\n\t\t\t\t<div class=\"elementor-element elementor-element-230de13 elementor-widget elementor-widget-heading\" data-id=\"230de13\" data-element_type=\"widget\" data-widget_type=\"heading.default\">\n\t\t\t\t<div class=\"elementor-widget-container\">\n\t\t\t<h4 class=\"elementor-heading-title elementor-size-default\">The Alfama district<\/h4>\t\t<\/div>\n\t\t\t\t<\/div>\n\t\t\t\t<div class=\"elementor-element elementor-element-4ddf043 elementor-widget elementor-widget-text-editor\" data-id=\"4ddf043\" data-element_type=\"widget\" data-widget_type=\"text-editor.default\">\n\t\t\t\t<div class=\"elementor-widget-container\">\n\t\t\t\t\t\t\t\t<div class=\"elementor-text-editor elementor-clearfix\">\n\t\t\t\t<p>The Alfama district is the best known district of Lisbon with narrow streets where it is pleasant to get lost at every corner. The watchword is: authenticity&nbsp;<br>Colourful house fronts, clotheslines, music, get lost!<br>If you prefer to use public transport to explore it rather than walking, it is best to take tram 28E.&nbsp;<span style=\"font-size: 17px; letter-spacing: -0.6px;\">Street art is on every corner in Alfama. Open your eyes!<\/span><\/p>\t\t\t\t\t<\/div>\n\t\t\t\t\t\t<\/div>\n\t\t\t\t<\/div>\n\t\t\t\t<section class=\"elementor-section elementor-inner-section elementor-element elementor-element-e13904e elementor-section-boxed elementor-section-height-default elementor-section-height-default\" data-id=\"e13904e\" data-element_type=\"section\">\n\t\t\t\t\t\t<div class=\"elementor-container elementor-column-gap-extended\">\n\t\t\t\t\t\t\t<div class=\"elementor-row\">\n\t\t\t\t\t<div class=\"elementor-column elementor-col-50 elementor-inner-column elementor-element elementor-element-b70bbe6 sc_layouts_column_icons_position_left\" data-id=\"b70bbe6\" data-element_type=\"column\">\n\t\t\t<div class=\"elementor-column-wrap elementor-element-populated\">\n\t\t\t\t\t\t\t<div class=\"elementor-widget-wrap\">\n\t\t\t\t\t\t<div class=\"elementor-element elementor-element-a9a03bd elementor-widget elementor-widget-image\" data-id=\"a9a03bd\" data-element_type=\"widget\" data-widget_type=\"image.default\">\n\t\t\t\t<div class=\"elementor-widget-container\">\n\t\t\t\t\t\t\t\t<div class=\"elementor-image\">\n\t\t\t\t\t\t\t\t\t\t\t\t<img width=\"768\" height=\"1024\" src=\"https:\/\/www.folk-travel.com\/wp-content\/uploads\/2020\/05\/quartier-Alfama-Lisbonne-768x1024.jpg\" class=\"attachment-large size-large\" alt=\"quartier Alfama \u00e0 Lisbonne\" loading=\"lazy\" srcset=\"https:\/\/www.folk-travel.com\/wp-content\/uploads\/2020\/05\/quartier-Alfama-Lisbonne-768x1024.jpg 768w, https:\/\/www.folk-travel.com\/wp-content\/uploads\/2020\/05\/quartier-Alfama-Lisbonne-225x300.jpg 225w, https:\/\/www.folk-travel.com\/wp-content\/uploads\/2020\/05\/quartier-Alfama-Lisbonne-1152x1536.jpg 1152w, https:\/\/www.folk-travel.com\/wp-content\/uploads\/2020\/05\/quartier-Alfama-Lisbonne-1536x2048.jpg 1536w, https:\/\/www.folk-travel.com\/wp-content\/uploads\/2020\/05\/quartier-Alfama-Lisbonne-9x12.jpg 9w, https:\/\/www.folk-travel.com\/wp-content\/uploads\/2020\/05\/quartier-Alfama-Lisbonne-370x493.jpg 370w, https:\/\/www.folk-travel.com\/wp-content\/uploads\/2020\/05\/quartier-Alfama-Lisbonne-760x1013.jpg 760w, https:\/\/www.folk-travel.com\/wp-content\/uploads\/2020\/05\/quartier-Alfama-Lisbonne-scaled.jpg 1600w\" sizes=\"(max-width: 768px) 100vw, 768px\" \/>\t\t\t\t\t\t\t\t\t\t\t\t\t\t<\/div>\n\t\t\t\t\t\t<\/div>\n\t\t\t\t<\/div>\n\t\t\t\t\t\t<\/div>\n\t\t\t\t\t<\/div>\n\t\t<\/div>\n\t\t\t\t<div class=\"elementor-column elementor-col-50 elementor-inner-column elementor-element elementor-element-f78e8d4 sc_layouts_column_icons_position_left\" data-id=\"f78e8d4\" data-element_type=\"column\">\n\t\t\t<div class=\"elementor-column-wrap elementor-element-populated\">\n\t\t\t\t\t\t\t<div class=\"elementor-widget-wrap\">\n\t\t\t\t\t\t<div class=\"elementor-element elementor-element-8d4bc1a elementor-widget elementor-widget-image\" data-id=\"8d4bc1a\" data-element_type=\"widget\" data-widget_type=\"image.default\">\n\t\t\t\t<div class=\"elementor-widget-container\">\n\t\t\t\t\t\t\t\t<div class=\"elementor-image\">\n\t\t\t\t\t\t\t\t\t\t\t\t<img width=\"768\" height=\"1024\" src=\"https:\/\/www.folk-travel.com\/wp-content\/uploads\/2020\/05\/rue-alfama-Lisbonne-768x1024.jpg\" class=\"attachment-large size-large\" alt=\"vue fleuve du quartier Alfama \u00e0 Lisbonne\" loading=\"lazy\" srcset=\"https:\/\/www.folk-travel.com\/wp-content\/uploads\/2020\/05\/rue-alfama-Lisbonne-768x1024.jpg 768w, https:\/\/www.folk-travel.com\/wp-content\/uploads\/2020\/05\/rue-alfama-Lisbonne-225x300.jpg 225w, https:\/\/www.folk-travel.com\/wp-content\/uploads\/2020\/05\/rue-alfama-Lisbonne-1152x1536.jpg 1152w, https:\/\/www.folk-travel.com\/wp-content\/uploads\/2020\/05\/rue-alfama-Lisbonne-1536x2048.jpg 1536w, https:\/\/www.folk-travel.com\/wp-content\/uploads\/2020\/05\/rue-alfama-Lisbonne-9x12.jpg 9w, https:\/\/www.folk-travel.com\/wp-content\/uploads\/2020\/05\/rue-alfama-Lisbonne-370x493.jpg 370w, https:\/\/www.folk-travel.com\/wp-content\/uploads\/2020\/05\/rue-alfama-Lisbonne-760x1013.jpg 760w, https:\/\/www.folk-travel.com\/wp-content\/uploads\/2020\/05\/rue-alfama-Lisbonne-scaled.jpg 1600w\" sizes=\"(max-width: 768px) 100vw, 768px\" \/>\t\t\t\t\t\t\t\t\t\t\t\t\t\t<\/div>\n\t\t\t\t\t\t<\/div>\n\t\t\t\t<\/div>\n\t\t\t\t\t\t<\/div>\n\t\t\t\t\t<\/div>\n\t\t<\/div>\n\t\t\t\t\t\t\t\t<\/div>\n\t\t\t\t\t<\/div>\n\t\t<\/section>\n\t\t\t\t<div class=\"elementor-element elementor-element-6c22c98 elementor-widget elementor-widget-heading\" data-id=\"6c22c98\" data-element_type=\"widget\" data-widget_type=\"heading.default\">\n\t\t\t\t<div class=\"elementor-widget-container\">\n\t\t\t<h4 class=\"elementor-heading-title elementor-size-default\">Tram 28E<\/h4>\t\t<\/div>\n\t\t\t\t<\/div>\n\t\t\t\t<div class=\"elementor-element elementor-element-b11f687 elementor-widget elementor-widget-text-editor\" data-id=\"b11f687\" data-element_type=\"widget\" data-widget_type=\"text-editor.default\">\n\t\t\t\t<div class=\"elementor-widget-container\">\n\t\t\t\t\t\t\t\t<div class=\"elementor-text-editor elementor-clearfix\">\n\t\t\t\t<p>Tram 28E is the emblematic attraction of the Alfama district, which crosses the streets of the district. It is sometimes surprising to see how this tram skims the walls of houses just a few centimetres away. The tram climbs steep slopes.<\/p>\t\t\t\t\t<\/div>\n\t\t\t\t\t\t<\/div>\n\t\t\t\t<\/div>\n\t\t\t\t<div class=\"elementor-element elementor-element-d8af19c elementor-widget elementor-widget-image\" data-id=\"d8af19c\" data-element_type=\"widget\" data-widget_type=\"image.default\">\n\t\t\t\t<div class=\"elementor-widget-container\">\n\t\t\t\t\t\t\t\t<div class=\"elementor-image\">\n\t\t\t\t\t\t\t\t\t\t\t\t<img width=\"768\" height=\"960\" src=\"https:\/\/www.folk-travel.com\/wp-content\/uploads\/2020\/05\/Tram-jaune-Lisbonne-768x960.jpg\" class=\"attachment-medium_large size-medium_large\" alt=\"Tram de la ligne 28 \u00e0 Lisbonne\" loading=\"lazy\" srcset=\"https:\/\/www.folk-travel.com\/wp-content\/uploads\/2020\/05\/Tram-jaune-Lisbonne-768x960.jpg 768w, https:\/\/www.folk-travel.com\/wp-content\/uploads\/2020\/05\/Tram-jaune-Lisbonne-240x300.jpg 240w, https:\/\/www.folk-travel.com\/wp-content\/uploads\/2020\/05\/Tram-jaune-Lisbonne-819x1024.jpg 819w, https:\/\/www.folk-travel.com\/wp-content\/uploads\/2020\/05\/Tram-jaune-Lisbonne-1229x1536.jpg 1229w, https:\/\/www.folk-travel.com\/wp-content\/uploads\/2020\/05\/Tram-jaune-Lisbonne-10x12.jpg 10w, https:\/\/www.folk-travel.com\/wp-content\/uploads\/2020\/05\/Tram-jaune-Lisbonne-370x463.jpg 370w, https:\/\/www.folk-travel.com\/wp-content\/uploads\/2020\/05\/Tram-jaune-Lisbonne-760x950.jpg 760w, https:\/\/www.folk-travel.com\/wp-content\/uploads\/2020\/05\/Tram-jaune-Lisbonne.jpg 1600w\" sizes=\"(max-width: 768px) 100vw, 768px\" \/>\t\t\t\t\t\t\t\t\t\t\t\t\t\t<\/div>\n\t\t\t\t\t\t<\/div>\n\t\t\t\t<\/div>\n\t\t\t\t<div class=\"elementor-element elementor-element-0dc1c91 elementor-widget elementor-widget-heading\" data-id=\"0dc1c91\" data-element_type=\"widget\" data-widget_type=\"heading.default\">\n\t\t\t\t<div class=\"elementor-widget-container\">\n\t\t\t<h4 class=\"elementor-heading-title elementor-size-default\">S\u00e3o Jorge Castle<\/h4>\t\t<\/div>\n\t\t\t\t<\/div>\n\t\t\t\t<div class=\"elementor-element elementor-element-3da63f4 elementor-widget elementor-widget-text-editor\" data-id=\"3da63f4\" data-element_type=\"widget\" data-widget_type=\"text-editor.default\">\n\t\t\t\t<div class=\"elementor-widget-container\">\n\t\t\t\t\t\t\t\t<div class=\"elementor-text-editor elementor-clearfix\">\n\t\t\t\t<p>For those looking for a view of the city in the Alfama district you can go to the medieval castle. <b>S\u00e3o Jorge Castle<\/b>. For our part, we did not go there because to enjoy the view for free there are other viewpoints as interesting.\u00a0<br \/>The castle is open every day from 9 a.m. to 6 p.m. during the months of November to February and from 9 a.m. to 9 p.m. between March and October for an entrance fee of 8.5\u20ac \/ person seems excessive to us.\u00a0<\/p>\t\t\t\t\t<\/div>\n\t\t\t\t\t\t<\/div>\n\t\t\t\t<\/div>\n\t\t\t\t<div class=\"elementor-element elementor-element-b047122 elementor-widget elementor-widget-image\" data-id=\"b047122\" data-element_type=\"widget\" data-widget_type=\"image.default\">\n\t\t\t\t<div class=\"elementor-widget-container\">\n\t\t\t\t\t\t\t\t<div class=\"elementor-image\">\n\t\t\t\t\t\t\t\t\t\t\t\t<img width=\"768\" height=\"511\" src=\"https:\/\/www.folk-travel.com\/wp-content\/uploads\/2020\/05\/chateau-sao-jorge-lisbonne-768x511.jpg\" class=\"attachment-medium_large size-medium_large\" alt=\"ch\u00e2teau Sao Jorge \u00e0 Lisbonne\" loading=\"lazy\" srcset=\"https:\/\/www.folk-travel.com\/wp-content\/uploads\/2020\/05\/chateau-sao-jorge-lisbonne-768x511.jpg 768w, https:\/\/www.folk-travel.com\/wp-content\/uploads\/2020\/05\/chateau-sao-jorge-lisbonne-300x200.jpg 300w, https:\/\/www.folk-travel.com\/wp-content\/uploads\/2020\/05\/chateau-sao-jorge-lisbonne-1024x682.jpg 1024w, https:\/\/www.folk-travel.com\/wp-content\/uploads\/2020\/05\/chateau-sao-jorge-lisbonne-1536x1022.jpg 1536w, https:\/\/www.folk-travel.com\/wp-content\/uploads\/2020\/05\/chateau-sao-jorge-lisbonne-16x12.jpg 16w, https:\/\/www.folk-travel.com\/wp-content\/uploads\/2020\/05\/chateau-sao-jorge-lisbonne-370x246.jpg 370w, https:\/\/www.folk-travel.com\/wp-content\/uploads\/2020\/05\/chateau-sao-jorge-lisbonne-760x506.jpg 760w, https:\/\/www.folk-travel.com\/wp-content\/uploads\/2020\/05\/chateau-sao-jorge-lisbonne.jpg 1600w\" sizes=\"(max-width: 768px) 100vw, 768px\" \/>\t\t\t\t\t\t\t\t\t\t\t\t\t\t<\/div>\n\t\t\t\t\t\t<\/div>\n\t\t\t\t<\/div>\n\t\t\t\t<div class=\"elementor-element elementor-element-a22cfe6 elementor-widget elementor-widget-heading\" data-id=\"a22cfe6\" data-element_type=\"widget\" data-widget_type=\"heading.default\">\n\t\t\t\t<div class=\"elementor-widget-container\">\n\t\t\t<h4 class=\"elementor-heading-title elementor-size-default\">Pastry Santo Antonio : the best pastel of Nata (pasteis) from Lisbon<\/h4>\t\t<\/div>\n\t\t\t\t<\/div>\n\t\t\t\t<div class=\"elementor-element elementor-element-277d026 elementor-widget elementor-widget-text-editor\" data-id=\"277d026\" data-element_type=\"widget\" data-widget_type=\"text-editor.default\">\n\t\t\t\t<div class=\"elementor-widget-container\">\n\t\t\t\t\t\t\t\t<div class=\"elementor-text-editor elementor-clearfix\">\n\t\t\t\t<p>On the way to the Mirador de Santa Luzia, we passed by this pastry shop, which was ranked first in a competition in 2019 for its <strong>pastel de Nata <\/strong>Pastelaria Santo Antonio. You couldn't come to Lisbon without tasting this sweetness. We stopped to check if it's not overrated. For 1\u20ac taste this delicious pastel de Nata a treat. We decided to do an article about\u00a0<a href=\"https:\/\/www.folk-travel.com\/en\/pastel-de-nata\/\" target=\"_blank\" rel=\"noopener\">Nata's pastel here with the recipe<\/a>.<\/p>\t\t\t\t\t<\/div>\n\t\t\t\t\t\t<\/div>\n\t\t\t\t<\/div>\n\t\t\t\t<div class=\"elementor-element elementor-element-3d7a454 elementor-widget elementor-widget-image\" data-id=\"3d7a454\" data-element_type=\"widget\" data-widget_type=\"image.default\">\n\t\t\t\t<div class=\"elementor-widget-container\">\n\t\t\t\t\t\t\t\t<div class=\"elementor-image\">\n\t\t\t\t\t\t\t\t\t\t\t\t<img width=\"768\" height=\"507\" src=\"https:\/\/www.folk-travel.com\/wp-content\/uploads\/2020\/05\/pastelaria-Santo-Antonio-Lisbonne-768x507.jpg\" class=\"attachment-medium_large size-medium_large\" alt=\"p\u00e2tisserie Santo Antonio \u00e0 Lisbonne\" loading=\"lazy\" srcset=\"https:\/\/www.folk-travel.com\/wp-content\/uploads\/2020\/05\/pastelaria-Santo-Antonio-Lisbonne-768x507.jpg 768w, https:\/\/www.folk-travel.com\/wp-content\/uploads\/2020\/05\/pastelaria-Santo-Antonio-Lisbonne-300x198.jpg 300w, https:\/\/www.folk-travel.com\/wp-content\/uploads\/2020\/05\/pastelaria-Santo-Antonio-Lisbonne-1024x676.jpg 1024w, https:\/\/www.folk-travel.com\/wp-content\/uploads\/2020\/05\/pastelaria-Santo-Antonio-Lisbonne-1536x1014.jpg 1536w, https:\/\/www.folk-travel.com\/wp-content\/uploads\/2020\/05\/pastelaria-Santo-Antonio-Lisbonne-16x12.jpg 16w, https:\/\/www.folk-travel.com\/wp-content\/uploads\/2020\/05\/pastelaria-Santo-Antonio-Lisbonne-370x244.jpg 370w, https:\/\/www.folk-travel.com\/wp-content\/uploads\/2020\/05\/pastelaria-Santo-Antonio-Lisbonne-760x502.jpg 760w, https:\/\/www.folk-travel.com\/wp-content\/uploads\/2020\/05\/pastelaria-Santo-Antonio-Lisbonne.jpg 1600w\" sizes=\"(max-width: 768px) 100vw, 768px\" \/>\t\t\t\t\t\t\t\t\t\t\t\t\t\t<\/div>\n\t\t\t\t\t\t<\/div>\n\t\t\t\t<\/div>\n\t\t\t\t<div class=\"elementor-element elementor-element-4ca302c elementor-widget elementor-widget-heading\" data-id=\"4ca302c\" data-element_type=\"widget\" data-widget_type=\"heading.default\">\n\t\t\t\t<div class=\"elementor-widget-container\">\n\t\t\t<h4 class=\"elementor-heading-title elementor-size-default\">Miradouro de Santa Luzia<\/h4>\t\t<\/div>\n\t\t\t\t<\/div>\n\t\t\t\t<div class=\"elementor-element elementor-element-a5f33b7 elementor-widget elementor-widget-text-editor\" data-id=\"a5f33b7\" data-element_type=\"widget\" data-widget_type=\"text-editor.default\">\n\t\t\t\t<div class=\"elementor-widget-container\">\n\t\t\t\t\t\t\t\t<div class=\"elementor-text-editor elementor-clearfix\">\n\t\t\t\t<p>Rise to the heights at <b>Mirador de Santa Luzia<\/b>. From this point of view you have a magnificent panoramic view over the rooftops of Lisbon towards the Tagus.\u00a0You will see brown terracotta roofs alternating with pastel-coloured houses and white churches.<br \/>This viewpoint is one of the busiest and also one of the prettiest, with its porcelain decorations and a large blue Azulejos panel representing the Plaza del Comercio is placed on the fa\u00e7ade of the <b>small church of Santa Luzia<\/b>.<\/p>\t\t\t\t\t<\/div>\n\t\t\t\t\t\t<\/div>\n\t\t\t\t<\/div>\n\t\t\t\t<div class=\"elementor-element elementor-element-ef1d6d1 elementor-widget elementor-widget-image\" data-id=\"ef1d6d1\" data-element_type=\"widget\" data-widget_type=\"image.default\">\n\t\t\t\t<div class=\"elementor-widget-container\">\n\t\t\t\t\t\t\t\t<div class=\"elementor-image\">\n\t\t\t\t\t\t\t\t\t\t\t\t<img width=\"1600\" height=\"1067\" src=\"https:\/\/www.folk-travel.com\/wp-content\/uploads\/2020\/05\/Miradouro-santa-luzia-lisbonne-2.jpg\" class=\"attachment-full size-full\" alt=\"Miradouro de santa Luzia vue sur les bateaux de croisi\u00e8res Lisbonne\" loading=\"lazy\" srcset=\"https:\/\/www.folk-travel.com\/wp-content\/uploads\/2020\/05\/Miradouro-santa-luzia-lisbonne-2.jpg 1600w, https:\/\/www.folk-travel.com\/wp-content\/uploads\/2020\/05\/Miradouro-santa-luzia-lisbonne-2-300x200.jpg 300w, https:\/\/www.folk-travel.com\/wp-content\/uploads\/2020\/05\/Miradouro-santa-luzia-lisbonne-2-1024x683.jpg 1024w, https:\/\/www.folk-travel.com\/wp-content\/uploads\/2020\/05\/Miradouro-santa-luzia-lisbonne-2-768x512.jpg 768w, https:\/\/www.folk-travel.com\/wp-content\/uploads\/2020\/05\/Miradouro-santa-luzia-lisbonne-2-1536x1024.jpg 1536w, https:\/\/www.folk-travel.com\/wp-content\/uploads\/2020\/05\/Miradouro-santa-luzia-lisbonne-2-16x12.jpg 16w, https:\/\/www.folk-travel.com\/wp-content\/uploads\/2020\/05\/Miradouro-santa-luzia-lisbonne-2-370x247.jpg 370w, https:\/\/www.folk-travel.com\/wp-content\/uploads\/2020\/05\/Miradouro-santa-luzia-lisbonne-2-760x507.jpg 760w\" sizes=\"(max-width: 1600px) 100vw, 1600px\" \/>\t\t\t\t\t\t\t\t\t\t\t\t\t\t<\/div>\n\t\t\t\t\t\t<\/div>\n\t\t\t\t<\/div>\n\t\t\t\t<div class=\"elementor-element elementor-element-8a781ee elementor-widget elementor-widget-heading\" data-id=\"8a781ee\" data-element_type=\"widget\" data-widget_type=\"heading.default\">\n\t\t\t\t<div class=\"elementor-widget-container\">\n\t\t\t<h4 class=\"elementor-heading-title elementor-size-default\">Lisbon Cathedral<\/h4>\t\t<\/div>\n\t\t\t\t<\/div>\n\t\t\t\t<div class=\"elementor-element elementor-element-e10ec2d elementor-widget elementor-widget-text-editor\" data-id=\"e10ec2d\" data-element_type=\"widget\" data-widget_type=\"text-editor.default\">\n\t\t\t\t<div class=\"elementor-widget-container\">\n\t\t\t\t\t\t\t\t<div class=\"elementor-text-editor elementor-clearfix\">\n\t\t\t\t<p>This is the main church of the city, the cathedral of Lisbon, in Portuguese the<b> Catedral S\u00e9 Patriarcal <\/b>or also called Igreja de Santa Maria Maior.\u00a0Admission is free and you can visit the church at the following times: Mondays from 2 p.m. to 6 p.m., Thursdays from 9 a.m. to 6 p.m., one hour more in summer and it is closed on public holidays.<\/p>\t\t\t\t\t<\/div>\n\t\t\t\t\t\t<\/div>\n\t\t\t\t<\/div>\n\t\t\t\t<div class=\"elementor-element elementor-element-2a02520 elementor-widget elementor-widget-image\" data-id=\"2a02520\" data-element_type=\"widget\" data-widget_type=\"image.default\">\n\t\t\t\t<div class=\"elementor-widget-container\">\n\t\t\t\t\t\t\t\t<div class=\"elementor-image\">\n\t\t\t\t\t\t\t\t\t\t\t\t<img width=\"768\" height=\"951\" src=\"https:\/\/www.folk-travel.com\/wp-content\/uploads\/2020\/05\/cathedrale-patriarcal-Lisbonne-768x951.jpg\" class=\"attachment-medium_large size-medium_large\" alt=\"cath\u00e9drale se patriarcal \u00e0 Lisbonne\" loading=\"lazy\" srcset=\"https:\/\/www.folk-travel.com\/wp-content\/uploads\/2020\/05\/cathedrale-patriarcal-Lisbonne-768x951.jpg 768w, https:\/\/www.folk-travel.com\/wp-content\/uploads\/2020\/05\/cathedrale-patriarcal-Lisbonne-242x300.jpg 242w, https:\/\/www.folk-travel.com\/wp-content\/uploads\/2020\/05\/cathedrale-patriarcal-Lisbonne-827x1024.jpg 827w, https:\/\/www.folk-travel.com\/wp-content\/uploads\/2020\/05\/cathedrale-patriarcal-Lisbonne-1241x1536.jpg 1241w, https:\/\/www.folk-travel.com\/wp-content\/uploads\/2020\/05\/cathedrale-patriarcal-Lisbonne-10x12.jpg 10w, https:\/\/www.folk-travel.com\/wp-content\/uploads\/2020\/05\/cathedrale-patriarcal-Lisbonne-370x458.jpg 370w, https:\/\/www.folk-travel.com\/wp-content\/uploads\/2020\/05\/cathedrale-patriarcal-Lisbonne-760x941.jpg 760w, https:\/\/www.folk-travel.com\/wp-content\/uploads\/2020\/05\/cathedrale-patriarcal-Lisbonne.jpg 1600w\" sizes=\"(max-width: 768px) 100vw, 768px\" \/>\t\t\t\t\t\t\t\t\t\t\t\t\t\t<\/div>\n\t\t\t\t\t\t<\/div>\n\t\t\t\t<\/div>\n\t\t\t\t<div class=\"elementor-element elementor-element-dfcf674 elementor-widget elementor-widget-heading\" data-id=\"dfcf674\" data-element_type=\"widget\" data-widget_type=\"heading.default\">\n\t\t\t\t<div class=\"elementor-widget-container\">\n\t\t\t<h4 class=\"elementor-heading-title elementor-size-default\">Panth\u00e9on National : Santa Engr\u00e1cia<\/h4>\t\t<\/div>\n\t\t\t\t<\/div>\n\t\t\t\t<div class=\"elementor-element elementor-element-82abd9f elementor-widget elementor-widget-text-editor\" data-id=\"82abd9f\" data-element_type=\"widget\" data-widget_type=\"text-editor.default\">\n\t\t\t\t<div class=\"elementor-widget-container\">\n\t\t\t\t\t\t\t\t<div class=\"elementor-text-editor elementor-clearfix\">\n\t\t\t\t<p>The Patheon Santa Engr\u00e1cia is located just behind the<b>church S\u00e3o Vicente de Fora<\/b>At the time of our visit, work was still being carried out on the building. The entrance costs 4 euros, to the observation platform at 40 meters high offers a magnificent view.<\/p>\t\t\t\t\t<\/div>\n\t\t\t\t\t\t<\/div>\n\t\t\t\t<\/div>\n\t\t\t\t<div class=\"elementor-element elementor-element-c65c130 elementor-widget elementor-widget-image\" data-id=\"c65c130\" data-element_type=\"widget\" data-widget_type=\"image.default\">\n\t\t\t\t<div class=\"elementor-widget-container\">\n\t\t\t\t\t\t\t\t<div class=\"elementor-image\">\n\t\t\t\t\t\t\t\t\t\t\t\t<img width=\"1024\" height=\"683\" src=\"https:\/\/www.folk-travel.com\/wp-content\/uploads\/2020\/05\/Miradouro-santa-luzia-lisbonne-1024x683.jpg\" class=\"attachment-large size-large\" alt=\"Miradouro de santa Luzia Lisbonne\" loading=\"lazy\" srcset=\"https:\/\/www.folk-travel.com\/wp-content\/uploads\/2020\/05\/Miradouro-santa-luzia-lisbonne-1024x683.jpg 1024w, https:\/\/www.folk-travel.com\/wp-content\/uploads\/2020\/05\/Miradouro-santa-luzia-lisbonne-300x200.jpg 300w, https:\/\/www.folk-travel.com\/wp-content\/uploads\/2020\/05\/Miradouro-santa-luzia-lisbonne-768x512.jpg 768w, https:\/\/www.folk-travel.com\/wp-content\/uploads\/2020\/05\/Miradouro-santa-luzia-lisbonne-1536x1024.jpg 1536w, https:\/\/www.folk-travel.com\/wp-content\/uploads\/2020\/05\/Miradouro-santa-luzia-lisbonne-16x12.jpg 16w, https:\/\/www.folk-travel.com\/wp-content\/uploads\/2020\/05\/Miradouro-santa-luzia-lisbonne-370x247.jpg 370w, https:\/\/www.folk-travel.com\/wp-content\/uploads\/2020\/05\/Miradouro-santa-luzia-lisbonne-760x507.jpg 760w, https:\/\/www.folk-travel.com\/wp-content\/uploads\/2020\/05\/Miradouro-santa-luzia-lisbonne.jpg 1600w\" sizes=\"(max-width: 1024px) 100vw, 1024px\" \/>\t\t\t\t\t\t\t\t\t\t\t\t\t\t<\/div>\n\t\t\t\t\t\t<\/div>\n\t\t\t\t<\/div>\n\t\t\t\t<div class=\"elementor-element elementor-element-f28eda3 elementor-invisible elementor-widget elementor-widget-heading\" data-id=\"f28eda3\" data-element_type=\"widget\" data-settings=\"{&quot;_animation&quot;:&quot;slideInLeft&quot;}\" data-widget_type=\"heading.default\">\n\t\t\t\t<div class=\"elementor-widget-container\">\n\t\t\t<h3 class=\"elementor-heading-title elementor-size-default\">The Bairro Alto District<\/h3>\t\t<\/div>\n\t\t\t\t<\/div>\n\t\t\t\t<div class=\"elementor-element elementor-element-be78af1 elementor-widget elementor-widget-text-editor\" data-id=\"be78af1\" data-element_type=\"widget\" data-widget_type=\"text-editor.default\">\n\t\t\t\t<div class=\"elementor-widget-container\">\n\t\t\t\t\t\t\t\t<div class=\"elementor-text-editor elementor-clearfix\">\n\t\t\t\t<p>Bairro Alto is the district for the night: very lively at night with many bars open late. This is not the neighbourhood to sleep in if you want some peace and quiet during your stay.<\/p><p>During the day it's nice to walk around because it's rather quiet with a few clothes shops and pretty little streets.<\/p><p>Continue in its heights to arrive at a lookout point the<b> Miradoura S\u00e3o Pedro de Alc\u00e2ntara<\/b>.\u00a0<\/p>\t\t\t\t\t<\/div>\n\t\t\t\t\t\t<\/div>\n\t\t\t\t<\/div>\n\t\t\t\t<div class=\"elementor-element elementor-element-be0f1b3 elementor-widget elementor-widget-heading\" data-id=\"be0f1b3\" data-element_type=\"widget\" data-widget_type=\"heading.default\">\n\t\t\t\t<div class=\"elementor-widget-container\">\n\t\t\t<h4 class=\"elementor-heading-title elementor-size-default\">Mirador S\u00e3o Pedro de Alc\u00e2ntara<\/h4>\t\t<\/div>\n\t\t\t\t<\/div>\n\t\t\t\t<div class=\"elementor-element elementor-element-02a18f3 elementor-widget elementor-widget-text-editor\" data-id=\"02a18f3\" data-element_type=\"widget\" data-widget_type=\"text-editor.default\">\n\t\t\t\t<div class=\"elementor-widget-container\">\n\t\t\t\t\t\t\t\t<div class=\"elementor-text-editor elementor-clearfix\">\n\t\t\t\t<p>Still in the Bairro Alto district, at the top of the hill, you will find the belvedere which offers a view of the Lisbon hills and the lower town. A small green kiosk is present to stroll at sunset for an aperitif. All along a small French garden is pleasant to take a break.<\/p>\t\t\t\t\t<\/div>\n\t\t\t\t\t\t<\/div>\n\t\t\t\t<\/div>\n\t\t\t\t<div class=\"elementor-element elementor-element-39994f0 elementor-widget elementor-widget-heading\" data-id=\"39994f0\" data-element_type=\"widget\" data-widget_type=\"heading.default\">\n\t\t\t\t<div class=\"elementor-widget-container\">\n\t\t\t<h4 class=\"elementor-heading-title elementor-size-default\">Elevador da Gloria<\/h4>\t\t<\/div>\n\t\t\t\t<\/div>\n\t\t\t\t<div class=\"elementor-element elementor-element-ead08cf elementor-widget elementor-widget-text-editor\" data-id=\"ead08cf\" data-element_type=\"widget\" data-widget_type=\"text-editor.default\">\n\t\t\t\t<div class=\"elementor-widget-container\">\n\t\t\t\t\t\t\t\t<div class=\"elementor-text-editor elementor-clearfix\">\n\t\t\t\t<p>The queue proves that this funicular is the right one to take to get to the Mirador Sao Pedro or to the Pra\u00e7a dos Restauradores. Count 3,70\u20ac R.A.<\/p>\t\t\t\t\t<\/div>\n\t\t\t\t\t\t<\/div>\n\t\t\t\t<\/div>\n\t\t\t\t<div class=\"elementor-element elementor-element-6770356 elementor-widget elementor-widget-heading\" data-id=\"6770356\" data-element_type=\"widget\" data-widget_type=\"heading.default\">\n\t\t\t\t<div class=\"elementor-widget-container\">\n\t\t\t<h4 class=\"elementor-heading-title elementor-size-default\">Miradouro de Santa Catarina<\/h4>\t\t<\/div>\n\t\t\t\t<\/div>\n\t\t\t\t<div class=\"elementor-element elementor-element-dd3e066 elementor-widget elementor-widget-text-editor\" data-id=\"dd3e066\" data-element_type=\"widget\" data-widget_type=\"text-editor.default\">\n\t\t\t\t<div class=\"elementor-widget-container\">\n\t\t\t\t\t\t\t\t<div class=\"elementor-text-editor elementor-clearfix\">\n\t\t\t\t<p>We went back down to the Pra\u00e7a dos Restauradores, from there we walk towards the Tagus to reach the Santa Catarina lookout. The view is grandiose and different from the one we had at the Sao Pedro lookout, right in front of the Cristo Rei. It's the most romantic point of view on the Tagus that we could appreciate.\u00a0<\/p>\t\t\t\t\t<\/div>\n\t\t\t\t\t\t<\/div>\n\t\t\t\t<\/div>\n\t\t\t\t<div class=\"elementor-element elementor-element-7937401 elementor-invisible elementor-widget elementor-widget-heading\" data-id=\"7937401\" data-element_type=\"widget\" data-settings=\"{&quot;_animation&quot;:&quot;slideInLeft&quot;}\" data-widget_type=\"heading.default\">\n\t\t\t\t<div class=\"elementor-widget-container\">\n\t\t\t<h3 class=\"elementor-heading-title elementor-size-default\">The Cais Do Sodr\u00e9 District<\/h3>\t\t<\/div>\n\t\t\t\t<\/div>\n\t\t\t\t<div class=\"elementor-element elementor-element-f2e25b2 elementor-widget elementor-widget-text-editor\" data-id=\"f2e25b2\" data-element_type=\"widget\" data-widget_type=\"text-editor.default\">\n\t\t\t\t<div class=\"elementor-widget-container\">\n\t\t\t\t\t\t\t\t<div class=\"elementor-text-editor elementor-clearfix\">\n\t\t\t\t<p>Just like Bairro Alto, Cais Do Sodr\u00e9 is a lively nightlife area with nightclubs, our first night in this area was eventful to say the least. However, it turns out to be an ideal place to eat at the <b>Time Out Market <\/b>(Mercado da Ribeira).\u00a0 It is a large covered market where there are more than 30 restaurants, tapas, pastry shops and then enjoy your meal on large tables in the centre.<\/p>\t\t\t\t\t<\/div>\n\t\t\t\t\t\t<\/div>\n\t\t\t\t<\/div>\n\t\t\t\t<div class=\"elementor-element elementor-element-d452297 elementor-widget elementor-widget-image\" data-id=\"d452297\" data-element_type=\"widget\" data-widget_type=\"image.default\">\n\t\t\t\t<div class=\"elementor-widget-container\">\n\t\t\t\t\t\t\t\t<div class=\"elementor-image\">\n\t\t\t\t\t\t\t\t\t\t\t\t<img width=\"1024\" height=\"768\" src=\"https:\/\/www.folk-travel.com\/wp-content\/uploads\/2020\/05\/Time-Out-Market-Lisboa-1024x768.jpg\" class=\"attachment-large size-large\" alt=\"Restaurant de Time out market \u00e0 Lisbonne\" loading=\"lazy\" srcset=\"https:\/\/www.folk-travel.com\/wp-content\/uploads\/2020\/05\/Time-Out-Market-Lisboa-1024x768.jpg 1024w, https:\/\/www.folk-travel.com\/wp-content\/uploads\/2020\/05\/Time-Out-Market-Lisboa-300x225.jpg 300w, https:\/\/www.folk-travel.com\/wp-content\/uploads\/2020\/05\/Time-Out-Market-Lisboa-768x576.jpg 768w, https:\/\/www.folk-travel.com\/wp-content\/uploads\/2020\/05\/Time-Out-Market-Lisboa-1536x1152.jpg 1536w, https:\/\/www.folk-travel.com\/wp-content\/uploads\/2020\/05\/Time-Out-Market-Lisboa-16x12.jpg 16w, https:\/\/www.folk-travel.com\/wp-content\/uploads\/2020\/05\/Time-Out-Market-Lisboa-370x278.jpg 370w, https:\/\/www.folk-travel.com\/wp-content\/uploads\/2020\/05\/Time-Out-Market-Lisboa-760x570.jpg 760w, https:\/\/www.folk-travel.com\/wp-content\/uploads\/2020\/05\/Time-Out-Market-Lisboa.jpg 1600w\" sizes=\"(max-width: 1024px) 100vw, 1024px\" \/>\t\t\t\t\t\t\t\t\t\t\t\t\t\t<\/div>\n\t\t\t\t\t\t<\/div>\n\t\t\t\t<\/div>\n\t\t\t\t<div class=\"elementor-element elementor-element-bd49418 elementor-widget elementor-widget-text-editor\" data-id=\"bd49418\" data-element_type=\"widget\" data-widget_type=\"text-editor.default\">\n\t\t\t\t<div class=\"elementor-widget-container\">\n\t\t\t\t\t\t\t\t<div class=\"elementor-text-editor elementor-clearfix\">\n\t\t\t\t<p><span style=\"font-size: 17px; letter-spacing: -0.6px;\">The most established street on Instagram in Lisbon is unquestionably: the <\/span><b style=\"font-family: inherit; font-style: inherit; letter-spacing: -0.6px;\">Rua Nova do Carvalho Street \"Street-Rose\"<\/b><\/p><p><span style=\"font-size: 17px; letter-spacing: -0.6px;\">This dates back to 2013 when the city wanted to renovate this unloved pedestrian street with a bright pink colour. It thus attracted the young Lisboetas (the Lisboetas) and of course the tourists.\u00a0 During the day the street is quiet, you have to wait until dusk to see it live with a lively atmosphere, it was selected by the New York Times as one of the most beautiful and lively streets in Europe.<\/span><\/p>\t\t\t\t\t<\/div>\n\t\t\t\t\t\t<\/div>\n\t\t\t\t<\/div>\n\t\t\t\t<div class=\"elementor-element elementor-element-bdeea5d elementor-widget elementor-widget-image\" data-id=\"bdeea5d\" data-element_type=\"widget\" data-widget_type=\"image.default\">\n\t\t\t\t<div class=\"elementor-widget-container\">\n\t\t\t\t\t\t\t\t<div class=\"elementor-image\">\n\t\t\t\t\t\t\t\t\t\t\t\t<img width=\"768\" height=\"951\" src=\"https:\/\/www.folk-travel.com\/wp-content\/uploads\/2020\/05\/pink-street-Lisbonne-768x951.jpg\" class=\"attachment-medium_large size-medium_large\" alt=\"Rue rose de nova Carvalho \u00e0 Lisbonne\" loading=\"lazy\" srcset=\"https:\/\/www.folk-travel.com\/wp-content\/uploads\/2020\/05\/pink-street-Lisbonne-768x951.jpg 768w, https:\/\/www.folk-travel.com\/wp-content\/uploads\/2020\/05\/pink-street-Lisbonne-242x300.jpg 242w, https:\/\/www.folk-travel.com\/wp-content\/uploads\/2020\/05\/pink-street-Lisbonne-827x1024.jpg 827w, https:\/\/www.folk-travel.com\/wp-content\/uploads\/2020\/05\/pink-street-Lisbonne-1241x1536.jpg 1241w, https:\/\/www.folk-travel.com\/wp-content\/uploads\/2020\/05\/pink-street-Lisbonne-10x12.jpg 10w, https:\/\/www.folk-travel.com\/wp-content\/uploads\/2020\/05\/pink-street-Lisbonne-370x458.jpg 370w, https:\/\/www.folk-travel.com\/wp-content\/uploads\/2020\/05\/pink-street-Lisbonne-760x941.jpg 760w, https:\/\/www.folk-travel.com\/wp-content\/uploads\/2020\/05\/pink-street-Lisbonne.jpg 1600w\" sizes=\"(max-width: 768px) 100vw, 768px\" \/>\t\t\t\t\t\t\t\t\t\t\t\t\t\t<\/div>\n\t\t\t\t\t\t<\/div>\n\t\t\t\t<\/div>\n\t\t\t\t<div class=\"elementor-element elementor-element-9aa1771 elementor-widget elementor-widget-text-editor\" data-id=\"9aa1771\" data-element_type=\"widget\" data-widget_type=\"text-editor.default\">\n\t\t\t\t<div class=\"elementor-widget-container\">\n\t\t\t\t\t\t\t\t<div class=\"elementor-text-editor elementor-clearfix\">\n\t\t\t\t<p><span style=\"font-size: 17px; letter-spacing: -0.6px;\">In <\/span><b style=\"font-family: inherit; font-style: inherit; letter-spacing: -0.6px;\">Cais Do Sodr\u00e9 <\/b><span style=\"font-size: 17px; letter-spacing: -0.6px;\">you can also wander around the neighborhood to discover street-art like this raccoon:<\/span><\/p>\t\t\t\t\t<\/div>\n\t\t\t\t\t\t<\/div>\n\t\t\t\t<\/div>\n\t\t\t\t<div class=\"elementor-element elementor-element-f6643d4 elementor-widget elementor-widget-image\" data-id=\"f6643d4\" data-element_type=\"widget\" data-widget_type=\"image.default\">\n\t\t\t\t<div class=\"elementor-widget-container\">\n\t\t\t\t\t\t\t\t<div class=\"elementor-image\">\n\t\t\t\t\t\t\t\t\t\t\t\t<img width=\"768\" height=\"768\" src=\"https:\/\/www.folk-travel.com\/wp-content\/uploads\/2020\/05\/street-art-renard-lisbonne-768x768.jpg\" class=\"attachment-medium_large size-medium_large\" alt=\"street art renard \u00e0 Lisbonne au cais do sodre\" loading=\"lazy\" srcset=\"https:\/\/www.folk-travel.com\/wp-content\/uploads\/2020\/05\/street-art-renard-lisbonne-768x768.jpg 768w, https:\/\/www.folk-travel.com\/wp-content\/uploads\/2020\/05\/street-art-renard-lisbonne-300x300.jpg 300w, https:\/\/www.folk-travel.com\/wp-content\/uploads\/2020\/05\/street-art-renard-lisbonne-1024x1024.jpg 1024w, https:\/\/www.folk-travel.com\/wp-content\/uploads\/2020\/05\/street-art-renard-lisbonne-150x150.jpg 150w, https:\/\/www.folk-travel.com\/wp-content\/uploads\/2020\/05\/street-art-renard-lisbonne-1536x1536.jpg 1536w, https:\/\/www.folk-travel.com\/wp-content\/uploads\/2020\/05\/street-art-renard-lisbonne-12x12.jpg 12w, https:\/\/www.folk-travel.com\/wp-content\/uploads\/2020\/05\/street-art-renard-lisbonne-370x370.jpg 370w, https:\/\/www.folk-travel.com\/wp-content\/uploads\/2020\/05\/street-art-renard-lisbonne-90x90.jpg 90w, https:\/\/www.folk-travel.com\/wp-content\/uploads\/2020\/05\/street-art-renard-lisbonne-760x760.jpg 760w, https:\/\/www.folk-travel.com\/wp-content\/uploads\/2020\/05\/street-art-renard-lisbonne.jpg 1600w\" sizes=\"(max-width: 768px) 100vw, 768px\" \/>\t\t\t\t\t\t\t\t\t\t\t\t\t\t<\/div>\n\t\t\t\t\t\t<\/div>\n\t\t\t\t<\/div>\n\t\t\t\t<div class=\"elementor-element elementor-element-4c4fd64 elementor-widget elementor-widget-image\" data-id=\"4c4fd64\" data-element_type=\"widget\" data-widget_type=\"image.default\">\n\t\t\t\t<div class=\"elementor-widget-container\">\n\t\t\t\t\t\t\t\t<div class=\"elementor-image\">\n\t\t\t\t\t\t\t\t\t\t\t\t<img width=\"768\" height=\"373\" src=\"https:\/\/www.folk-travel.com\/wp-content\/uploads\/2020\/05\/Street-art-cais-do-sodre-lisbonne-768x373.jpg\" class=\"attachment-medium_large size-medium_large\" alt=\"street art sur les quais de Lisbonne artiste styler\" loading=\"lazy\" srcset=\"https:\/\/www.folk-travel.com\/wp-content\/uploads\/2020\/05\/Street-art-cais-do-sodre-lisbonne-768x373.jpg 768w, https:\/\/www.folk-travel.com\/wp-content\/uploads\/2020\/05\/Street-art-cais-do-sodre-lisbonne-300x146.jpg 300w, https:\/\/www.folk-travel.com\/wp-content\/uploads\/2020\/05\/Street-art-cais-do-sodre-lisbonne-1024x498.jpg 1024w, https:\/\/www.folk-travel.com\/wp-content\/uploads\/2020\/05\/Street-art-cais-do-sodre-lisbonne-1536x747.jpg 1536w, https:\/\/www.folk-travel.com\/wp-content\/uploads\/2020\/05\/Street-art-cais-do-sodre-lisbonne-16x8.jpg 16w, https:\/\/www.folk-travel.com\/wp-content\/uploads\/2020\/05\/Street-art-cais-do-sodre-lisbonne-370x180.jpg 370w, https:\/\/www.folk-travel.com\/wp-content\/uploads\/2020\/05\/Street-art-cais-do-sodre-lisbonne-760x370.jpg 760w, https:\/\/www.folk-travel.com\/wp-content\/uploads\/2020\/05\/Street-art-cais-do-sodre-lisbonne.jpg 1600w\" sizes=\"(max-width: 768px) 100vw, 768px\" \/>\t\t\t\t\t\t\t\t\t\t\t\t\t\t<\/div>\n\t\t\t\t\t\t<\/div>\n\t\t\t\t<\/div>\n\t\t\t\t<div class=\"elementor-element elementor-element-9803ef8 elementor-invisible elementor-widget elementor-widget-heading\" data-id=\"9803ef8\" data-element_type=\"widget\" data-settings=\"{&quot;_animation&quot;:&quot;slideInLeft&quot;}\" data-widget_type=\"heading.default\">\n\t\t\t\t<div class=\"elementor-widget-container\">\n\t\t\t<h3 class=\"elementor-heading-title elementor-size-default\">The Mouraria District<\/h3>\t\t<\/div>\n\t\t\t\t<\/div>\n\t\t\t\t<div class=\"elementor-element elementor-element-debf36a elementor-widget elementor-widget-text-editor\" data-id=\"debf36a\" data-element_type=\"widget\" data-widget_type=\"text-editor.default\">\n\t\t\t\t<div class=\"elementor-widget-container\">\n\t\t\t\t\t\t\t\t<div class=\"elementor-text-editor elementor-clearfix\">\n\t\t\t\t<p>The district of <b>Mouraria <\/b>is the soul of Lisbon, authentic because it is one of the few districts not to have been destroyed in the 1755 earthquake.\u00a0 Often considered as Lisbon's unloved neighborhood, Mouraria is the cradle of Fado.\u00a0 Explore this neighborhood where many drawings are present representing the art of Fado.<br \/>\u00a0<br \/>There is a good chance that in a few years time the Mouraria district will become as busy as Alfama is.\u00a0<br \/>Collective of artists - Escadinhas de Sao Cristovao (Mouraria) Fresco dedicated to Fado Vadio.<\/p>\t\t\t\t\t<\/div>\n\t\t\t\t\t\t<\/div>\n\t\t\t\t<\/div>\n\t\t\t\t<div class=\"elementor-element elementor-element-1a786d9 elementor-widget elementor-widget-image\" data-id=\"1a786d9\" data-element_type=\"widget\" data-widget_type=\"image.default\">\n\t\t\t\t<div class=\"elementor-widget-container\">\n\t\t\t\t\t\t\t\t<div class=\"elementor-image\">\n\t\t\t\t\t\t\t\t\t\t\t\t<img width=\"1024\" height=\"684\" src=\"https:\/\/www.folk-travel.com\/wp-content\/uploads\/2020\/05\/Streetart-fado-Lisbonne-mouraria-1024x684.jpg\" class=\"attachment-large size-large\" alt=\"Street art fado \u00e0 lisbonne la mouraria\" loading=\"lazy\" srcset=\"https:\/\/www.folk-travel.com\/wp-content\/uploads\/2020\/05\/Streetart-fado-Lisbonne-mouraria-1024x684.jpg 1024w, https:\/\/www.folk-travel.com\/wp-content\/uploads\/2020\/05\/Streetart-fado-Lisbonne-mouraria-300x200.jpg 300w, https:\/\/www.folk-travel.com\/wp-content\/uploads\/2020\/05\/Streetart-fado-Lisbonne-mouraria-768x513.jpg 768w, https:\/\/www.folk-travel.com\/wp-content\/uploads\/2020\/05\/Streetart-fado-Lisbonne-mouraria-1536x1026.jpg 1536w, https:\/\/www.folk-travel.com\/wp-content\/uploads\/2020\/05\/Streetart-fado-Lisbonne-mouraria-16x12.jpg 16w, https:\/\/www.folk-travel.com\/wp-content\/uploads\/2020\/05\/Streetart-fado-Lisbonne-mouraria-370x247.jpg 370w, https:\/\/www.folk-travel.com\/wp-content\/uploads\/2020\/05\/Streetart-fado-Lisbonne-mouraria-760x508.jpg 760w, https:\/\/www.folk-travel.com\/wp-content\/uploads\/2020\/05\/Streetart-fado-Lisbonne-mouraria.jpg 1600w\" sizes=\"(max-width: 1024px) 100vw, 1024px\" \/>\t\t\t\t\t\t\t\t\t\t\t\t\t\t<\/div>\n\t\t\t\t\t\t<\/div>\n\t\t\t\t<\/div>\n\t\t\t\t<div class=\"elementor-element elementor-element-9a96f2d elementor-widget elementor-widget-image\" data-id=\"9a96f2d\" data-element_type=\"widget\" data-widget_type=\"image.default\">\n\t\t\t\t<div class=\"elementor-widget-container\">\n\t\t\t\t\t\t\t\t<div class=\"elementor-image\">\n\t\t\t\t\t\t\t\t\t\t\t\t<img width=\"768\" height=\"1152\" src=\"https:\/\/www.folk-travel.com\/wp-content\/uploads\/2020\/05\/escadinhas-fado-mouraria-lisboa-768x1152.jpg\" class=\"attachment-medium_large size-medium_large\" alt=\"escaliers Sao Cristovao des fado mouraria \u00e0 Lisbonne\" loading=\"lazy\" srcset=\"https:\/\/www.folk-travel.com\/wp-content\/uploads\/2020\/05\/escadinhas-fado-mouraria-lisboa-768x1152.jpg 768w, https:\/\/www.folk-travel.com\/wp-content\/uploads\/2020\/05\/escadinhas-fado-mouraria-lisboa-200x300.jpg 200w, https:\/\/www.folk-travel.com\/wp-content\/uploads\/2020\/05\/escadinhas-fado-mouraria-lisboa-683x1024.jpg 683w, https:\/\/www.folk-travel.com\/wp-content\/uploads\/2020\/05\/escadinhas-fado-mouraria-lisboa-1024x1536.jpg 1024w, https:\/\/www.folk-travel.com\/wp-content\/uploads\/2020\/05\/escadinhas-fado-mouraria-lisboa-1365x2048.jpg 1365w, https:\/\/www.folk-travel.com\/wp-content\/uploads\/2020\/05\/escadinhas-fado-mouraria-lisboa-8x12.jpg 8w, https:\/\/www.folk-travel.com\/wp-content\/uploads\/2020\/05\/escadinhas-fado-mouraria-lisboa-370x555.jpg 370w, https:\/\/www.folk-travel.com\/wp-content\/uploads\/2020\/05\/escadinhas-fado-mouraria-lisboa-760x1140.jpg 760w, https:\/\/www.folk-travel.com\/wp-content\/uploads\/2020\/05\/escadinhas-fado-mouraria-lisboa-scaled.jpg 1600w\" sizes=\"(max-width: 768px) 100vw, 768px\" \/>\t\t\t\t\t\t\t\t\t\t\t\t\t\t<\/div>\n\t\t\t\t\t\t<\/div>\n\t\t\t\t<\/div>\n\t\t\t\t<div class=\"elementor-element elementor-element-a76eb55 elementor-invisible elementor-widget elementor-widget-heading\" data-id=\"a76eb55\" data-element_type=\"widget\" data-settings=\"{&quot;_animation&quot;:&quot;slideInLeft&quot;}\" data-widget_type=\"heading.default\">\n\t\t\t\t<div class=\"elementor-widget-container\">\n\t\t\t<h3 class=\"elementor-heading-title elementor-size-default\">The Park of the Nations District - Parque das Nacoes<\/h3>\t\t<\/div>\n\t\t\t\t<\/div>\n\t\t\t\t<div class=\"elementor-element elementor-element-a3f1901 elementor-widget elementor-widget-text-editor\" data-id=\"a3f1901\" data-element_type=\"widget\" data-widget_type=\"text-editor.default\">\n\t\t\t\t<div class=\"elementor-widget-container\">\n\t\t\t\t\t\t\t\t<div class=\"elementor-text-editor elementor-clearfix\">\n\t\t\t\t<p>This district contrasts entirely with Alfama for its modernity!\u00a0 It must be said that the district was based on the pole of attraction of the most futuristic World Fair of 1998 its theme: the oceans, a heritage for the future.<\/p><p>The Parc des Nations brings together major architectural sites such as the <b>Oriente train station, the Oceanario, the Vasco de Gama bridge and the shopping centre. <\/b>on the road to India there you will see dozens of shops of major brands and upstairs you can eat.\u00a0 It was so warm that strolling in this air-conditioned centre was pleasant.<\/p><p>\u00a0<\/p>\t\t\t\t\t<\/div>\n\t\t\t\t\t\t<\/div>\n\t\t\t\t<\/div>\n\t\t\t\t<div class=\"elementor-element elementor-element-2e01901 elementor-widget elementor-widget-heading\" data-id=\"2e01901\" data-element_type=\"widget\" data-widget_type=\"heading.default\">\n\t\t\t\t<div class=\"elementor-widget-container\">\n\t\t\t<h4 class=\"elementor-heading-title elementor-size-default\">Oriente train station<\/h4>\t\t<\/div>\n\t\t\t\t<\/div>\n\t\t\t\t<div class=\"elementor-element elementor-element-624b11c elementor-widget elementor-widget-text-editor\" data-id=\"624b11c\" data-element_type=\"widget\" data-widget_type=\"text-editor.default\">\n\t\t\t\t<div class=\"elementor-widget-container\">\n\t\t\t\t\t\t\t\t<div class=\"elementor-text-editor elementor-clearfix\">\n\t\t\t\t<p>The Esta\u00e7ao do Oriente station is packed with people, and not for nothing as this large Lisbon station offers train, bus and metro connections. We were captivated by the architectural style of the platforms.<\/p><p>\u00a0<\/p>\t\t\t\t\t<\/div>\n\t\t\t\t\t\t<\/div>\n\t\t\t\t<\/div>\n\t\t\t\t<div class=\"elementor-element elementor-element-1b0558c elementor-widget elementor-widget-image\" data-id=\"1b0558c\" data-element_type=\"widget\" data-widget_type=\"image.default\">\n\t\t\t\t<div class=\"elementor-widget-container\">\n\t\t\t\t\t\t\t\t<div class=\"elementor-image\">\n\t\t\t\t\t\t\t\t\t\t\t\t<img width=\"768\" height=\"576\" src=\"https:\/\/www.folk-travel.com\/wp-content\/uploads\/2020\/05\/Gare-Oriente-Lisbonne-768x576.jpg\" class=\"attachment-medium_large size-medium_large\" alt=\"Gare Oriente \u00e0 Lisbonne\" loading=\"lazy\" srcset=\"https:\/\/www.folk-travel.com\/wp-content\/uploads\/2020\/05\/Gare-Oriente-Lisbonne-768x576.jpg 768w, https:\/\/www.folk-travel.com\/wp-content\/uploads\/2020\/05\/Gare-Oriente-Lisbonne-300x225.jpg 300w, https:\/\/www.folk-travel.com\/wp-content\/uploads\/2020\/05\/Gare-Oriente-Lisbonne-1024x768.jpg 1024w, https:\/\/www.folk-travel.com\/wp-content\/uploads\/2020\/05\/Gare-Oriente-Lisbonne-1536x1152.jpg 1536w, https:\/\/www.folk-travel.com\/wp-content\/uploads\/2020\/05\/Gare-Oriente-Lisbonne-16x12.jpg 16w, https:\/\/www.folk-travel.com\/wp-content\/uploads\/2020\/05\/Gare-Oriente-Lisbonne-370x278.jpg 370w, https:\/\/www.folk-travel.com\/wp-content\/uploads\/2020\/05\/Gare-Oriente-Lisbonne-760x570.jpg 760w, https:\/\/www.folk-travel.com\/wp-content\/uploads\/2020\/05\/Gare-Oriente-Lisbonne.jpg 1600w\" sizes=\"(max-width: 768px) 100vw, 768px\" \/>\t\t\t\t\t\t\t\t\t\t\t\t\t\t<\/div>\n\t\t\t\t\t\t<\/div>\n\t\t\t\t<\/div>\n\t\t\t\t<div class=\"elementor-element elementor-element-cb89dcc elementor-widget elementor-widget-heading\" data-id=\"cb89dcc\" data-element_type=\"widget\" data-widget_type=\"heading.default\">\n\t\t\t\t<div class=\"elementor-widget-container\">\n\t\t\t<h4 class=\"elementor-heading-title elementor-size-default\">Parque das Na\u00e7oes<\/h4>\t\t<\/div>\n\t\t\t\t<\/div>\n\t\t\t\t<div class=\"elementor-element elementor-element-bb5c355 elementor-widget elementor-widget-text-editor\" data-id=\"bb5c355\" data-element_type=\"widget\" data-widget_type=\"text-editor.default\">\n\t\t\t\t<div class=\"elementor-widget-container\">\n\t\t\t\t\t\t\t\t<div class=\"elementor-text-editor elementor-clearfix\">\n\t\t\t\t<p>On the banks of the Tagus, you will enjoy strolling with its cafe terraces, the many fountains, doing sports. Here you can breathe the fullness.<\/p><p>You can also admire the Vasco da Gama bridge (20km long! ) from the gondola which runs along the quay for 1km suspended 30 meters above the water. Count 4\u20ac one way (6\u20ac back).<\/p><p>You'll get to the end by the<a href=\"https:\/\/www.booking.com\/hotel\/pt\/myriad-by-sana-hotels.en.html?aid=7937573&amp;no_rooms=1&amp;group_adults=2\" target=\"_blank\" rel=\"noopener sponsored\">Myriad by Sana Hotel<\/a>\u00a0that you can't miss because of its architecture: in the shape of a sail, and a 145-metre tower: the must an observation platform at the top is accessible to guests of the hotel's gourmet restaurant (not accessible to all budgets).\u00a0 The rooms are to fall with a beautiful view of the Tagus. One regrets not having booked at this hotel.<span style=\"font-size: 17px; letter-spacing: -0.6px;\">\u00a0<\/span><\/p>\t\t\t\t\t<\/div>\n\t\t\t\t\t\t<\/div>\n\t\t\t\t<\/div>\n\t\t\t\t<section class=\"elementor-section elementor-inner-section elementor-element elementor-element-31c2361 elementor-section-boxed elementor-section-height-default elementor-section-height-default\" data-id=\"31c2361\" data-element_type=\"section\">\n\t\t\t\t\t\t<div class=\"elementor-container elementor-column-gap-extended\">\n\t\t\t\t\t\t\t<div class=\"elementor-row\">\n\t\t\t\t\t<div class=\"elementor-column elementor-col-50 elementor-inner-column elementor-element elementor-element-0a0b631 sc_layouts_column_icons_position_left\" data-id=\"0a0b631\" data-element_type=\"column\">\n\t\t\t<div class=\"elementor-column-wrap elementor-element-populated\">\n\t\t\t\t\t\t\t<div class=\"elementor-widget-wrap\">\n\t\t\t\t\t\t<div class=\"elementor-element elementor-element-e27279d elementor-widget elementor-widget-image\" data-id=\"e27279d\" data-element_type=\"widget\" data-widget_type=\"image.default\">\n\t\t\t\t<div class=\"elementor-widget-container\">\n\t\t\t\t\t\t\t\t<div class=\"elementor-image\">\n\t\t\t\t\t\t\t\t\t\t\t\t<img width=\"768\" height=\"1024\" src=\"https:\/\/www.folk-travel.com\/wp-content\/uploads\/2020\/05\/Tour-Vasco-Gama-Lisbonne-768x1024.jpg\" class=\"attachment-medium_large size-medium_large\" alt=\"Tour de Vasco Gama \u00e0 Lisbonne\" loading=\"lazy\" srcset=\"https:\/\/www.folk-travel.com\/wp-content\/uploads\/2020\/05\/Tour-Vasco-Gama-Lisbonne-768x1024.jpg 768w, https:\/\/www.folk-travel.com\/wp-content\/uploads\/2020\/05\/Tour-Vasco-Gama-Lisbonne-225x300.jpg 225w, https:\/\/www.folk-travel.com\/wp-content\/uploads\/2020\/05\/Tour-Vasco-Gama-Lisbonne-1152x1536.jpg 1152w, https:\/\/www.folk-travel.com\/wp-content\/uploads\/2020\/05\/Tour-Vasco-Gama-Lisbonne-1536x2048.jpg 1536w, https:\/\/www.folk-travel.com\/wp-content\/uploads\/2020\/05\/Tour-Vasco-Gama-Lisbonne-9x12.jpg 9w, https:\/\/www.folk-travel.com\/wp-content\/uploads\/2020\/05\/Tour-Vasco-Gama-Lisbonne-370x493.jpg 370w, https:\/\/www.folk-travel.com\/wp-content\/uploads\/2020\/05\/Tour-Vasco-Gama-Lisbonne-760x1013.jpg 760w, https:\/\/www.folk-travel.com\/wp-content\/uploads\/2020\/05\/Tour-Vasco-Gama-Lisbonne-scaled.jpg 1600w\" sizes=\"(max-width: 768px) 100vw, 768px\" \/>\t\t\t\t\t\t\t\t\t\t\t\t\t\t<\/div>\n\t\t\t\t\t\t<\/div>\n\t\t\t\t<\/div>\n\t\t\t\t\t\t<\/div>\n\t\t\t\t\t<\/div>\n\t\t<\/div>\n\t\t\t\t<div class=\"elementor-column elementor-col-50 elementor-inner-column elementor-element elementor-element-07a15c7 sc_layouts_column_icons_position_left\" data-id=\"07a15c7\" data-element_type=\"column\">\n\t\t\t<div class=\"elementor-column-wrap elementor-element-populated\">\n\t\t\t\t\t\t\t<div class=\"elementor-widget-wrap\">\n\t\t\t\t\t\t<div class=\"elementor-element elementor-element-3a79093 elementor-widget elementor-widget-image\" data-id=\"3a79093\" data-element_type=\"widget\" data-widget_type=\"image.default\">\n\t\t\t\t<div class=\"elementor-widget-container\">\n\t\t\t\t\t\t\t\t<div class=\"elementor-image\">\n\t\t\t\t\t\t\t\t\t\t\t\t<img width=\"768\" height=\"1024\" src=\"https:\/\/www.folk-travel.com\/wp-content\/uploads\/2020\/05\/Telecabine-parc-nations-Lisbonne-768x1024.jpg\" class=\"attachment-large size-large\" alt=\"T\u00e9l\u00e9cabine du parc des nations \u00e0 Lisbonne\" loading=\"lazy\" srcset=\"https:\/\/www.folk-travel.com\/wp-content\/uploads\/2020\/05\/Telecabine-parc-nations-Lisbonne-768x1024.jpg 768w, https:\/\/www.folk-travel.com\/wp-content\/uploads\/2020\/05\/Telecabine-parc-nations-Lisbonne-225x300.jpg 225w, https:\/\/www.folk-travel.com\/wp-content\/uploads\/2020\/05\/Telecabine-parc-nations-Lisbonne-1152x1536.jpg 1152w, https:\/\/www.folk-travel.com\/wp-content\/uploads\/2020\/05\/Telecabine-parc-nations-Lisbonne-1536x2048.jpg 1536w, https:\/\/www.folk-travel.com\/wp-content\/uploads\/2020\/05\/Telecabine-parc-nations-Lisbonne-9x12.jpg 9w, https:\/\/www.folk-travel.com\/wp-content\/uploads\/2020\/05\/Telecabine-parc-nations-Lisbonne-370x493.jpg 370w, https:\/\/www.folk-travel.com\/wp-content\/uploads\/2020\/05\/Telecabine-parc-nations-Lisbonne-760x1013.jpg 760w, https:\/\/www.folk-travel.com\/wp-content\/uploads\/2020\/05\/Telecabine-parc-nations-Lisbonne-scaled.jpg 1600w\" sizes=\"(max-width: 768px) 100vw, 768px\" \/>\t\t\t\t\t\t\t\t\t\t\t\t\t\t<\/div>\n\t\t\t\t\t\t<\/div>\n\t\t\t\t<\/div>\n\t\t\t\t\t\t<\/div>\n\t\t\t\t\t<\/div>\n\t\t<\/div>\n\t\t\t\t\t\t\t\t<\/div>\n\t\t\t\t\t<\/div>\n\t\t<\/section>\n\t\t\t\t<div class=\"elementor-element elementor-element-4572e8a elementor-widget elementor-widget-heading\" data-id=\"4572e8a\" data-element_type=\"widget\" data-widget_type=\"heading.default\">\n\t\t\t\t<div class=\"elementor-widget-container\">\n\t\t\t<h4 class=\"elementor-heading-title elementor-size-default\">The Oceanario Aquarium of Lisboa<\/h4>\t\t<\/div>\n\t\t\t\t<\/div>\n\t\t\t\t<div class=\"elementor-element elementor-element-bab5355 elementor-widget elementor-widget-text-editor\" data-id=\"bab5355\" data-element_type=\"widget\" data-widget_type=\"text-editor.default\">\n\t\t\t\t<div class=\"elementor-widget-container\">\n\t\t\t\t\t\t\t\t<div class=\"elementor-text-editor elementor-clearfix\">\n\t\t\t\t<p>The Lisbon Aquarium, known as the Ocean\u00e1rio de Lisboa, is the most important aquarium in the world. <b>grand aquarium int\u00e9rieur d&#8217;Europe <\/b>et se r\u00e9v\u00e8lera un incontournable quand on visite Lisbonne en famille ! Pas moins de 450 esp\u00e8ces dans plus de 30 aquariums et 5000 m3 d&#8217;eau.\u00a0<\/p>\t\t\t\t\t<\/div>\n\t\t\t\t\t\t<\/div>\n\t\t\t\t<\/div>\n\t\t\t\t<div class=\"elementor-element elementor-element-4a002df elementor-widget elementor-widget-heading\" data-id=\"4a002df\" data-element_type=\"widget\" data-widget_type=\"heading.default\">\n\t\t\t\t<div class=\"elementor-widget-container\">\n\t\t\t<h2 class=\"elementor-heading-title elementor-size-default\">Where to sleep in Lisbon<\/h2>\t\t<\/div>\n\t\t\t\t<\/div>\n\t\t\t\t<div class=\"elementor-element elementor-element-c23f030 elementor-widget elementor-widget-text-editor\" data-id=\"c23f030\" data-element_type=\"widget\" data-widget_type=\"text-editor.default\">\n\t\t\t\t<div class=\"elementor-widget-container\">\n\t\t\t\t\t\t\t\t<div class=\"elementor-text-editor elementor-clearfix\">\n\t\t\t\t<p>We've seen the different neighbourhoods and all the things they'll bring you when you visit. But the ideal neighbourhood for sightseeing doesn't necessarily mean a place to rest during the holidays. Folk-Travel will guide you to the best neighbourhood to rest in:<\/p>\n<p>&#8211; <b>stay in the Bairro Alto neighbourhood<\/b> It's the neighbourhood for partying, frequented by students in a lively atmosphere.&nbsp;<br>&#8211; <b>to stay in the Baixa-Chiado neighborhood<\/b> This is the heart of Lisbon, with a choice of shopping and sightseeing, this area is the ideal place to stay.<br>&#8211; <b>to stay in the Alfama district <\/b>For sightseeing and authenticity it is THE district not to be missed but to sleep there it is not the safest.<br><span style=\"font-size: 17px; letter-spacing: -0.6px;\">Our choice of well-placed hotels during our stay in Lisbon :<\/span><\/p>\t\t\t\t\t<\/div>\n\t\t\t\t\t\t<\/div>\n\t\t\t\t<\/div>\n\t\t\t\t<div class=\"elementor-element elementor-element-a2f680b elementor-invisible elementor-widget elementor-widget-heading\" data-id=\"a2f680b\" data-element_type=\"widget\" data-settings=\"{&quot;_animation&quot;:&quot;slideInLeft&quot;}\" data-widget_type=\"heading.default\">\n\t\t\t\t<div class=\"elementor-widget-container\">\n\t\t\t<h3 class=\"elementor-heading-title elementor-size-default\">Accommodation at Lisbon Cheese &amp; Wine<\/h3>\t\t<\/div>\n\t\t\t\t<\/div>\n\t\t\t\t<div class=\"elementor-element elementor-element-a6f8fda elementor-widget elementor-widget-text-editor\" data-id=\"a6f8fda\" data-element_type=\"widget\" data-widget_type=\"text-editor.default\">\n\t\t\t\t<div class=\"elementor-widget-container\">\n\t\t\t\t\t\t\t\t<div class=\"elementor-text-editor elementor-clearfix\">\n\t\t\t\t<p>It is not really a hotel but rather a guest house with a serious and personalized welcome. The decorations of the rooms are very design. You can have breakfast in different rooms, the atmosphere is very classy. A real \"coup de coeur\".<br \/>For more information on the\u00a0<a style=\"font-size: 17px; letter-spacing: -0.6px; background-color: #ffffff;\" href=\"https:\/\/www.booking.com\/hotel\/pt\/cheese-amp-wine-suites.en.html?aid=7937573&amp;no_rooms=1&amp;group_adults=2\" target=\"_blank\" rel=\"noopener noreferrer nofollow\">Lisbon Cheese &amp; Wine <b>see here<\/b><\/a><\/p>\t\t\t\t\t<\/div>\n\t\t\t\t\t\t<\/div>\n\t\t\t\t<\/div>\n\t\t\t\t<div class=\"elementor-element elementor-element-c010b13 elementor-arrows-position-inside elementor-pagination-position-outside elementor-widget elementor-widget-image-carousel\" data-id=\"c010b13\" data-element_type=\"widget\" data-settings=\"{&quot;slides_to_show&quot;:&quot;1&quot;,&quot;navigation&quot;:&quot;both&quot;,&quot;autoplay&quot;:&quot;yes&quot;,&quot;pause_on_hover&quot;:&quot;yes&quot;,&quot;pause_on_interaction&quot;:&quot;yes&quot;,&quot;autoplay_speed&quot;:5000,&quot;infinite&quot;:&quot;yes&quot;,&quot;effect&quot;:&quot;slide&quot;,&quot;speed&quot;:500}\" data-widget_type=\"image-carousel.default\">\n\t\t\t\t<div class=\"elementor-widget-container\">\n\t\t\t\t\t<div class=\"elementor-image-carousel-wrapper swiper-container\" dir=\"ltr\">\n\t\t\t<div class=\"elementor-image-carousel swiper-wrapper\">\n\t\t\t\t\t\t\t\t<div class=\"swiper-slide\"><figure class=\"swiper-slide-inner\"><img class=\"swiper-slide-image\" src=\"https:\/\/www.folk-travel.com\/wp-content\/uploads\/2020\/05\/Hotel-cheese-and-wine-bedroom-768x512.jpg\" alt=\"Hotel cheese and wine \u00e0 Lisbonne bedroom\" \/><figcaption class=\"elementor-image-carousel-caption\">Room<\/figcaption><\/figure><\/div><div class=\"swiper-slide\"><figure class=\"swiper-slide-inner\"><img class=\"swiper-slide-image\" src=\"https:\/\/www.folk-travel.com\/wp-content\/uploads\/2020\/05\/Hotel-cheese-and-wine-bathroom-768x512.jpg\" alt=\"H\u00f4tel cheese and wine \u00e0 Lisbonne the bathroom\" \/><figcaption class=\"elementor-image-carousel-caption\">Bedroom and bathroom<\/figcaption><\/figure><\/div><div class=\"swiper-slide\"><figure class=\"swiper-slide-inner\"><img class=\"swiper-slide-image\" src=\"https:\/\/www.folk-travel.com\/wp-content\/uploads\/2020\/05\/Hotel-cheese-and-wine-petit-dejeuner-768x512.jpg\" alt=\"H\u00f4tel cheese and wine \u00e0 Lisbonne petit d\u00e9jeuner\" \/><figcaption class=\"elementor-image-carousel-caption\">Breakfast<\/figcaption><\/figure><\/div><div class=\"swiper-slide\"><figure class=\"swiper-slide-inner\"><img class=\"swiper-slide-image\" src=\"https:\/\/www.folk-travel.com\/wp-content\/uploads\/2020\/05\/Hotel-cheese-and-wine-lisbonne-buffet2-768x512.jpg\" alt=\"H\u00f4tel cheese and wine Lisbonne buffet du petit d\u00e9jeuner\" \/><figcaption class=\"elementor-image-carousel-caption\">Breakfast buffet<\/figcaption><\/figure><\/div><div class=\"swiper-slide\"><figure class=\"swiper-slide-inner\"><img class=\"swiper-slide-image\" src=\"https:\/\/www.folk-travel.com\/wp-content\/uploads\/2020\/05\/Hotel-cheese-and-wine-buffet-768x512.jpg\" alt=\"H\u00f4tel cheese and wine \u00e0 Lisbonne le buffet du petit d\u00e9jeun\u00e9\" \/><figcaption class=\"elementor-image-carousel-caption\">Breakfast buffet<\/figcaption><\/figure><\/div><div class=\"swiper-slide\"><figure class=\"swiper-slide-inner\"><img class=\"swiper-slide-image\" src=\"https:\/\/www.folk-travel.com\/wp-content\/uploads\/2020\/05\/Hotel-cheese-and-wine-lisbonne-boutique-768x512.jpg\" alt=\"Hotel-cheese-and-wine-lisbonne-boutique\" \/><figcaption class=\"elementor-image-carousel-caption\">Hotel shop<\/figcaption><\/figure><\/div><div class=\"swiper-slide\"><figure class=\"swiper-slide-inner\"><img class=\"swiper-slide-image\" src=\"https:\/\/www.folk-travel.com\/wp-content\/uploads\/2020\/05\/Hotel-cheese-and-wine-lisbonne-terrasse-768x511.jpg\" alt=\"Hotel-cheese-and-wine-lisbonne-terrasse\" \/><figcaption class=\"elementor-image-carousel-caption\">Terrace<\/figcaption><\/figure><\/div><div class=\"swiper-slide\"><figure class=\"swiper-slide-inner\"><img class=\"swiper-slide-image\" src=\"https:\/\/www.folk-travel.com\/wp-content\/uploads\/2020\/05\/Hotel-cheese-and-wine-balcon-768x512.jpg\" alt=\"Hotel cheese and wine \u00e0 Lisbonne le balcon\" \/><figcaption class=\"elementor-image-carousel-caption\">Balcony of a room<\/figcaption><\/figure><\/div><div class=\"swiper-slide\"><figure class=\"swiper-slide-inner\"><img class=\"swiper-slide-image\" src=\"https:\/\/www.folk-travel.com\/wp-content\/uploads\/2020\/05\/Hotel-cheese-and-wine-lisbonne-768x512.jpg\" alt=\"H\u00f4tel Cheese and Wine \u00e0 Lisbonne la salle de bain\" \/><figcaption class=\"elementor-image-carousel-caption\">Bathroom<\/figcaption><\/figure><\/div><div class=\"swiper-slide\"><figure class=\"swiper-slide-inner\"><img class=\"swiper-slide-image\" src=\"https:\/\/www.folk-travel.com\/wp-content\/uploads\/2020\/05\/Hotel-cheese-and-wine-lisbonne-2-768x518.jpg\" alt=\"H\u00f4tel cheese and wine \u00e0 Lisbonne chambre\" \/><figcaption class=\"elementor-image-carousel-caption\">Room<\/figcaption><\/figure><\/div><div class=\"swiper-slide\"><figure class=\"swiper-slide-inner\"><img class=\"swiper-slide-image\" src=\"https:\/\/www.folk-travel.com\/wp-content\/uploads\/2020\/05\/Hotel-cheese-and-wine-chambre-768x512.jpg\" alt=\"Hotel cheese and wine-lisbonne une chambre\" \/><figcaption class=\"elementor-image-carousel-caption\">Room<\/figcaption><\/figure><\/div><div class=\"swiper-slide\"><figure class=\"swiper-slide-inner\"><img class=\"swiper-slide-image\" src=\"https:\/\/www.folk-travel.com\/wp-content\/uploads\/2020\/05\/Hotel-cheese-and-wine-chambre-1-768x510.jpg\" alt=\"H\u00f4tel cheese and wine \u00e0 Lisbonne chambre\" \/><figcaption class=\"elementor-image-carousel-caption\">Room<\/figcaption><\/figure><\/div><div class=\"swiper-slide\"><figure class=\"swiper-slide-inner\"><img class=\"swiper-slide-image\" src=\"https:\/\/www.folk-travel.com\/wp-content\/uploads\/2020\/05\/Hotel-cheese-and-wine-lisbonne-chambre1-768x512.jpg\" alt=\"Hotel cheese and wine Lisbonne une chambre\" \/><figcaption class=\"elementor-image-carousel-caption\">Room<\/figcaption><\/figure><\/div>\t\t\t<\/div>\n\t\t\t\t\t\t\t\t\t\t\t\t<div class=\"swiper-pagination\"><\/div>\n\t\t\t\t\t\t\t\t\t\t\t\t\t<div class=\"elementor-swiper-button elementor-swiper-button-prev\">\n\t\t\t\t\t\t<i class=\"eicon-chevron-left\" aria-hidden=\"true\"><\/i>\n\t\t\t\t\t\t<span class=\"elementor-screen-only\">Previous<\/span>\n\t\t\t\t\t<\/div>\n\t\t\t\t\t<div class=\"elementor-swiper-button elementor-swiper-button-next\">\n\t\t\t\t\t\t<i class=\"eicon-chevron-right\" aria-hidden=\"true\"><\/i>\n\t\t\t\t\t\t<span class=\"elementor-screen-only\">Next<\/span>\n\t\t\t\t\t<\/div>\n\t\t\t\t\t\t\t\t\t<\/div>\n\t\t\t\t<\/div>\n\t\t\t\t<\/div>\n\t\t\t\t<div class=\"elementor-element elementor-element-4994088 elementor-invisible elementor-widget elementor-widget-heading\" data-id=\"4994088\" data-element_type=\"widget\" data-settings=\"{&quot;_animation&quot;:&quot;slideInLeft&quot;}\" data-widget_type=\"heading.default\">\n\t\t\t\t<div class=\"elementor-widget-container\">\n\t\t\t<h3 class=\"elementor-heading-title elementor-size-default\">Hotel near Eduardo Park: Lux Lisboa Park<\/h3>\t\t<\/div>\n\t\t\t\t<\/div>\n\t\t\t\t<div class=\"elementor-element elementor-element-eadbee4 elementor-widget elementor-widget-text-editor\" data-id=\"eadbee4\" data-element_type=\"widget\" data-widget_type=\"text-editor.default\">\n\t\t\t\t<div class=\"elementor-widget-container\">\n\t\t\t\t\t\t\t\t<div class=\"elementor-text-editor elementor-clearfix\">\n\t\t\t\t<p>We were looking for a hotel in the centre of Les Avenidas and we particularly liked this 4-star hotel. We strongly recommend it to you:<br \/>Pour avoir plus de renseignements ici sur le <a style=\"font-size: 17px; letter-spacing: -0.6px; background-color: #ffffff;\" href=\"https:\/\/www.booking.com\/hotel\/pt\/lux-lisboa-park.en.html?aid=7937573&amp;no_rooms=1&amp;group_adults=2\" target=\"_blank\" rel=\"noopener noreferrer nofollow\">Lux Lisboa Park Hotel <b>see here<\/b><\/a><\/p>\t\t\t\t\t<\/div>\n\t\t\t\t\t\t<\/div>\n\t\t\t\t<\/div>\n\t\t\t\t<div class=\"elementor-element elementor-element-f1a867c elementor-arrows-position-inside elementor-pagination-position-outside elementor-widget elementor-widget-image-carousel\" data-id=\"f1a867c\" data-element_type=\"widget\" data-settings=\"{&quot;slides_to_show&quot;:&quot;1&quot;,&quot;navigation&quot;:&quot;both&quot;,&quot;autoplay&quot;:&quot;yes&quot;,&quot;pause_on_hover&quot;:&quot;yes&quot;,&quot;pause_on_interaction&quot;:&quot;yes&quot;,&quot;autoplay_speed&quot;:5000,&quot;infinite&quot;:&quot;yes&quot;,&quot;effect&quot;:&quot;slide&quot;,&quot;speed&quot;:500}\" data-widget_type=\"image-carousel.default\">\n\t\t\t\t<div class=\"elementor-widget-container\">\n\t\t\t\t\t<div class=\"elementor-image-carousel-wrapper swiper-container\" dir=\"ltr\">\n\t\t\t<div class=\"elementor-image-carousel swiper-wrapper\">\n\t\t\t\t\t\t\t\t<div class=\"swiper-slide\"><figure class=\"swiper-slide-inner\"><img class=\"swiper-slide-image\" src=\"https:\/\/www.folk-travel.com\/wp-content\/uploads\/2020\/05\/Hotel-lux-lisboa-park-chambre-768x512.jpg\" alt=\"Hotel lux lisboa park chambre suite\" \/><figcaption class=\"elementor-image-carousel-caption\">Suite-chambre<\/figcaption><\/figure><\/div><div class=\"swiper-slide\"><figure class=\"swiper-slide-inner\"><img class=\"swiper-slide-image\" src=\"https:\/\/www.folk-travel.com\/wp-content\/uploads\/2020\/05\/Hotel-lux-lisboa-park-swimming-pool-768x500.jpg\" alt=\"Hotel-lux-lisboa-park-swimming-pool\" \/><figcaption class=\"elementor-image-carousel-caption\">Piscine sur le toit terrasse<\/figcaption><\/figure><\/div><div class=\"swiper-slide\"><figure class=\"swiper-slide-inner\"><img class=\"swiper-slide-image\" src=\"https:\/\/www.folk-travel.com\/wp-content\/uploads\/2020\/05\/Hotel-lux-lisboa-park-musculation-768x512.jpg\" alt=\"Hotel-lux-lisboa-park-musculation\" \/><figcaption class=\"elementor-image-carousel-caption\">Salle de sport<\/figcaption><\/figure><\/div><div class=\"swiper-slide\"><figure class=\"swiper-slide-inner\"><img class=\"swiper-slide-image\" src=\"https:\/\/www.folk-travel.com\/wp-content\/uploads\/2020\/05\/Hotel-lux-lisboa-park-petit-dejeuner-768x512.jpg\" alt=\"Hotel-lux-lisboa-park-petit-dejeuner\" \/><figcaption class=\"elementor-image-carousel-caption\">Breakfast buffet<\/figcaption><\/figure><\/div><div class=\"swiper-slide\"><figure class=\"swiper-slide-inner\"><img class=\"swiper-slide-image\" src=\"https:\/\/www.folk-travel.com\/wp-content\/uploads\/2020\/05\/Hotel-lux-lisboa-park-salle-petit-dejeuner-768x512.jpg\" alt=\"Hotel-lux-lisboa-park-salle-petit-dejeuner\" \/><figcaption class=\"elementor-image-carousel-caption\">Salle du petit d\u00e9jeuner<\/figcaption><\/figure><\/div><div class=\"swiper-slide\"><figure class=\"swiper-slide-inner\"><img class=\"swiper-slide-image\" src=\"https:\/\/www.folk-travel.com\/wp-content\/uploads\/2020\/05\/Hotel-lux-lisboa-park-piscine-768x512.jpg\" alt=\"Hotel-lux-lisboa-park-piscine\" \/><figcaption class=\"elementor-image-carousel-caption\">Piscine rooftop<\/figcaption><\/figure><\/div><div class=\"swiper-slide\"><figure class=\"swiper-slide-inner\"><img class=\"swiper-slide-image\" src=\"https:\/\/www.folk-travel.com\/wp-content\/uploads\/2020\/05\/Hotel-lux-lisboa-park-terrasse-768x512.jpg\" alt=\"Hotel-lux-lisboa-park-terrasse\" \/><figcaption class=\"elementor-image-carousel-caption\">Terrace with rooftop bar<\/figcaption><\/figure><\/div>\t\t\t<\/div>\n\t\t\t\t\t\t\t\t\t\t\t\t<div class=\"swiper-pagination\"><\/div>\n\t\t\t\t\t\t\t\t\t\t\t\t\t<div class=\"elementor-swiper-button elementor-swiper-button-prev\">\n\t\t\t\t\t\t<i class=\"eicon-chevron-left\" aria-hidden=\"true\"><\/i>\n\t\t\t\t\t\t<span class=\"elementor-screen-only\">Previous<\/span>\n\t\t\t\t\t<\/div>\n\t\t\t\t\t<div class=\"elementor-swiper-button elementor-swiper-button-next\">\n\t\t\t\t\t\t<i class=\"eicon-chevron-right\" aria-hidden=\"true\"><\/i>\n\t\t\t\t\t\t<span class=\"elementor-screen-only\">Next<\/span>\n\t\t\t\t\t<\/div>\n\t\t\t\t\t\t\t\t\t<\/div>\n\t\t\t\t<\/div>\n\t\t\t\t<\/div>\n\t\t\t\t\t\t<\/div>\n\t\t\t\t\t<\/div>\n\t\t<\/div>\n\t\t\t\t\t\t\t\t<\/div>\n\t\t\t\t\t<\/div>\n\t\t<\/section>\n\t\t\t\t<section class=\"elementor-section elementor-top-section elementor-element elementor-element-176c321 elementor-section-boxed elementor-section-height-default elementor-section-height-default\" data-id=\"176c321\" data-element_type=\"section\">\n\t\t\t\t\t\t<div class=\"elementor-container elementor-column-gap-extended\">\n\t\t\t\t\t\t\t<div class=\"elementor-row\">\n\t\t\t\t\t<div class=\"elementor-column elementor-col-33 elementor-top-column elementor-element elementor-element-b16f38a sc_layouts_column_icons_position_left\" data-id=\"b16f38a\" data-element_type=\"column\">\n\t\t\t<div class=\"elementor-column-wrap elementor-element-populated\">\n\t\t\t\t\t\t\t<div class=\"elementor-widget-wrap\">\n\t\t\t\t\t\t<div class=\"elementor-element elementor-element-7c1922c elementor-widget elementor-widget-heading\" data-id=\"7c1922c\" data-element_type=\"widget\" data-widget_type=\"heading.default\">\n\t\t\t\t<div class=\"elementor-widget-container\">\n\t\t\t<h4 class=\"elementor-heading-title elementor-size-default\"><a href=\"https:\/\/www.folk-travel.com\/en\/lx-factory-cristo-rei\/\">Lx Factory Artists' District<\/a><\/h4>\t\t<\/div>\n\t\t\t\t<\/div>\n\t\t\t\t<div class=\"elementor-element elementor-element-b9c14ce elementor-widget elementor-widget-image\" data-id=\"b9c14ce\" data-element_type=\"widget\" data-widget_type=\"image.default\">\n\t\t\t\t<div class=\"elementor-widget-container\">\n\t\t\t\t\t\t\t\t<div class=\"elementor-image\">\n\t\t\t\t\t\t\t\t\t\t\t\t\t<a href=\"https:\/\/www.folk-travel.com\/en\/lx-factory-cristo-rei\/\">\n\t\t\t\t\t\t\t<img src=\"https:\/\/www.folk-travel.com\/wp-content\/uploads\/elementor\/thumbs\/librairie-lxfactory-Lisbonne-scaled-ptui45mqggt6c5c78bthwtl65eq6ckpzio87wx5m7g.jpg\" title=\"librairie-lxfactory-lisbonne\" alt=\"la librairie de Lxfactory \u00e0 Lisbonne\" \/>\t\t\t\t\t\t\t\t<\/a>\n\t\t\t\t\t\t\t\t\t\t\t\t\t\t<\/div>\n\t\t\t\t\t\t<\/div>\n\t\t\t\t<\/div>\n\t\t\t\t\t\t<\/div>\n\t\t\t\t\t<\/div>\n\t\t<\/div>\n\t\t\t\t<div class=\"elementor-column elementor-col-33 elementor-top-column elementor-element elementor-element-8f48826 sc_layouts_column_icons_position_left\" data-id=\"8f48826\" data-element_type=\"column\">\n\t\t\t<div class=\"elementor-column-wrap elementor-element-populated\">\n\t\t\t\t\t\t\t<div class=\"elementor-widget-wrap\">\n\t\t\t\t\t\t<div class=\"elementor-element elementor-element-23527b9 elementor-widget elementor-widget-heading\" data-id=\"23527b9\" data-element_type=\"widget\" data-widget_type=\"heading.default\">\n\t\t\t\t<div class=\"elementor-widget-container\">\n\t\t\t<h4 class=\"elementor-heading-title elementor-size-default\"><a href=\"https:\/\/www.folk-travel.com\/en\/lx-factory-cristo-rei\/\">The April 25th Bridge and Cristo Rey<\/a><\/h4>\t\t<\/div>\n\t\t\t\t<\/div>\n\t\t\t\t<div class=\"elementor-element elementor-element-45581c4 elementor-widget elementor-widget-image\" data-id=\"45581c4\" data-element_type=\"widget\" data-widget_type=\"image.default\">\n\t\t\t\t<div class=\"elementor-widget-container\">\n\t\t\t\t\t\t\t\t<div class=\"elementor-image\">\n\t\t\t\t\t\t\t\t\t\t\t\t\t<a href=\"https:\/\/www.folk-travel.com\/en\/lx-factory-cristo-rei\/\">\n\t\t\t\t\t\t\t<img src=\"https:\/\/www.folk-travel.com\/wp-content\/uploads\/elementor\/thumbs\/pont-25avril-lisbonne-cristo-ptui47ieu4vqzd9gxcmr1t43c6gwryxg6xj6vh2tv0.jpg\" title=\"pont-25avril-lisbonne-cristo-rei\" alt=\"pont du 25 avril \u00e0 Lisbonne depuis le Cristo Rei\" \/>\t\t\t\t\t\t\t\t<\/a>\n\t\t\t\t\t\t\t\t\t\t\t\t\t\t<\/div>\n\t\t\t\t\t\t<\/div>\n\t\t\t\t<\/div>\n\t\t\t\t\t\t<\/div>\n\t\t\t\t\t<\/div>\n\t\t<\/div>\n\t\t\t\t<div class=\"elementor-column elementor-col-33 elementor-top-column elementor-element elementor-element-8fe49f1 sc_layouts_column_icons_position_left\" data-id=\"8fe49f1\" data-element_type=\"column\">\n\t\t\t<div class=\"elementor-column-wrap elementor-element-populated\">\n\t\t\t\t\t\t\t<div class=\"elementor-widget-wrap\">\n\t\t\t\t\t\t<div class=\"elementor-element elementor-element-6b0b093 elementor-widget elementor-widget-heading\" data-id=\"6b0b093\" data-element_type=\"widget\" data-widget_type=\"heading.default\">\n\t\t\t\t<div class=\"elementor-widget-container\">\n\t\t\t<h4 class=\"elementor-heading-title elementor-size-default\"><a href=\"https:\/\/www.folk-travel.com\/en\/cascais-belem-what-to-do\/\">Cascais &amp; Bel\u00e9m in 1 day<\/a><\/h4>\t\t<\/div>\n\t\t\t\t<\/div>\n\t\t\t\t<div class=\"elementor-element elementor-element-e91be81 elementor-widget elementor-widget-image\" data-id=\"e91be81\" data-element_type=\"widget\" data-widget_type=\"image.default\">\n\t\t\t\t<div class=\"elementor-widget-container\">\n\t\t\t\t\t\t\t\t<div class=\"elementor-image\">\n\t\t\t\t\t\t\t\t\t\t\t\t\t<a href=\"https:\/\/www.folk-travel.com\/en\/cascais-belem-what-to-do\/\">\n\t\t\t\t\t\t\t<img src=\"https:\/\/www.folk-travel.com\/wp-content\/uploads\/elementor\/thumbs\/cafe-Pasteis-Belem-Lisbonne-ptui4f14ct61k8yjpfvrlr7s39fuhjravyr2poroh8.jpeg\" title=\"Pasteis-Belem-Lisbonne-cafe\" alt=\"p\u00e2tisserie Pasteis de nata dans le quartier Bel\u00e9m \u00e0 Lisbonne\" \/>\t\t\t\t\t\t\t\t<\/a>\n\t\t\t\t\t\t\t\t\t\t\t\t\t\t<\/div>\n\t\t\t\t\t\t<\/div>\n\t\t\t\t<\/div>\n\t\t\t\t\t\t<\/div>\n\t\t\t\t\t<\/div>\n\t\t<\/div>\n\t\t\t\t\t\t\t\t<\/div>\n\t\t\t\t\t<\/div>\n\t\t<\/section>\n\t\t\t\t<section class=\"elementor-section elementor-top-section elementor-element elementor-element-9909c74 elementor-section-boxed elementor-section-height-default elementor-section-height-default\" data-id=\"9909c74\" data-element_type=\"section\">\n\t\t\t\t\t\t<div class=\"elementor-container elementor-column-gap-extended\">\n\t\t\t\t\t\t\t<div class=\"elementor-row\">\n\t\t\t\t\t<div class=\"elementor-column elementor-col-100 elementor-top-column elementor-element elementor-element-82b1788 sc_layouts_column_icons_position_left\" data-id=\"82b1788\" data-element_type=\"column\">\n\t\t\t<div class=\"elementor-column-wrap elementor-element-populated\">\n\t\t\t\t\t\t\t<div class=\"elementor-widget-wrap\">\n\t\t\t\t\t\t<div class=\"elementor-element elementor-element-2832a06 elementor-widget elementor-widget-text-editor\" data-id=\"2832a06\" data-element_type=\"widget\" data-widget_type=\"text-editor.default\">\n\t\t\t\t<div class=\"elementor-widget-container\">\n\t\t\t\t\t\t\t\t<div class=\"elementor-text-editor elementor-clearfix\">\n\t\t\t\t<p>Pin this article on Pinterest<\/p>\t\t\t\t\t<\/div>\n\t\t\t\t\t\t<\/div>\n\t\t\t\t<\/div>\n\t\t\t\t\t\t<\/div>\n\t\t\t\t\t<\/div>\n\t\t<\/div>\n\t\t\t\t\t\t\t\t<\/div>\n\t\t\t\t\t<\/div>\n\t\t<\/section>\n\t\t\t\t<section class=\"elementor-section elementor-top-section elementor-element elementor-element-0724075 elementor-section-boxed elementor-section-height-default elementor-section-height-default\" data-id=\"0724075\" data-element_type=\"section\">\n\t\t\t\t\t\t<div class=\"elementor-container elementor-column-gap-extended\">\n\t\t\t\t\t\t\t<div class=\"elementor-row\">\n\t\t\t\t\t<div class=\"elementor-column elementor-col-100 elementor-top-column elementor-element elementor-element-89bf854 sc_layouts_column_icons_position_left\" data-id=\"89bf854\" data-element_type=\"column\">\n\t\t\t<div class=\"elementor-column-wrap elementor-element-populated\">\n\t\t\t\t\t\t\t<div class=\"elementor-widget-wrap\">\n\t\t\t\t\t\t<div class=\"elementor-element elementor-element-d3ffd4b jpibfi_container img elementor-widget elementor-widget-image\" data-id=\"d3ffd4b\" data-element_type=\"widget\" data-widget_type=\"image.default\">\n\t\t\t\t<div class=\"elementor-widget-container\">\n\t\t\t\t\t\t\t\t<div class=\"elementor-image\">\n\t\t\t\t\t\t\t\t\t\t\t\t<img src=\"https:\/\/www.folk-travel.com\/wp-content\/uploads\/elementor\/thumbs\/Weekend-Lisbonne-pinterest-ptui46kl9898xcpzmdc62gltnb5k61ere6o4huvt3c.png\" title=\"Week-end-Lisbonne\" alt=\"Weekend \u00e0 Lisbonne Pinterest\" \/>\t\t\t\t\t\t\t\t\t\t\t\t\t\t<\/div>\n\t\t\t\t\t\t<\/div>\n\t\t\t\t<\/div>\n\t\t\t\t\t\t<\/div>\n\t\t\t\t\t<\/div>\n\t\t<\/div>\n\t\t\t\t\t\t\t\t<\/div>\n\t\t\t\t\t<\/div>\n\t\t<\/section>\n\t\t\t\t<section class=\"elementor-section elementor-top-section elementor-element elementor-element-4c698bb elementor-section-boxed elementor-section-height-default elementor-section-height-default\" data-id=\"4c698bb\" data-element_type=\"section\">\n\t\t\t\t\t\t<div class=\"elementor-container elementor-column-gap-extended\">\n\t\t\t\t\t\t\t<div class=\"elementor-row\">\n\t\t\t\t\t<div class=\"elementor-column elementor-col-100 elementor-top-column elementor-element elementor-element-372da27 sc_layouts_column_icons_position_left\" data-id=\"372da27\" data-element_type=\"column\">\n\t\t\t<div class=\"elementor-column-wrap elementor-element-populated\">\n\t\t\t\t\t\t\t<div class=\"elementor-widget-wrap\">\n\t\t\t\t\t\t<div class=\"elementor-element elementor-element-6c15862 elementor-widget elementor-widget-template\" data-id=\"6c15862\" data-element_type=\"widget\" data-widget_type=\"template.default\">\n\t\t\t\t<div class=\"elementor-widget-container\">\n\t\t\t\t\t<div class=\"elementor-template\">\n\t\t\t\t\t<div data-elementor-type=\"section\" data-elementor-id=\"5097\" class=\"elementor elementor-5097\" data-elementor-settings=\"[]\">\n\t\t<div class=\"elementor-section-wrap\">\n\t\t\t\t\t<section class=\"elementor-section elementor-top-section elementor-element elementor-element-9f88506 elementor-section-content-top elementor-section-boxed elementor-section-height-default elementor-section-height-default\" data-id=\"9f88506\" data-element_type=\"section\" data-settings=\"{&quot;background_background&quot;:&quot;classic&quot;}\">\n\t\t\t\t\t\t<div class=\"elementor-container elementor-column-gap-no\">\n\t\t\t\t\t\t\t<div class=\"elementor-row\">\n\t\t\t\t\t<div class=\"elementor-column elementor-col-50 elementor-top-column elementor-element elementor-element-5532853 sc_layouts_column_icons_position_left\" data-id=\"5532853\" data-element_type=\"column\">\n\t\t\t<div class=\"elementor-column-wrap elementor-element-populated\">\n\t\t\t\t\t\t\t<div class=\"elementor-widget-wrap\">\n\t\t\t\t\t\t<div class=\"elementor-element elementor-element-b2588f8 elementor-widget elementor-widget-image\" data-id=\"b2588f8\" data-element_type=\"widget\" data-widget_type=\"image.default\">\n\t\t\t\t<div class=\"elementor-widget-container\">\n\t\t\t\t\t\t\t\t<div class=\"elementor-image\">\n\t\t\t\t\t\t\t\t\t\t\t\t<img width=\"150\" height=\"150\" src=\"https:\/\/www.folk-travel.com\/wp-content\/uploads\/2020\/07\/Xavier-Florence-couple-photographes-150x150.jpg\" class=\"attachment-thumbnail size-thumbnail\" alt=\"photo couple photographe\" loading=\"lazy\" srcset=\"https:\/\/www.folk-travel.com\/wp-content\/uploads\/2020\/07\/Xavier-Florence-couple-photographes-150x150.jpg 150w, https:\/\/www.folk-travel.com\/wp-content\/uploads\/2020\/07\/Xavier-Florence-couple-photographes-90x90.jpg 90w, https:\/\/www.folk-travel.com\/wp-content\/uploads\/2020\/07\/Xavier-Florence-couple-photographes-370x370.jpg 370w\" sizes=\"(max-width: 150px) 100vw, 150px\" \/>\t\t\t\t\t\t\t\t\t\t\t\t\t\t<\/div>\n\t\t\t\t\t\t<\/div>\n\t\t\t\t<\/div>\n\t\t\t\t<div class=\"elementor-element elementor-element-bcd2314 elementor-widget elementor-widget-template\" data-id=\"bcd2314\" data-element_type=\"widget\" data-widget_type=\"template.default\">\n\t\t\t\t<div class=\"elementor-widget-container\">\n\t\t\t\t\t<div class=\"elementor-template\">\n\t\t\t\t\t<div data-elementor-type=\"section\" data-elementor-id=\"5112\" class=\"elementor elementor-5112\" data-elementor-settings=\"[]\">\n\t\t<div class=\"elementor-section-wrap\">\n\t\t\t\t\t<section class=\"elementor-section elementor-top-section elementor-element elementor-element-3612ca8 elementor-section-boxed elementor-section-height-default elementor-section-height-default\" data-id=\"3612ca8\" data-element_type=\"section\">\n\t\t\t\t\t\t<div class=\"elementor-container elementor-column-gap-extended\">\n\t\t\t\t\t\t\t<div class=\"elementor-row\">\n\t\t\t\t\t<div class=\"elementor-column elementor-col-100 elementor-top-column elementor-element elementor-element-781524e sc_layouts_column_icons_position_left\" data-id=\"781524e\" data-element_type=\"column\">\n\t\t\t<div class=\"elementor-column-wrap elementor-element-populated\">\n\t\t\t\t\t\t\t<div class=\"elementor-widget-wrap\">\n\t\t\t\t\t\t<div class=\"elementor-element elementor-element-2500df2 elementor-widget elementor-widget-image\" data-id=\"2500df2\" data-element_type=\"widget\" data-widget_type=\"image.default\">\n\t\t\t\t<div class=\"elementor-widget-container\">\n\t\t\t\t\t\t\t\t<div class=\"elementor-image\">\n\t\t\t\t\t\t\t\t\t\t\t\t\t<a href=\"https:\/\/www.instagram.com\/flography33\" target=\"_blank\">\n\t\t\t\t\t\t\t<img src=\"https:\/\/www.folk-travel.com\/wp-content\/uploads\/elementor\/thumbs\/instagram-icon-black-logo-ptui3sgwhhzma3cm6e07xu3riga4ludv69j1oq3t3s.png\" title=\"compte Instagram\" alt=\"logo noir instagram\" \/>\t\t\t\t\t\t\t\t<\/a>\n\t\t\t\t\t\t\t\t\t\t\t\t\t\t<\/div>\n\t\t\t\t\t\t<\/div>\n\t\t\t\t<\/div>\n\t\t\t\t<div class=\"elementor-element elementor-element-a2c2d0d elementor-absolute elementor-widget elementor-widget-image\" data-id=\"a2c2d0d\" data-element_type=\"widget\" data-settings=\"{&quot;_position&quot;:&quot;absolute&quot;}\" data-widget_type=\"image.default\">\n\t\t\t\t<div class=\"elementor-widget-container\">\n\t\t\t\t\t\t\t\t<div class=\"elementor-image\">\n\t\t\t\t\t\t\t\t\t\t\t\t\t<a href=\"https:\/\/www.instagram.com\/xavierdigitalnomad\" target=\"_blank\">\n\t\t\t\t\t\t\t<img src=\"https:\/\/www.folk-travel.com\/wp-content\/uploads\/elementor\/thumbs\/instagram-icon-black-logo-ptui3sgwhhzma3cm6e07xu3riga4ludv69j1oq3t3s.png\" title=\"compte Instagram\" alt=\"logo noir instagram\" \/>\t\t\t\t\t\t\t\t<\/a>\n\t\t\t\t\t\t\t\t\t\t\t\t\t\t<\/div>\n\t\t\t\t\t\t<\/div>\n\t\t\t\t<\/div>\n\t\t\t\t\t\t<\/div>\n\t\t\t\t\t<\/div>\n\t\t<\/div>\n\t\t\t\t\t\t\t\t<\/div>\n\t\t\t\t\t<\/div>\n\t\t<\/section>\n\t\t\t\t<\/div>\n\t\t<\/div>\n\t\t\t\t<\/div>\n\t\t\t\t<\/div>\n\t\t\t\t<\/div>\n\t\t\t\t\t\t<\/div>\n\t\t\t\t\t<\/div>\n\t\t<\/div>\n\t\t\t\t<div class=\"elementor-column elementor-col-50 elementor-top-column elementor-element elementor-element-9f5d2a5 sc_layouts_column_icons_position_left\" data-id=\"9f5d2a5\" data-element_type=\"column\">\n\t\t\t<div class=\"elementor-column-wrap elementor-element-populated\">\n\t\t\t\t\t\t\t<div class=\"elementor-widget-wrap\">\n\t\t\t\t\t\t<div class=\"elementor-element elementor-element-40d123e elementor-widget elementor-widget-heading\" data-id=\"40d123e\" data-element_type=\"widget\" data-widget_type=\"heading.default\">\n\t\t\t\t<div class=\"elementor-widget-container\">\n\t\t\t<span class=\"elementor-heading-title elementor-size-default\"><a href=\"https:\/\/www.folk-travel.com\/en\/about-us\/\" target=\"_blank\">Florence & Xavier<\/a><\/span>\t\t<\/div>\n\t\t\t\t<\/div>\n\t\t\t\t<div class=\"elementor-element elementor-element-76167c4 elementor-widget elementor-widget-spacer\" data-id=\"76167c4\" data-element_type=\"widget\" data-widget_type=\"spacer.default\">\n\t\t\t\t<div class=\"elementor-widget-container\">\n\t\t\t\t\t<div class=\"elementor-spacer\">\n\t\t\t<div class=\"elementor-spacer-inner\"><\/div>\n\t\t<\/div>\n\t\t\t\t<\/div>\n\t\t\t\t<\/div>\n\t\t\t\t<div class=\"elementor-element elementor-element-5c47899 elementor-widget elementor-widget-text-editor\" data-id=\"5c47899\" data-element_type=\"widget\" data-widget_type=\"text-editor.default\">\n\t\t\t\t<div class=\"elementor-widget-container\">\n\t\t\t\t\t\t\t\t<div class=\"elementor-text-editor elementor-clearfix\">\n\t\t\t\t<p>Founders of Folk-Travel<\/p>\t\t\t\t\t<\/div>\n\t\t\t\t\t\t<\/div>\n\t\t\t\t<\/div>\n\t\t\t\t<div class=\"elementor-element elementor-element-b70fcb3 elementor-widget elementor-widget-text-editor\" data-id=\"b70fcb3\" data-element_type=\"widget\" data-widget_type=\"text-editor.default\">\n\t\t\t\t<div class=\"elementor-widget-container\">\n\t\t\t\t\t\t\t\t<div class=\"elementor-text-editor elementor-clearfix\">\n\t\t\t\t<p>\u26f0\ufe0f Globetrotters and landscape photographer. We had a passion in common when we met, that of great landscapes.\u00a0 It was enough for us to travel all over the world in search of the most beautiful photogenic spots. We take time for details, authenticity while remaining natural. Back from our road-trips we reveal our best places.<br>&nbsp;We take time for details and authenticity while remaining natural. Back from our road-trips we reveal our best places.<\/p>\t\t\t\t\t<\/div>\n\t\t\t\t\t\t<\/div>\n\t\t\t\t<\/div>\n\t\t\t\t<div class=\"elementor-element elementor-element-49b5f32 elementor-widget elementor-widget-text-editor\" data-id=\"49b5f32\" data-element_type=\"widget\" data-widget_type=\"text-editor.default\">\n\t\t\t\t<div class=\"elementor-widget-container\">\n\t\t\t\t\t\t\t\t<div class=\"elementor-text-editor elementor-clearfix\">\n\t\t\t\t<p>Article published on :\u00a0<\/p>\t\t\t\t\t<\/div>\n\t\t\t\t\t\t<\/div>\n\t\t\t\t<\/div>\n\t\t\t\t<div class=\"elementor-element elementor-element-0693bd2 elementor-widget elementor-widget-post-info\" data-id=\"0693bd2\" data-element_type=\"widget\" data-widget_type=\"post-info.default\">\n\t\t\t\t<div class=\"elementor-widget-container\">\n\t\t\t\t\t<ul class=\"elementor-inline-items elementor-icon-list-items elementor-post-info\">\n\t\t\t\t\t\t\t\t<li class=\"elementor-icon-list-item elementor-repeater-item-cdab7de elementor-inline-item\" =\"datePublished\">\n\t\t\t\t\t\t<a href=\"https:\/\/www.folk-travel.com\/en\/2020\/05\/10\">\n\t\t\t\t\t\t\t\t\t\t\t<span class=\"elementor-icon-list-icon\">\n\t\t\t\t\t\t\t\t<svg aria-hidden=\"true\" class=\"e-font-icon-svg\"><use xlink:href=\"#fas-calendar\" \/><\/svg>\t\t\t\t\t\t\t<\/span>\n\t\t\t\t\t\t\t\t\t<span class=\"elementor-icon-list-text elementor-post-info__item elementor-post-info__item--type-date\">\n\t\t\t\t\t\t\t\t\t\tMay 10, 2020\t\t\t\t\t<\/span>\n\t\t\t\t\t\t\t\t\t<\/a>\n\t\t\t\t<\/li>\n\t\t\t\t<li class=\"elementor-icon-list-item elementor-repeater-item-198aebd elementor-inline-item\">\n\t\t\t\t\t\t\t\t\t\t<span class=\"elementor-icon-list-icon\">\n\t\t\t\t\t\t\t\t<svg aria-hidden=\"true\" class=\"e-font-icon-svg\"><use xlink:href=\"#far-clock\" \/><\/svg>\t\t\t\t\t\t\t<\/span>\n\t\t\t\t\t\t\t\t\t<span class=\"elementor-icon-list-text elementor-post-info__item elementor-post-info__item--type-time\">\n\t\t\t\t\t\t\t\t\t\t14:48\t\t\t\t\t<\/span>\n\t\t\t\t\t\t\t\t<\/li>\n\t\t\t\t<li class=\"elementor-icon-list-item elementor-repeater-item-c167582 elementor-inline-item\" =\"commentCount\">\n\t\t\t\t\t\t<a href=\"https:\/\/www.folk-travel.com\/en\/visit-lisbon-what-to-do?noamp=mobile#comments\">\n\t\t\t\t\t\t\t\t\t\t\t<span class=\"elementor-icon-list-icon\">\n\t\t\t\t\t\t\t\t<svg aria-hidden=\"true\" class=\"e-font-icon-svg\"><use xlink:href=\"#far-comment-dots\" \/><\/svg>\t\t\t\t\t\t\t<\/span>\n\t\t\t\t\t\t\t\t\t<span class=\"elementor-icon-list-text elementor-post-info__item elementor-post-info__item--type-comments\">\n\t\t\t\t\t\t\t\t\t\tOne Comment\t\t\t\t\t<\/span>\n\t\t\t\t\t\t\t\t\t<\/a>\n\t\t\t\t<\/li>\n\t\t\t\t<\/ul>\n\t\t\t\t<\/div>\n\t\t\t\t<\/div>\n\t\t\t\t\t\t<\/div>\n\t\t\t\t\t<\/div>\n\t\t<\/div>\n\t\t\t\t\t\t\t\t<\/div>\n\t\t\t\t\t<\/div>\n\t\t<\/section>\n\t\t\t\t<section class=\"elementor-section elementor-top-section elementor-element elementor-element-0cfcd3c elementor-section-boxed elementor-section-height-default elementor-section-height-default\" data-id=\"0cfcd3c\" data-element_type=\"section\">\n\t\t\t\t\t\t<div class=\"elementor-container elementor-column-gap-extended\">\n\t\t\t\t\t\t\t<div class=\"elementor-row\">\n\t\t\t\t\t<div class=\"elementor-column elementor-col-50 elementor-top-column elementor-element elementor-element-87bc567 sc_layouts_column_icons_position_left\" data-id=\"87bc567\" data-element_type=\"column\">\n\t\t\t<div class=\"elementor-column-wrap\">\n\t\t\t\t\t\t\t<div class=\"elementor-widget-wrap\">\n\t\t\t\t\t\t\t\t<\/div>\n\t\t\t\t\t<\/div>\n\t\t<\/div>\n\t\t\t\t<div class=\"elementor-column elementor-col-50 elementor-top-column elementor-element elementor-element-eafb3cc sc_layouts_column_icons_position_left\" data-id=\"eafb3cc\" data-element_type=\"column\">\n\t\t\t<div class=\"elementor-column-wrap\">\n\t\t\t\t\t\t\t<div class=\"elementor-widget-wrap\">\n\t\t\t\t\t\t\t\t<\/div>\n\t\t\t\t\t<\/div>\n\t\t<\/div>\n\t\t\t\t\t\t\t\t<\/div>\n\t\t\t\t\t<\/div>\n\t\t<\/section>\n\t\t\t\t<\/div>\n\t\t<\/div>\n\t\t\t\t<\/div>\n\t\t\t\t<\/div>\n\t\t\t\t<\/div>\n\t\t\t\t\t\t<\/div>\n\t\t\t\t\t<\/div>\n\t\t<\/div>\n\t\t\t\t\t\t\t\t<\/div>\n\t\t\t\t\t<\/div>\n\t\t<\/section>\n\t\t\t\t\t\t<\/div>\n\t\t\t\t\t\t<\/div>\n\t\t\t\t\t<\/div>","protected":false},"excerpt":{"rendered":"<p>Visiter Lisbonne en 3 jours Lisbonne est la plus grande ville du Portugal r\u00e9parties sur sept collines. Vous devez donc vous pr\u00e9parer aux ruelles et&hellip;<\/p>","protected":false},"author":1,"featured_media":0,"comment_status":"open","ping_status":"open","sticky":false,"template":"","format":"standard","meta":[],"categories":[75],"tags":[120],"yoast_head":"<!-- This site is optimized with the Yoast SEO plugin v17.3 - https:\/\/yoast.com\/wordpress\/plugins\/seo\/ -->\n<title>Visiter Lisbonne et ses Alentours - Cascais, Praia da Ursa<\/title>\n<meta name=\"description\" content=\"On vous fait d\u00e9couvrir la capitale du Portugal , visiter Lisbonne ainsi que la Tour de B\u00e9lem, Cascais et la c\u00f4te Ouest \u00e0 travers notre road trip.\" \/>\n<meta name=\"robots\" content=\"index, follow, max-snippet:-1, max-image-preview:large, max-video-preview:-1\" \/>\n<link rel=\"canonical\" href=\"https:\/\/www.folk-travel.com\/en\/visit-lisbon-what-to-do\/\" \/>\n<meta property=\"og:locale\" content=\"en_US\" \/>\n<meta property=\"og:type\" content=\"article\" \/>\n<meta property=\"og:title\" content=\"Visiter Lisbonne et ses Alentours - Cascais, Praia da Ursa\" \/>\n<meta property=\"og:description\" content=\"On vous fait d\u00e9couvrir la capitale du Portugal , visiter Lisbonne ainsi que la Tour de B\u00e9lem, Cascais et la c\u00f4te Ouest \u00e0 travers notre road trip.\" \/>\n<meta property=\"og:url\" content=\"https:\/\/www.folk-travel.com\/en\/visit-lisbon-what-to-do\/\" \/>\n<meta property=\"og:site_name\" content=\"FOLK-TRAVEL : Blog du voyage populaire\" \/>\n<meta property=\"article:published_time\" content=\"2020-05-10T14:48:35+00:00\" \/>\n<meta property=\"article:modified_time\" content=\"2022-07-17T08:54:02+00:00\" \/>\n<meta property=\"og:image\" content=\"https:\/\/www.folk-travel.com\/wp-content\/uploads\/2020\/05\/carte-quartiers-Lisbonne-768x417.png\" \/>\n<meta name=\"twitter:card\" content=\"summary_large_image\" \/>\n<meta name=\"twitter:label1\" content=\"Written by\" \/>\n\t<meta name=\"twitter:data1\" content=\"Folk Travel\" \/>\n\t<meta name=\"twitter:label2\" content=\"Est. reading time\" \/>\n\t<meta name=\"twitter:data2\" content=\"26 minutes\" \/>\n<!-- \/ Yoast SEO plugin. -->","yoast_head_json":{"title":"Visiter Lisbonne et ses Alentours - Cascais, Praia da Ursa","description":"On vous fait d\u00e9couvrir la capitale du Portugal , visiter Lisbonne ainsi que la Tour de B\u00e9lem, Cascais et la c\u00f4te Ouest \u00e0 travers notre road trip.","robots":{"index":"index","follow":"follow","max-snippet":"max-snippet:-1","max-image-preview":"max-image-preview:large","max-video-preview":"max-video-preview:-1"},"canonical":"https:\/\/www.folk-travel.com\/en\/visit-lisbon-what-to-do\/","og_locale":"en_US","og_type":"article","og_title":"Visiter Lisbonne et ses Alentours - Cascais, Praia da Ursa","og_description":"On vous fait d\u00e9couvrir la capitale du Portugal , visiter Lisbonne ainsi que la Tour de B\u00e9lem, Cascais et la c\u00f4te Ouest \u00e0 travers notre road trip.","og_url":"https:\/\/www.folk-travel.com\/en\/visit-lisbon-what-to-do\/","og_site_name":"FOLK-TRAVEL : Blog du voyage populaire","article_published_time":"2020-05-10T14:48:35+00:00","article_modified_time":"2022-07-17T08:54:02+00:00","og_image":[{"url":"https:\/\/www.folk-travel.com\/wp-content\/uploads\/2020\/05\/carte-quartiers-Lisbonne-768x417.png"}],"twitter_card":"summary_large_image","twitter_misc":{"Written by":"Folk Travel","Est. reading time":"26 minutes"},"schema":{"@context":"https:\/\/schema.org","@graph":[{"@type":"WebSite","@id":"https:\/\/www.folk-travel.com\/#website","url":"https:\/\/www.folk-travel.com\/","name":"FOLK-TRAVEL : Blog du voyage populaire","description":"Voyageons autour du monde","publisher":{"@id":"https:\/\/www.folk-travel.com\/#\/schema\/person\/ee3201678fc1acb9e44c537d3af4d403"},"potentialAction":[{"@type":"SearchAction","target":{"@type":"EntryPoint","urlTemplate":"https:\/\/www.folk-travel.com\/?s={search_term_string}"},"query-input":"required name=search_term_string"}],"inLanguage":"en-US"},{"@type":"ImageObject","@id":"https:\/\/www.folk-travel.com\/visiter-lisbonne-que-faire#primaryimage","inLanguage":"en-US","url":"https:\/\/www.folk-travel.com\/wp-content\/uploads\/2020\/05\/carte-quartiers-Lisbonne.png","contentUrl":"https:\/\/www.folk-travel.com\/wp-content\/uploads\/2020\/05\/carte-quartiers-Lisbonne.png","width":800,"height":434,"caption":"carte des quartiers de Lisbonne"},{"@type":"WebPage","@id":"https:\/\/www.folk-travel.com\/visiter-lisbonne-que-faire#webpage","url":"https:\/\/www.folk-travel.com\/visiter-lisbonne-que-faire","name":"Visiter Lisbonne et ses Alentours - Cascais, Praia da Ursa","isPartOf":{"@id":"https:\/\/www.folk-travel.com\/#website"},"primaryImageOfPage":{"@id":"https:\/\/www.folk-travel.com\/visiter-lisbonne-que-faire#primaryimage"},"datePublished":"2020-05-10T14:48:35+00:00","dateModified":"2022-07-17T08:54:02+00:00","description":"On vous fait d\u00e9couvrir la capitale du Portugal , visiter Lisbonne ainsi que la Tour de B\u00e9lem, Cascais et la c\u00f4te Ouest \u00e0 travers notre road trip.","breadcrumb":{"@id":"https:\/\/www.folk-travel.com\/visiter-lisbonne-que-faire#breadcrumb"},"inLanguage":"en-US","potentialAction":[{"@type":"ReadAction","target":["https:\/\/www.folk-travel.com\/visiter-lisbonne-que-faire"]}]},{"@type":"BreadcrumbList","@id":"https:\/\/www.folk-travel.com\/visiter-lisbonne-que-faire#breadcrumb","itemListElement":[{"@type":"ListItem","position":1,"name":"Accueil","item":"https:\/\/www.folk-travel.com\/"},{"@type":"ListItem","position":2,"name":"visiter lisbonne"}]},{"@type":"Article","@id":"https:\/\/www.folk-travel.com\/visiter-lisbonne-que-faire#article","isPartOf":{"@id":"https:\/\/www.folk-travel.com\/visiter-lisbonne-que-faire#webpage"},"author":{"@id":"https:\/\/www.folk-travel.com\/#\/schema\/person\/ee3201678fc1acb9e44c537d3af4d403"},"headline":"visiter lisbonne","datePublished":"2020-05-10T14:48:35+00:00","dateModified":"2022-07-17T08:54:02+00:00","mainEntityOfPage":{"@id":"https:\/\/www.folk-travel.com\/visiter-lisbonne-que-faire#webpage"},"wordCount":2709,"commentCount":1,"publisher":{"@id":"https:\/\/www.folk-travel.com\/#\/schema\/person\/ee3201678fc1acb9e44c537d3af4d403"},"image":{"@id":"https:\/\/www.folk-travel.com\/visiter-lisbonne-que-faire#primaryimage"},"thumbnailUrl":"https:\/\/www.folk-travel.com\/wp-content\/uploads\/2020\/05\/carte-quartiers-Lisbonne-768x417.png","keywords":["portugal"],"articleSection":["Voyage"],"inLanguage":"en-US","potentialAction":[{"@type":"CommentAction","name":"Comment","target":["https:\/\/www.folk-travel.com\/visiter-lisbonne-que-faire#respond"]}]},{"@type":["Person","Organization"],"@id":"https:\/\/www.folk-travel.com\/#\/schema\/person\/ee3201678fc1acb9e44c537d3af4d403","name":"Folk Travel","image":{"@type":"ImageObject","@id":"https:\/\/www.folk-travel.com\/#personlogo","inLanguage":"en-US","url":"https:\/\/www.folk-travel.com\/wp-content\/uploads\/2020\/07\/Xavier-Florence-couple-photographes-scaled-e1636901092934.jpg","contentUrl":"https:\/\/www.folk-travel.com\/wp-content\/uploads\/2020\/07\/Xavier-Florence-couple-photographes-scaled-e1636901092934.jpg","caption":"Folk Travel"},"logo":{"@id":"https:\/\/www.folk-travel.com\/#personlogo"},"url":"https:\/\/www.folk-travel.com\/en\/author\/folktravel33"}]}},"amp_enabled":true,"_links":{"self":[{"href":"https:\/\/www.folk-travel.com\/en\/wp-json\/wp\/v2\/posts\/3892"}],"collection":[{"href":"https:\/\/www.folk-travel.com\/en\/wp-json\/wp\/v2\/posts"}],"about":[{"href":"https:\/\/www.folk-travel.com\/en\/wp-json\/wp\/v2\/types\/post"}],"author":[{"embeddable":true,"href":"https:\/\/www.folk-travel.com\/en\/wp-json\/wp\/v2\/users\/1"}],"replies":[{"embeddable":true,"href":"https:\/\/www.folk-travel.com\/en\/wp-json\/wp\/v2\/comments?post=3892"}],"version-history":[{"count":15,"href":"https:\/\/www.folk-travel.com\/en\/wp-json\/wp\/v2\/posts\/3892\/revisions"}],"predecessor-version":[{"id":6541,"href":"https:\/\/www.folk-travel.com\/en\/wp-json\/wp\/v2\/posts\/3892\/revisions\/6541"}],"wp:attachment":[{"href":"https:\/\/www.folk-travel.com\/en\/wp-json\/wp\/v2\/media?parent=3892"}],"wp:term":[{"taxonomy":"category","embeddable":true,"href":"https:\/\/www.folk-travel.com\/en\/wp-json\/wp\/v2\/categories?post=3892"},{"taxonomy":"post_tag","embeddable":true,"href":"https:\/\/www.folk-travel.com\/en\/wp-json\/wp\/v2\/tags?post=3892"}],"curies":[{"name":"wp","href":"https:\/\/api.w.org\/{rel}","templated":true}]}}